{"id":1094,"date":"2009-05-18T17:06:40","date_gmt":"2009-05-18T16:06:40","guid":{"rendered":"http:\/\/www.lasalsavive.org\/portale\/?p=1094"},"modified":"2026-07-25T09:45:45","modified_gmt":"2026-07-25T08:45:45","slug":"cano-estremera-e-bobby-valentin-di-nuovo-insieme","status":"publish","type":"post","link":"https:\/\/www.lasalsavive.org\/portale\/2009\/05\/18\/cano-estremera-e-bobby-valentin-di-nuovo-insieme\/","title":{"rendered":"Cano Estremera e Bobby Valentin di nuovo insieme?"},"content":{"rendered":"\n<p class=\"wp-block-paragraph\"><strong>di Jaime Torres Torres<\/strong><\/p>\n\n\n\n<figure class=\"wp-block-image size-full\"><img loading=\"lazy\" decoding=\"async\" width=\"215\" height=\"322\" src=\"https:\/\/www.lasalsavive.org\/portale\/wp-content\/uploads\/2009\/05\/estremera.jpg\" alt=\"Cano Estremera\" class=\"wp-image-13916\" srcset=\"https:\/\/www.lasalsavive.org\/portale\/wp-content\/uploads\/2009\/05\/estremera.jpg 215w, https:\/\/www.lasalsavive.org\/portale\/wp-content\/uploads\/2009\/05\/estremera-200x300.jpg 200w\" sizes=\"auto, (max-width: 215px) 100vw, 215px\" \/><\/figure>\n\n\n\n<p class=\"wp-block-paragraph\">&#8220;El Due\u00f1o del Soneo&#8221; (Il padrone del Soneo) ed el &#8220;Rey del Bajo&#8221; (il Re del Basso) si sono trovati per parlare della loro riunione per un concerto e la produzione di un disco.<\/p>\n\n\n\n<p class=\"wp-block-paragraph\"><strong>Bobby Valentin<\/strong>&nbsp;e&nbsp;<strong>Carlos &#8220;Cano&#8221; Estremera<\/strong>&nbsp;nonostante non si siano ancora stretti la mano per formalizzare la loro collaborazione per la realizzazione del concerto che vorrebbero fare quest&#8217;anno, presso il Colosseo di Porto Rico Jos\u00e9 Miguel Agrelot, hanno concordato che la loro unione \u00e8 imminente e si profila come l&#8217;evento necessario per rilanciare la salsa.<\/p>\n\n\n\n<p class=\"wp-block-paragraph\">&#8220;Spero che ci siano le condizioni, dato che potrebbe essere una buona possibilit\u00e0 per il rilancio di questo genere. Si tratta di un invito. Intendiamo animare la parte tradizionale del genere. Il nostro successo \u00e8 basato sulla qualit\u00e0 del prodotto. Se ci penso mi sorprendo di come sia stato possibile arrivare verso mercati esteri come Colombia e Panama, senza alcun appoggio da parte della logistica aziendale internazionale.&#8221; ha detto Estremera dalla California, dove si \u00e8 recato lo scorso fine settimana a suonare nel club di San Francisco e Roccapulco Proud Bird a Los Angeles.<\/p>\n\n\n\n<p class=\"wp-block-paragraph\">Il tempo non si pu\u00f2 fermare, e prima o poi, gli interpreti de \u201cLa boda de ella\u201d dovranno riunirsi, come aveva affermato la &#8220;Promotores Latinos&#8221; oltre un decennio fa.<br \/>&#8220;E &#8216;un incontro che il pubblico vuole vedere, come quelli fra Harlow e Miranda, Andy, Palmieri e Quintana con El Gran Combo. A me come produttore discografico interessa registrarlo. Abbiamo parlato di farlo non solo a Portorico, ma anche nel Centro e Sud America e in varie citt\u00e0 degli Stati Uniti. Possibilmente quest&#8217;anno a ottobre o novembre&#8221;, ha detto Valentin.<\/p>\n\n\n\n<p class=\"wp-block-paragraph\">Gli accordi tra Bobby Valentin e Cano Estremera includono il concerto, un album dal vivo, un altro registrato in studio, un DVD e una serie di concerti in Per\u00f9, Venezuela, Panama e New York.<\/p>\n\n\n\n<p class=\"wp-block-paragraph\">Gli artisti si incontreranno alla fine di giugno per coordinare il piano di lavoro. Nonostante le loro differenze, parlano e lavorano insieme in armonia.<\/p>\n\n\n\n<p class=\"wp-block-paragraph\">&#8220;Abbiamo deciso di fare piazza pulita delle incomprensioni perch\u00e9 \u00e8 meglio ricordare i risultati positivi che abbiamo ottenuto in campo musicale e cancellare gli aspetti negativi. Questo \u00e8 positivo per entrambi&#8221; ha detto Valentin.<\/p>\n\n\n\n<p class=\"wp-block-paragraph\">Il Re del Basso conserva nel suo archivio gli arrangiamenti di canzoni come: \u201cLa boda de ella\u201d, \u201cManuel Garc\u00eda\u201d, \u201cEl mu\u00f1eco de la ciudad\u201d, \u201cEl caim\u00e1n\u201d, \u201cCanta mi gallo\u201d, \u201cSi me caso mejoro\u201d, \u201cEl compromiso\u201d, \u201cLa novia autom\u00e1tica\u201d, \u201cLa gringa\u201d e altri successi.<\/p>\n\n\n\n<figure class=\"wp-block-embed is-type-video is-provider-youtube wp-block-embed-youtube wp-embed-aspect-4-3 wp-has-aspect-ratio\"><div class=\"wp-block-embed__wrapper\">\n<iframe loading=\"lazy\" title=\"Bobby Valentin, canta Cano Estremera - Canta Mi Gallo\" width=\"640\" height=\"480\" src=\"https:\/\/www.youtube.com\/embed\/azIM-HaMng4?feature=oembed\" frameborder=\"0\" allow=\"accelerometer; autoplay; clipboard-write; encrypted-media; gyroscope; picture-in-picture; web-share\" referrerpolicy=\"strict-origin-when-cross-origin\" allowfullscreen><\/iframe>\n<\/div><\/figure>\n\n\n\n<p class=\"wp-block-paragraph\"><sup data-fn=\"16f7108c-7a9e-42a2-af97-1ec04ab3e842\" class=\"fn\"><a href=\"#16f7108c-7a9e-42a2-af97-1ec04ab3e842\" id=\"16f7108c-7a9e-42a2-af97-1ec04ab3e842-link\">1<\/a><\/sup><strong>Bobby Valentin, canta Cano Estremera &#8211; Canta Mi Gallo<\/strong><\/p>\n\n\n\n<figure class=\"wp-block-embed is-type-video is-provider-youtube wp-block-embed-youtube wp-embed-aspect-4-3 wp-has-aspect-ratio\"><div class=\"wp-block-embed__wrapper\">\n<iframe loading=\"lazy\" title=\"BOBBY VALENTIN CANTA EL &quot;CANO&quot;. &quot;EL CAIMAN&quot;.\" width=\"640\" height=\"480\" src=\"https:\/\/www.youtube.com\/embed\/YfWDCQ6B7DQ?feature=oembed\" frameborder=\"0\" allow=\"accelerometer; autoplay; clipboard-write; encrypted-media; gyroscope; picture-in-picture; web-share\" referrerpolicy=\"strict-origin-when-cross-origin\" allowfullscreen><\/iframe>\n<\/div><\/figure>\n\n\n\n<p class=\"wp-block-paragraph\"><sup data-fn=\"c57d81c6-3292-47ab-b0b3-cc3c14487164\" class=\"fn\"><a href=\"#c57d81c6-3292-47ab-b0b3-cc3c14487164\" id=\"c57d81c6-3292-47ab-b0b3-cc3c14487164-link\">2<\/a><\/sup><strong>Bobby Valentin, canta Cano Estremera &#8211; El caim\u00e1n<\/strong><\/p>\n\n\n\n<p class=\"wp-block-paragraph\">&#8220;La mia famiglia, mia moglie ed i miei figli mi hanno detto che \u00e8 un bene che si sia fatto, che \u00e8 molto positivo e che dobbiamo lasciare le differenze da una parte perch\u00e8 abbiamo il desiderio e l&#8217;energia per farlo&#8221;, ha detto Valentin, che custodisce gelosamente diverse canzoni inedite per Cano.<\/p>\n\n\n\n<p class=\"wp-block-paragraph\">Al sonero albino, l&#8217;orgoglio della zona residenziale Fray Bartolom\u00e9 de las Casas nel Barrio Obrero, l&#8217;idea di riprendere la sua carriera con Valentin (che si estese dal 1978 al 1982) lo esalta.<\/p>\n\n\n\n<p class=\"wp-block-paragraph\">&#8220;Io sono disposto a fare l&#8217;evento perch\u00e9 non dobbiamo continuare a rinviarlo. Vorrei andare al di l\u00e0 dei rancori personali che ci sono stati nel farlo. Dobbiamo lavorare, non essere amici. E sar\u00e0 Cano con l&#8217;orchestra di Bobby Valentin, senza altri cantanti invitati &#8220;, ha detto il sonero.<\/p>\n\n\n\n<p class=\"wp-block-paragraph\">Estremera prese il posto di&nbsp;<strong>Luigi Texidor<\/strong>&nbsp;nella banda di Valentin, che pianificava il suo lancio come solista per la sua etichetta Bronco dopo l&#8217;uscita dell&#8217;LP \u201cEn acci\u00f3n\u201d.<\/p>\n\n\n\n<p class=\"wp-block-paragraph\">I termini per\u00f2 non convinsero Estremera che scelse di lasciare il suo maestro in modo non molto amichevole.<\/p>\n\n\n\n<p class=\"wp-block-paragraph\">Fonte elnuevodia.com<\/p>\n\n\n\n<h3 class=\"wp-block-heading\"><span><i class=\"fas fa-arrow-right\"><\/i><\/span>Espa\u00f1ol <\/h3>\n\n\n\n<h1 class=\"wp-block-heading\"><span><i class=\"fas fa-arrow-right\"><\/i><\/span><strong>\u00bfCano Estremera y Bobby Valent\u00edn juntos de nuevo?<\/strong><a rel=\"noreferrer noopener\" target=\"_blank\" href=\"https:\/\/elrincondelamelodia.com\/carlos-cano-estremera-1958-2020\/\"><\/a> <\/h1>\n\n\n\n<p class=\"wp-block-paragraph\"><strong>Por Jaime Torres Torres<\/strong><\/p>\n\n\n\n<figure class=\"wp-block-image size-full\"><img loading=\"lazy\" decoding=\"async\" width=\"215\" height=\"322\" src=\"https:\/\/www.lasalsavive.org\/portale\/wp-content\/uploads\/2009\/05\/estremera.jpg\" alt=\"Cano Estremera\" class=\"wp-image-13916\" srcset=\"https:\/\/www.lasalsavive.org\/portale\/wp-content\/uploads\/2009\/05\/estremera.jpg 215w, https:\/\/www.lasalsavive.org\/portale\/wp-content\/uploads\/2009\/05\/estremera-200x300.jpg 200w\" sizes=\"auto, (max-width: 215px) 100vw, 215px\" \/><\/figure>\n\n\n\n<p class=\"wp-block-paragraph\">El Due\u00f1o del Soneo y el Rey del Bajo ya conversan sobre su reuni\u00f3n en un  concierto y la producci\u00f3n de un disco.<\/p>\n\n\n\n<p class=\"wp-block-paragraph\">Bobby Valent\u00edn y Carlos \u201cCano\u201d Estremera a\u00fan no se han estrechado las  manos para formalizar su sociedad en la producci\u00f3n del concierto que  esperan celebrar este a\u00f1o en el Coliseo de Puerto Rico Jos\u00e9 Miguel  Agrelot.<\/p>\n\n\n\n<p class=\"wp-block-paragraph\">Ambos, sin embargo, coincidieron en que su junte es inminente y perfila  como el evento que se necesita para levantar la salsa.<br \/>\n\u201cEspero que se den las condiciones y ser\u00eda una buena base para que el  g\u00e9nero vuelva a despertar. Es una cuesti\u00f3n de convocatoria. Vamos a  animar la parte tradicional de lo que es el g\u00e9nero. Nuestro \u00e9xito fue a  base de la calidad del producto. Cuando lo analizo es incre\u00edble  porque sin log\u00edstica corporativa internacional llegamos a otros  mercados, como Cali, en Colombia y Panam\u00e1\u201d, dijo Estremera desde  California, a donde viaj\u00f3 el pasado fin de semana para tocar en los  clubes Roccapulco de San Francisco y Proud Bird en Los \u00c1ngeles.<\/p>\n\n\n\n<p class=\"wp-block-paragraph\">El tiempo no se detiene y, tarde o temprano, los int\u00e9rpretes de \u201cLa boda  de ella\u201d se deb\u00edan reunir, como lo cristaliz\u00f3 Promotores Latinos  hace m\u00e1s de una d\u00e9cada.<\/p>\n\n\n\n<p class=\"wp-block-paragraph\">\u201cEs un encuentro que el p\u00fablico quiere ver, como los de Harlow y  Miranda, Palmieri y Quintana y Andy con El Gran Combo. A m\u00ed, como  disquero, me interesa grabarlo. Hemos hablado de hacerlo no s\u00f3lo en  Puerto Rico, sino en Centro, Suram\u00e9rica y varias ciudades de Estados  Unidos. De hacerse este a\u00f1o, ser\u00eda para octubre o noviembre\u201d, indic\u00f3  Valent\u00edn.<\/p>\n\n\n\n<p class=\"wp-block-paragraph\">La negociaci\u00f3n entre el Due\u00f1o del Soneo y el Rey del Bajo incluir\u00eda el  concierto, un disco en vivo, otro de estudio, un DVD y una serie de  presentaciones por Per\u00fa, Venezuela, Panam\u00e1 y Nueva York.<\/p>\n\n\n\n<p class=\"wp-block-paragraph\">Los artistas se reunir\u00e1n a finales de junio para coordinar su plan de  trabajo. A pesar de sus diferencias y asperezas, conversar\u00e1n y  colaborar\u00e1n en armon\u00eda.<\/p>\n\n\n\n<p class=\"wp-block-paragraph\">\u201cSer\u00e1 borr\u00f3n y cuenta nueva porque mejor es recordar lo positivo que  hubo en lo musical. Los tragos amargos no los debemos mencionar. Esto  debe ser beneficioso para ambos\u201d, sostuvo Valent\u00edn.<\/p>\n\n\n\n<p class=\"wp-block-paragraph\">El Rey del Bajo conserva en su archivo los arreglos de \u201cLa boda de  ella\u201d, \u201cManuel Garc\u00eda\u201d, \u201cEl mu\u00f1eco de la ciudad\u201d, \u201cEl caim\u00e1n\u201d, \u201cCanta  mi gallo\u201d, \u201cSi me caso mejoro\u201d, \u201cEl compromiso\u201d, \u201cLa novia autom\u00e1tica\u201d,  \u201cLa gringa\u201d y otros \u00e9xitos.<\/p>\n\n\n\n<figure class=\"wp-block-embed is-type-video is-provider-youtube wp-block-embed-youtube wp-embed-aspect-4-3 wp-has-aspect-ratio\"><div class=\"wp-block-embed__wrapper\">\n<iframe loading=\"lazy\" title=\"Bobby Valentin, canta Cano Estremera - Canta Mi Gallo\" width=\"640\" height=\"480\" src=\"https:\/\/www.youtube.com\/embed\/azIM-HaMng4?feature=oembed\" frameborder=\"0\" allow=\"accelerometer; autoplay; clipboard-write; encrypted-media; gyroscope; picture-in-picture; web-share\" referrerpolicy=\"strict-origin-when-cross-origin\" allowfullscreen><\/iframe>\n<\/div><figcaption class=\"wp-element-caption\">Cano Estremera &#8211; Canta mi gallo<\/figcaption><\/figure>\n\n\n\n<figure class=\"wp-block-embed is-type-video is-provider-youtube wp-block-embed-youtube wp-embed-aspect-4-3 wp-has-aspect-ratio\"><div class=\"wp-block-embed__wrapper\">\n<iframe loading=\"lazy\" title=\"BOBBY VALENTIN CANTA EL &quot;CANO&quot;. &quot;EL CAIMAN&quot;.\" width=\"640\" height=\"480\" src=\"https:\/\/www.youtube.com\/embed\/YfWDCQ6B7DQ?feature=oembed\" frameborder=\"0\" allow=\"accelerometer; autoplay; clipboard-write; encrypted-media; gyroscope; picture-in-picture; web-share\" referrerpolicy=\"strict-origin-when-cross-origin\" allowfullscreen><\/iframe>\n<\/div><figcaption class=\"wp-element-caption\">Cano Estremera &#8211; El Caiman<\/figcaption><\/figure>\n\n\n\n<p class=\"wp-block-paragraph\">\u201cMi familia, mi esposa y mis hijos me ha dicho que es bueno que se haga,  que es muy positivo y debemos dejar las diferencias a un lado  porque tenemos el deseo de hacerlo y las energ\u00edas\u201d, a\u00f1adi\u00f3 Valent\u00edn,  quien guarda con celo varias canciones in\u00e9ditas para el Cano. Al sonero albino, orgullo del residencial Fray Bartolom\u00e9 de las Casas en  Barrio Obrero, le ilusiona la idea de retomar su carrera con  Valent\u00edn, que se extendi\u00f3 de 1978 a 1982.<\/p>\n\n\n\n<p class=\"wp-block-paragraph\">\u201cEstoy dispuesto a hacer el evento porque uno no debe seguir posponiendo  esto. Yo ir\u00eda por encima de la rencilla personal que hubo para  hacerlo. Vamos a trabajar, no a ser amigos. Y ser\u00e1 Cano con la orquesta  de Bobby Valent\u00edn, sin otros cantantes invitados\u201d, dijo el sonero.<br \/>\nEstremera sustituy\u00f3 a Luigi Texidor en la banda de Valent\u00edn, quien  planificaba su lanzamiento como solista con su sello Bronco despu\u00e9s de  la edici\u00f3n del elep\u00e9 \u201cEn acci\u00f3n\u201d.<\/p>\n\n\n\n<p class=\"wp-block-paragraph\">Los t\u00e9rminos no convencieron a Estremera, quien opt\u00f3 por separarse de su  maestro de manera poco amigable.<\/p>\n\n\n\n<p class=\"wp-block-paragraph\">Fuente elnuevodia.com<\/p>\n\n\n<ol class=\"wp-block-footnotes\"><li id=\"16f7108c-7a9e-42a2-af97-1ec04ab3e842\"> <a href=\"#16f7108c-7a9e-42a2-af97-1ec04ab3e842-link\" aria-label=\"Salta al riferimento nella nota a pi\u00e8 di pagina 1\">\u21a9\ufe0e<\/a><\/li><li id=\"c57d81c6-3292-47ab-b0b3-cc3c14487164\"> <a href=\"#c57d81c6-3292-47ab-b0b3-cc3c14487164-link\" aria-label=\"Salta al riferimento nella nota a pi\u00e8 di pagina 2\">\u21a9\ufe0e<\/a><\/li><\/ol>","protected":false},"excerpt":{"rendered":"<p><img decoding=\"async\" src=\"http:\/\/www.lasalsavive.com\/portale\/pagine\/news\/immagini\/estremera.jpg\" alt=\"\" \/><br \/>\n<strong>Cano  Estremera<\/strong><\/p>\n<div>&#8220;El Due\u00f1o del Soneo&#8221; (Il padrone del Soneo) ed el &#8220;Rey del Bajo&#8221; (il Re  del Basso) si sono trovati per parlare della loro riunione per un  concerto e la produzione di un disco.<\/p>\n<\/div>\n","protected":false},"author":1,"featured_media":0,"comment_status":"open","ping_status":"open","sticky":false,"template":"","format":"standard","meta":{"footnotes":"[{\"content\":\"\",\"id\":\"16f7108c-7a9e-42a2-af97-1ec04ab3e842\"},{\"content\":\"\",\"id\":\"c57d81c6-3292-47ab-b0b3-cc3c14487164\"}]"},"categories":[427],"tags":[176,567],"class_list":["post-1094","post","type-post","status-publish","format-standard","hentry","category-news","tag-bobby-valentin","tag-cano-estremera"],"_links":{"self":[{"href":"https:\/\/www.lasalsavive.org\/portale\/wp-json\/wp\/v2\/posts\/1094","targetHints":{"allow":["GET"]}}],"collection":[{"href":"https:\/\/www.lasalsavive.org\/portale\/wp-json\/wp\/v2\/posts"}],"about":[{"href":"https:\/\/www.lasalsavive.org\/portale\/wp-json\/wp\/v2\/types\/post"}],"author":[{"embeddable":true,"href":"https:\/\/www.lasalsavive.org\/portale\/wp-json\/wp\/v2\/users\/1"}],"replies":[{"embeddable":true,"href":"https:\/\/www.lasalsavive.org\/portale\/wp-json\/wp\/v2\/comments?post=1094"}],"version-history":[{"count":14,"href":"https:\/\/www.lasalsavive.org\/portale\/wp-json\/wp\/v2\/posts\/1094\/revisions"}],"predecessor-version":[{"id":13927,"href":"https:\/\/www.lasalsavive.org\/portale\/wp-json\/wp\/v2\/posts\/1094\/revisions\/13927"}],"wp:attachment":[{"href":"https:\/\/www.lasalsavive.org\/portale\/wp-json\/wp\/v2\/media?parent=1094"}],"wp:term":[{"taxonomy":"category","embeddable":true,"href":"https:\/\/www.lasalsavive.org\/portale\/wp-json\/wp\/v2\/categories?post=1094"},{"taxonomy":"post_tag","embeddable":true,"href":"https:\/\/www.lasalsavive.org\/portale\/wp-json\/wp\/v2\/tags?post=1094"}],"curies":[{"name":"wp","href":"https:\/\/api.w.org\/{rel}","templated":true}]}}