{"id":1116,"date":"2009-07-16T11:06:46","date_gmt":"2009-07-16T10:06:46","guid":{"rendered":"http:\/\/www.lasalsavive.org\/portale\/?p=1116"},"modified":"2012-02-18T11:09:47","modified_gmt":"2012-02-18T10:09:47","slug":"gloria-estefan-in-concerto-a-milano-il-ritorno-in-italia-dopo-13-anni","status":"publish","type":"post","link":"https:\/\/www.lasalsavive.org\/portale\/2009\/07\/16\/gloria-estefan-in-concerto-a-milano-il-ritorno-in-italia-dopo-13-anni\/","title":{"rendered":"Gloria Estefan in concerto a Milano. Il ritorno in Italia dopo 13 anni"},"content":{"rendered":"<p>La cantante sar\u00e0 accompagnata sul palco del Forum di assago anche dalla  figlia di 14 anni. Il sogno resta di poter suonare nella &#8216;sua&#8217; Cuba, ma  solo quando non ci sar\u00e0 pi\u00f9 il regime.<\/p>\n<p><strong>16 Luglio 2009<\/strong><\/p>\n<p><img decoding=\"async\" src=\"http:\/\/www.lasalsavive.com\/portale\/pagine\/news\/immagini\/estefan.jpg\" alt=\"\" width=\"360\" \/><\/p>\n<p><strong>Foto tratta da Latino Americando Expo<\/strong><\/p>\n<p>Tredici anni lontana da Milano, ora felice di tornarci, nell&#8217;unica data  italiana al Forum di Assago questa sera (ore 21.30, info 199301071) per  Latinoamericando.<br \/>\nE quando le si chiede perch\u00e9 \u00e8 mancata per cos\u00ec tanto, Gloria Estefan  regala la risposta pi\u00f9 normale, ma anche pi\u00f9 imprevedibile, trattandosi  di una popstar di livello mondiale, con alle spalle 24 album, 70 milioni  di dischi venduti, due Grammy Award e un Latin Grammy Award vinti:  \u00abDovevo pensare alla famiglia. Mia figlia Emily oggi ha quattordici  anni, dovevo allevarla, e ho una mamma anziana. Ho quindi scelto sempre  con cura i miei appuntamenti. Recentemente ho anche coronato il sogno di  poter duettare con uno dei miei idoli di sempre, <strong>Carole King<\/strong>. \u00c9  stato magico\u00bb.<\/p>\n<p>Questo \u00e8 anche il motivo per cui Gloria Estefan &#8211; con il suo World Tour  2009 (un \u00abmonster tour\u00bb, come lo chiama lei) &#8211; d\u00e0 l&#8217;addio al  palcoscenico. O meglio, agli interminabili tour mondiali. \u00abD&#8217;ora in  avanti, solo cose speciali che sento di dare a me stessa e al mio  pubblico, dopo una vita di duri sacrifici&#8221;\u00bb E poi, prendendo a spallate  tutto un mondo di showbiz, lustrini e riflettori puntati, la cantante di  origini cubane se ne esce con un \u00abd&#8217;altronde a cosa serve il successo  se non per dare solidit\u00e0 alla famiglia, o costruirne una? Per noi la  famiglia \u00e8 tutto\u00bb.<\/p>\n<p><object width=\"445\" height=\"364\"><param name=\"movie\" value=\"http:\/\/www.youtube.com\/v\/f_JXc1Yoh70&amp;hl=it&amp;fs=1&amp;color1=0xe1600f&amp;color2=0xfebd01&amp;border=1\" \/><param name=\"allowFullScreen\" value=\"true\" \/><param name=\"allowscriptaccess\" value=\"always\" \/><embed type=\"application\/x-shockwave-flash\" width=\"445\" height=\"364\" src=\"http:\/\/www.youtube.com\/v\/f_JXc1Yoh70&amp;hl=it&amp;fs=1&amp;color1=0xe1600f&amp;color2=0xfebd01&amp;border=1\" allowscriptaccess=\"always\" allowfullscreen=\"true\"><\/embed><\/object><\/p>\n<p>Vestita di bianco, in cima a un paio di tacchi che vorrebbero dribblare  la non eccelsa altezza, Gloria Estefan si \u00e8 presentata ieri mattina a  Palazzo Marino, dove ha ricevuto dalle mani dell&#8217;assessore agli Eventi  Giovanni Terzi una pergamena di riconoscimento \u00abper aver saputo con la  sua arte descrivere, integrare e unire culture e popoli diversi\u00bb. La  star \u00e8 apparsa fedele alle sue parole: una donna dei Caraibi spontanea e  determinata, affiancata dall&#8217;immancabile marito (ex dei Miami Sound  Machine) <strong>Emilio Estefan<\/strong>.<br \/>\nE a proposito di famiglia, la Estefan ha annunciato la presenza sul  palco questa sera della giovane figlia Emily: \u00ab\u00c9 lei il vero talento di  famiglia. Ha gi\u00e0 suonato a Houston, Texas, con <strong>Carlos Santana<\/strong>. A  sette anni suonava la batteria, a dodici si \u00e8 buttata sulla chitarra,  oggi fa cose che io ci ho messo dieci anni per fare. Non ha timore di  nulla\u00bb. Nello show di stasera non mancheranno i rimandi alla terra  natale di Gloria, quella Cuba che, all&#8217;et\u00e0 di un anno, la futura popstar  dovette abbandonare all&#8217;avvento del regime castrista, per andare a  vivere libera negli Stati Uniti.<br \/>\nSu Cuba la Estefan parla col cuore: \u00abIl mio sogno resta un concerto a  Cuba il giorno dopo che l&#8217;isola avr\u00e0 partecipato a libere elezioni.  L&#8217;avvento di Raul Castro? Non cambia nulla: manca la libert\u00e0  d&#8217;espressione, ci sono prigionieri di coscienza, e le piccole libert\u00e0  concesse non sono praticabili: che se ne fa il cubano del permesso di  avere un computer se non avr\u00e0 mai i soldi per acquistarlo?\u00bb.<br \/>\nAggiunge il marito Emilio: \u00abIn Europa, purtroppo, manca una reale  percezione sul dramma di Cuba: il \u201cChe\u201c \u00e8 un fenomeno di moda, che  finisce sulle magliette. Per molti cubani lui era uno che ammazzava la  gente, un terrorista\u00bb. Infine, uno sguardo al futuro: l&#8217;assessore Terzi  annuncia un progetto che &#8211; per il ventennale del Latinoamericando &#8211;  dovrebbe vedere una data a San Siro, con alcune delle star pi\u00f9  rappresentative dell&#8217;universo latino. Lei, Gloria, assicura due album  prossimi venturi: \u00abUno di canzoni natalizie, con una serie di duetti nei  quali vorrei coinvolgere anche Laura Pausini. E un album di inediti nel  2010\u00bb.<\/p>\n<p>Fonte: Il Giornale<\/p>\n","protected":false},"excerpt":{"rendered":"<p>La cantante sar\u00e0 accompagnata sul palco del Forum di assago anche dalla figlia di 14&#8230;<\/p>\n","protected":false},"author":1,"featured_media":2782,"comment_status":"open","ping_status":"open","sticky":false,"template":"","format":"standard","meta":{"footnotes":""},"categories":[427],"tags":[575],"class_list":["post-1116","post","type-post","status-publish","format-standard","has-post-thumbnail","hentry","category-news","tag-gloria-estefan-ritorna-in-italia-dopo-13-anni"],"_links":{"self":[{"href":"https:\/\/www.lasalsavive.org\/portale\/wp-json\/wp\/v2\/posts\/1116","targetHints":{"allow":["GET"]}}],"collection":[{"href":"https:\/\/www.lasalsavive.org\/portale\/wp-json\/wp\/v2\/posts"}],"about":[{"href":"https:\/\/www.lasalsavive.org\/portale\/wp-json\/wp\/v2\/types\/post"}],"author":[{"embeddable":true,"href":"https:\/\/www.lasalsavive.org\/portale\/wp-json\/wp\/v2\/users\/1"}],"replies":[{"embeddable":true,"href":"https:\/\/www.lasalsavive.org\/portale\/wp-json\/wp\/v2\/comments?post=1116"}],"version-history":[{"count":4,"href":"https:\/\/www.lasalsavive.org\/portale\/wp-json\/wp\/v2\/posts\/1116\/revisions"}],"predecessor-version":[{"id":2783,"href":"https:\/\/www.lasalsavive.org\/portale\/wp-json\/wp\/v2\/posts\/1116\/revisions\/2783"}],"wp:featuredmedia":[{"embeddable":true,"href":"https:\/\/www.lasalsavive.org\/portale\/wp-json\/wp\/v2\/media\/2782"}],"wp:attachment":[{"href":"https:\/\/www.lasalsavive.org\/portale\/wp-json\/wp\/v2\/media?parent=1116"}],"wp:term":[{"taxonomy":"category","embeddable":true,"href":"https:\/\/www.lasalsavive.org\/portale\/wp-json\/wp\/v2\/categories?post=1116"},{"taxonomy":"post_tag","embeddable":true,"href":"https:\/\/www.lasalsavive.org\/portale\/wp-json\/wp\/v2\/tags?post=1116"}],"curies":[{"name":"wp","href":"https:\/\/api.w.org\/{rel}","templated":true}]}}