{"id":1118,"date":"2009-08-13T13:28:40","date_gmt":"2009-08-13T12:28:40","guid":{"rendered":"http:\/\/www.lasalsavive.org\/portale\/?p=1118"},"modified":"2026-08-13T15:10:58","modified_gmt":"2026-08-13T14:10:58","slug":"14-agosto-2009-le-stelle-della-salsa-in-venezuela-suoneranno-insieme","status":"publish","type":"post","link":"https:\/\/www.lasalsavive.org\/portale\/2009\/08\/13\/14-agosto-2009-le-stelle-della-salsa-in-venezuela-suoneranno-insieme\/","title":{"rendered":"14 Agosto 2009: Le stelle della Salsa in Venezuela suoneranno insieme"},"content":{"rendered":"\n<p class=\"wp-block-paragraph\"><strong>Caracas 13 Agosto 2009<\/strong><\/p>\n\n\n\n<figure class=\"wp-block-image size-full\"><img loading=\"lazy\" decoding=\"async\" width=\"1004\" height=\"400\" src=\"https:\/\/www.lasalsavive.org\/portale\/wp-content\/uploads\/2012\/02\/VenezuelanMaster.jpg\" alt=\"Le stelle della &quot;Fania&quot; venezuelana, Venezuelan Master\" class=\"wp-image-3741\" srcset=\"https:\/\/www.lasalsavive.org\/portale\/wp-content\/uploads\/2012\/02\/VenezuelanMaster.jpg 1004w, https:\/\/www.lasalsavive.org\/portale\/wp-content\/uploads\/2012\/02\/VenezuelanMaster-300x119.jpg 300w, https:\/\/www.lasalsavive.org\/portale\/wp-content\/uploads\/2012\/02\/VenezuelanMaster-400x159.jpg 400w\" sizes=\"auto, (max-width: 1004px) 100vw, 1004px\" \/><figcaption class=\"wp-element-caption\">Le stelle della &#8220;Fania&#8221; venezuelana, Venezuelan Master<\/figcaption><\/figure>\n\n\n\n<h2 class=\"wp-block-heading\"><span><i class=\"fas fa-arrow-right\"><\/i><\/span>Comunicato Stampa <\/h2>\n\n\n\n<h1 class=\"wp-block-heading\"><span><i class=\"fas fa-arrow-right\"><\/i><\/span>Nasce la &#8220;Fania venezuelana&#8221; <\/h1>\n\n\n\n<p class=\"wp-block-paragraph\">La &#8220;Fania venezuelana&#8221; far\u00e0 storia in Venezuela 11:35 AM | Venezuelan Masters Orchestra \u00e8 un&#8217;orchestra che nasce con l&#8217;idea di unire i pi\u00f9 grandi rappresentanti della salsa venezuelana. Questo gruppo ha ricevuto i migliori elogi all&#8217;estero, inclusa l&#8217;esibizione al festival <strong>&#8220;Toros y Salsa&#8221;<\/strong> presso il club DAX in Francia, dove per l&#8217;occasione \u00e8 stato registrato un CD-DVD che sar\u00e0 presentato durante la prima grande presentazione a Caracas, Venezuela, che si terr\u00e0 domani, 14 agosto 2009, al Sal\u00f3n Venezuela del Circolo Militare alle 20:00 <\/p>\n\n\n\n<figure class=\"wp-block-embed is-type-video is-provider-youtube wp-block-embed-youtube wp-embed-aspect-16-9 wp-has-aspect-ratio\"><div class=\"wp-block-embed__wrapper\">\n<iframe loading=\"lazy\" title=\"Venezuelan Masters Orchestra Documental Part I\" width=\"640\" height=\"360\" src=\"https:\/\/www.youtube.com\/embed\/IOQOKfg9FJ4?feature=oembed\" frameborder=\"0\" allow=\"accelerometer; autoplay; clipboard-write; encrypted-media; gyroscope; picture-in-picture; web-share\" referrerpolicy=\"strict-origin-when-cross-origin\" allowfullscreen><\/iframe>\n<\/div><\/figure>\n\n\n\n<figure class=\"wp-block-embed is-type-video is-provider-youtube wp-block-embed-youtube wp-embed-aspect-16-9 wp-has-aspect-ratio\"><div class=\"wp-block-embed__wrapper\">\n<iframe loading=\"lazy\" title=\"Venezuelan Masters Orchestra Documental Part II\" width=\"640\" height=\"360\" src=\"https:\/\/www.youtube.com\/embed\/66kALsGHde0?feature=oembed\" frameborder=\"0\" allow=\"accelerometer; autoplay; clipboard-write; encrypted-media; gyroscope; picture-in-picture; web-share\" referrerpolicy=\"strict-origin-when-cross-origin\" allowfullscreen><\/iframe>\n<\/div><\/figure>\n\n\n\n<p class=\"wp-block-paragraph\">Il 14 agosto sar\u00e0 una notte che rester\u00e0 nella storia della salsa in Venezuela, questa data infatti vedr\u00e0 la prima presentazione dell&#8217;orchestra <strong>Venezuelan Masters<\/strong> a Caracas. La banda sar\u00e0 formata da <strong>Nelson Arrieta, Marcial Isturiz, Mauricio Silva, Cheo Valenzuela, Gerardo Rosales, Carlos Padr\u00f3n, Robert Quintero, Prisca D\u00e1vila, Johnny Sedes, \u00c1ngel Flores, Ray P\u00e9rez, Teo Hern\u00e1ndez, Gerson Aranda, Rafael Rey, Cheo Rodr\u00edguez, Adrian Suarez, Nicole de Zabala, Rafael Gonz\u00e1lez, Isaac Narv\u00e1ez y Luis Gonz\u00e1lez.<\/strong><\/p>\n\n\n\n<p class=\"wp-block-paragraph\">Questa formazione aveva gi\u00e0 suonato con grande successo al festival Toros y Salsa in Francia, alla fiera di Cali in Colombia e al Festival di Salsa dell&#8217;isola Margarita (Venezuela). Ormai questa orchestra \u00e8 identificata in varie citt\u00e0 del mondo, dal pubblico e dalla critica, come &#8220;la Fania venezuelana.&#8221; L&#8217;invitato speciale sar\u00e0 niente meno che <strong>Alfredo Naranjo y su Guajeo<\/strong>.<\/p>\n\n\n\n<p class=\"wp-block-paragraph\">La presentatatrice sar\u00e0 <strong>Lady Salsa<\/strong>, i Dj&#8217;s invitati sono <strong>Alfredo Lozada<\/strong> e <strong>Manolo Mari\u00f1o<\/strong>. &#8220;Questo evento \u00e8 nato per dare un giusto riconoscimento al talento venezuelano e a tutti quei musicisti del mondo artistico salsero e del latin jazz, nel quale, con l&#8217;energia artistica di <strong>Alfredo Naranjo y su Guajeo<\/strong> e la fraternit\u00e0, spinta, vitalit\u00e0 e esperienza della <strong>Venezuelan Masters<\/strong>, si cerca di mostrare tutta la maturit\u00e0 musicale di queste due bande e realizzare un percorso verso la buona rumba venezuelana, con arie di jazz, descarga, mambo, son montuno, cha cha ch\u00e1, fra gli altri&#8221;, afferm\u00f2 la direttrice di <strong>Salseros con Clase<\/strong>, produttrice dello spettacolo.<\/p>\n\n\n\n<p class=\"wp-block-paragraph\">&#8220;\u00c8 un&#8217;opportunit\u00e0 per il pubblico di godere di un concerto catalogato come storico dalla stampa europea&#8221;, ha dichiarato <strong>Gerardo Rosales<\/strong>. &#8220;Io ho sempre cercato di riunire i nostri migliori esponenti per creare un gruppo come la Fania, per\u00f2 di stelle venezuelane. <strong>Venezuelan Masters<\/strong> \u00e8 la realizzazione di questo sogno&#8221;, ha spiegato il percussionista.<\/p>\n\n\n\n<p class=\"wp-block-paragraph\"><strong>Un repertorio di lusso<\/strong> \u00c8 importante ricordare che all&#8217;interno del repertorio dei <strong>Venezuela Master<\/strong> ci saranno canzoni che hanno fatto la storia della salsa venezuelana interpretate da alcuni dei suoi protagonisti. Questa notte potrete ascoltare alcuni temi del <strong>Trabuco Venezolano<\/strong>, <strong>Mango<\/strong> o <strong>Guaco<\/strong>.<\/p>\n\n\n\n<p class=\"wp-block-paragraph\">Inoltre il repetertorio del maestro <strong>Johnny Sedes<\/strong> gloria della salsa venezuelana che svilupp\u00f2 la sua carriera a New York per 25 anni. <strong>\u00c1ngel Flores<\/strong> render\u00e0 un meritato tributo a <strong>Carlos Quintana Tabaco<\/strong>; <strong>Ray P\u00e9rez<\/strong> e <strong>Teo Hern\u00e1ndez<\/strong> ricordando i <strong>Los Dementes<\/strong>; <strong>Gerardo Rosales<\/strong>, <strong>Mauricio Silva<\/strong>, <strong>Nelson Arrieta<\/strong> e <strong>Cheo Valenzuela<\/strong> interpreteranno i loro successi mentre il sonero mayor della nuova generazione, <strong>Marcial Isturiz<\/strong>, interpreter\u00e0 un sentito omaggio al &#8220;duro de la clave&#8221;: <strong>Joe Ru\u00edz<\/strong>. <\/p>\n\n\n\n<p class=\"wp-block-paragraph\">Per quanto riguarda il repertorio de <strong>El Guajeo<\/strong>, essi suoneranno canzoni originali tratte dai loro pi\u00f9 recenti dischi, cos\u00ec come canzoni di <strong>Joe Cuba<\/strong>, <strong>Daniel Santos<\/strong>, fra gli altri. Per questa opportunit\u00e0 <strong>Alfredo Naranjo<\/strong> ha invitato il grande <strong>Rodrigo Mendoza<\/strong> uno dei soneri pi\u00f9 famosi in Venezuela, che fece parte della <strong>Dimensi\u00f3n Latina<\/strong>, <strong>La Gran Banda de Venezuela<\/strong>, <strong>Los Sat\u00e9lites<\/strong> e <strong>Cesar Monje<\/strong>. <\/p>\n\n\n\n<p class=\"wp-block-paragraph\">Nota de Prensa\/ Cadena Global<\/p>\n\n\n\n<h3 class=\"wp-block-heading\"><span><i class=\"fas fa-arrow-right\"><\/i><\/span>Espa\u00f1ol <\/h3>\n\n\n\n<p class=\"wp-block-paragraph\">La &#8220;Fania Venezolana&#8221; har\u00e1 historia en Venezuela 11:35 AM | <\/p>\n\n\n\n<p class=\"wp-block-paragraph\">Venezuelan Masters es una orquesta que nace con la idea de unir a los m\u00e1s grandes representantes de la salsa venezolana. Esta agrupaci\u00f3n ha recibido los mejores elogios en el exterior, inclusive su actuaci\u00f3n en el festival &#8220;Toros y Salsa&#8221; en el club DAX de Francia, fue grabada para la edici\u00f3n de un CD-DVD que ser\u00e1 bautizado durante su primera gran presentaci\u00f3n en Caracas, Venezuela, que tendr\u00e1 lugar el 14 de agosto en el Sal\u00f3n Venezuela del Circulo Militar a las 08:00 pm.<\/p>\n\n\n\n<figure class=\"wp-block-embed is-type-video is-provider-youtube wp-block-embed-youtube wp-embed-aspect-16-9 wp-has-aspect-ratio\"><div class=\"wp-block-embed__wrapper\">\n<iframe loading=\"lazy\" title=\"Venezuelan Masters Orchestra Documental Part I\" width=\"640\" height=\"360\" src=\"https:\/\/www.youtube.com\/embed\/IOQOKfg9FJ4?feature=oembed\" frameborder=\"0\" allow=\"accelerometer; autoplay; clipboard-write; encrypted-media; gyroscope; picture-in-picture; web-share\" referrerpolicy=\"strict-origin-when-cross-origin\" allowfullscreen><\/iframe>\n<\/div><\/figure>\n\n\n\n<figure class=\"wp-block-embed is-type-video is-provider-youtube wp-block-embed-youtube wp-embed-aspect-16-9 wp-has-aspect-ratio\"><div class=\"wp-block-embed__wrapper\">\n<iframe loading=\"lazy\" title=\"Venezuelan Masters Orchestra Documental Part II\" width=\"640\" height=\"360\" src=\"https:\/\/www.youtube.com\/embed\/66kALsGHde0?feature=oembed\" frameborder=\"0\" allow=\"accelerometer; autoplay; clipboard-write; encrypted-media; gyroscope; picture-in-picture; web-share\" referrerpolicy=\"strict-origin-when-cross-origin\" allowfullscreen><\/iframe>\n<\/div><\/figure>\n\n\n\n<p class=\"wp-block-paragraph\">El 14 de agosto ser\u00e1 una noche que quedar\u00e1 registrada dentro de la historia de la salsa en Venezuela, ya que ser\u00e1 el d\u00eda en que la Venezuelan Masters se presentar\u00e1 por primera vez en Caracas. La banda estar\u00e1 formada por <strong>Nelson Arrieta<\/strong>, <strong>Marcial Isturiz<\/strong>, <strong>Mauricio Silva<\/strong>, <strong>Cheo Valenzuela<\/strong>, <strong>Gerardo Rosales<\/strong>, <strong>Carlos Padr\u00f3n<\/strong>, <strong>Robert Quintero<\/strong>, <strong>Prisca D\u00e1vila<\/strong>, <strong>Johnny Sedes<\/strong>, <strong>\u00c1ngel Flores<\/strong>, Ray P\u00e9rez, <strong>Teo Hern\u00e1ndez<\/strong>, <strong>Gerson Aranda<\/strong>, <strong>Rafael Rey<\/strong>, <strong>Cheo Rodr\u00edguez<\/strong>, <strong>Adrian Suarez<\/strong>, <strong>Nicole de Zabala<\/strong>, <strong>Rafael Gonz\u00e1lez<\/strong>, <strong>Isaac Narv\u00e1ez<\/strong> y <strong>Luis Gonz\u00e1lez<\/strong>. <\/p>\n\n\n\n<p class=\"wp-block-paragraph\">Esta agrupaci\u00f3n viene de actuar con un \u00e9xito total en el festival Toros y Salsa de Francia, en la feria de Cali en Colombia y en el Festival de Salsa de Margarita. En varias ciudades del mundo a esta orquesta, tanto el p\u00fablico como la cr\u00edtica la llaman &#8220;la Fania venezolana.&#8221; El invitado especial ser\u00e1 nada menos que <strong>Alfredo Naranjo y su Guajeo<\/strong>.<\/p>\n\n\n\n<p class=\"wp-block-paragraph\">La presentadora ser\u00e1 Lady Salsa, los Dj&#8217;s invitados son Alfredo Lozada y Manolo Mari\u00f1o. El Costo de la entrada ser\u00e1 de 150 Bsf. Los puntos de ventas son los siguientes: &#8220;Con la necesidad de impulsar el talento venezolano y dar reconocimiento a todas aquellas figuras destacadas en el mundo art\u00edstico salsero y de Lat\u00edn Jazz nace este evento, en el cual, con la energ\u00eda art\u00edstica de Alfredo Naranjo y su Guajeo y la fraternidad, empuje, vitalidad y veteran\u00eda de la Venezuelan Masters, se busca mostrar toda la madurez musical de estas dos bandas y realizar un recorrido hacia la buena rumba venezolana, con aires de jazz, descarga, mambo, son montuno, cha cha ch\u00e1, entre otros&#8221;, afirm\u00f3 la directiva de Salseros con Clase, productora del show. <\/p>\n\n\n\n<p class=\"wp-block-paragraph\">&#8220;Es una oportunidad para que el p\u00fablico disfrute de un concierto catalogado como hist\u00f3rico por la prensa europea&#8221;, declar\u00f3 Gerardo Rosales. &#8220;Yo siempre hab\u00eda querido unir a nuestros mejores exponentes para crear un grupo como la Fania, pero de estrellas venezolanas. Venezuelan Masters es la realizaci\u00f3n de ese sue\u00f1o&#8221;, explic\u00f3 el percusionista. <\/p>\n\n\n\n<p class=\"wp-block-paragraph\"><strong>Un repertorio de lujo<\/strong> Vale destacar que dentro del repertorio de Venezuela Master se incluir\u00e1n temas de la historia de la salsa venezolana interpretados por algunos de sus protagonistas. Esa noche podr\u00e1n escuchar temas del Trabuco Venezolano, Mango o Guaco. <\/p>\n\n\n\n<p class=\"wp-block-paragraph\">Tambi\u00e9n el repertorio del maestro <strong>Johnny Sedes<\/strong> gloria de la salsa venezolana quien hizo carrera en Nueva York durante 25 a\u00f1os. \u00c1ngel Flores rendir\u00e1 un merecido tributo a <strong>Carlos Quintana Tabaco<\/strong>; <strong>Ray P\u00e9rez y Teo Hern\u00e1ndez<\/strong> recordando a <strong>Los Dementes<\/strong>, <strong>Gerardo Rosales<\/strong>, <strong>Mauricio Silva<\/strong>, <strong>Nelson Arrieta<\/strong> y <strong>Cheo Valenzuela<\/strong> interpretaran sus \u00e9xitos y el sonero mayor de la nueva generaci\u00f3n, <strong>Marcial Isturiz<\/strong>, interpretara un sentido homenaje al &#8220;duro de la clave&#8221;: Joe Ru\u00edz . <\/p>\n\n\n\n<p class=\"wp-block-paragraph\">En cuanto al repertorio de El Guajeo, se expondr\u00e1n temas originales de la orquesta tomados de sus m\u00e1s recientes discos, as\u00ed como canciones del Joe Cuba, Daniel Santos, entre otros. Para esta oportunidad Alfredo Naranjo ha invitado al gran Rodrigo Mendoza unos de los soneros m\u00e1s renombrados de Venezuela, quien fue integrante de la Dimensi\u00f3n Latina, La Gran Banda de Venezuela, Los Sat\u00e9lites y Cesar Monje. Nota de Prensa\/ Cadena Global<\/p>\n","protected":false},"excerpt":{"rendered":"<p>Caracas 13 Agosto 2009 Comunicato Stampa Nasce la &#8220;Fania venezuelana&#8221; La &#8220;Fania venezuelana&#8221; far\u00e0 storia&#8230;<\/p>\n","protected":false},"author":1,"featured_media":3741,"comment_status":"open","ping_status":"open","sticky":false,"template":"","format":"standard","meta":{"footnotes":""},"categories":[427],"tags":[577,576],"class_list":["post-1118","post","type-post","status-publish","format-standard","has-post-thumbnail","hentry","category-news","tag-la-fania-venezuelana","tag-venezuelan-master"],"_links":{"self":[{"href":"https:\/\/www.lasalsavive.org\/portale\/wp-json\/wp\/v2\/posts\/1118","targetHints":{"allow":["GET"]}}],"collection":[{"href":"https:\/\/www.lasalsavive.org\/portale\/wp-json\/wp\/v2\/posts"}],"about":[{"href":"https:\/\/www.lasalsavive.org\/portale\/wp-json\/wp\/v2\/types\/post"}],"author":[{"embeddable":true,"href":"https:\/\/www.lasalsavive.org\/portale\/wp-json\/wp\/v2\/users\/1"}],"replies":[{"embeddable":true,"href":"https:\/\/www.lasalsavive.org\/portale\/wp-json\/wp\/v2\/comments?post=1118"}],"version-history":[{"count":16,"href":"https:\/\/www.lasalsavive.org\/portale\/wp-json\/wp\/v2\/posts\/1118\/revisions"}],"predecessor-version":[{"id":14351,"href":"https:\/\/www.lasalsavive.org\/portale\/wp-json\/wp\/v2\/posts\/1118\/revisions\/14351"}],"wp:featuredmedia":[{"embeddable":true,"href":"https:\/\/www.lasalsavive.org\/portale\/wp-json\/wp\/v2\/media\/3741"}],"wp:attachment":[{"href":"https:\/\/www.lasalsavive.org\/portale\/wp-json\/wp\/v2\/media?parent=1118"}],"wp:term":[{"taxonomy":"category","embeddable":true,"href":"https:\/\/www.lasalsavive.org\/portale\/wp-json\/wp\/v2\/categories?post=1118"},{"taxonomy":"post_tag","embeddable":true,"href":"https:\/\/www.lasalsavive.org\/portale\/wp-json\/wp\/v2\/tags?post=1118"}],"curies":[{"name":"wp","href":"https:\/\/api.w.org\/{rel}","templated":true}]}}