{"id":1124,"date":"2009-10-19T22:13:18","date_gmt":"2009-10-19T21:13:18","guid":{"rendered":"http:\/\/www.lasalsavive.org\/portale\/?p=1124"},"modified":"2026-08-05T15:07:54","modified_gmt":"2026-08-05T14:07:54","slug":"pablo-milanes-ritorna-a-portorico","status":"publish","type":"post","link":"https:\/\/www.lasalsavive.org\/portale\/2009\/10\/19\/pablo-milanes-ritorna-a-portorico\/","title":{"rendered":"Pablo Milanes ritorna a Portorico"},"content":{"rendered":"\n<p class=\"wp-block-paragraph\"><strong>Traduzione a cura della Redazione LaSalsaVive<\/strong><\/p>\n\n\n\n<figure class=\"wp-block-image\"><img decoding=\"async\" src=\"http:\/\/www.lasalsavive.org\/portale\/pagine\/biblioteca\/biografie\/immagini\/milanes.jpg\" alt=\"\"\/><\/figure>\n\n\n\n<p class=\"wp-block-paragraph\">Fra amici con Pablo Milan\u00e9sPablo Milan\u00e9s si \u00e8 esibito ieri, presso il Colosseo&nbsp;<strong>Jos\u00e9 Miguel Agrelot<\/strong>, dopo 11 anni di assenza da Portorico. (Fonte Primera Hora \/ Cristina del Mar Quiles) luned\u00ec, 19 ottobre 2009<br \/>Era da oltre 11 anni che Pablo Milan\u00e9s non si presentava a Portorico. Durante l&#8217;amministrazione del presidente George W. Bush infatti, gli era stato negato il visto in diverse occasioni per viaggiare verso l&#8217;Isola.<br \/>Per\u00f2 ieri, il cantautore cubano ha finalmente potuto deliziare il suo pubblico portoricano con alcuni fra i suoi principali successi e cantando altre canzoni tratte dai suoi ultimi dischi, nel presentare il concerto Trayectoria 45 a\u00f1os presso il Colosseo di Portorico&nbsp;<strong>Jos\u00e9 Miguel Agrelot<\/strong>, a San Juan.<\/p>\n\n\n\n<p class=\"wp-block-paragraph\">Il concerto ha visto il suo inizio con un&#8217;apertura strumentale dei sei musicisti che lo hanno accompagnato per tutto il pomeriggio.&nbsp;<strong>Pablo Milan\u00e9s<\/strong>&nbsp;\u00e8 arrivato sul palco, si \u00e8 seduto e subito dopo ha preso il microfono per dare inizio alla sua performance esprimendo la sua allegria nel tornare ad esibirsi nell&#8217;Isola che &#8220;involontariamente aveva abbandonato per 11 anni&#8221;, e dicendo che sarebbe stato un pomeriggio &#8220;fra amici&#8221;.<\/p>\n\n\n\n<p class=\"wp-block-paragraph\">Ha iniziato con&nbsp;<a href=\"http:\/\/www.youtube.com\/watch?v=FA_rrxUuhas\" target=\"_blank\" rel=\"noreferrer noopener\">Vengo naciendo<\/a>&nbsp;per poi proseguire con altre canzoni tratte dal disco D\u00edas de gloria. Da questo LP, ha dedicato la canzone \u00c9xodo &#8220;a tutti i fratelli cubani che per una o per un&#8217;altra ragione non vivono nel loro paese&#8221;, canzone che ha definito come un &#8220;ponte d&#8217;amore&#8221; fra i suoi compatrioti.<\/p>\n\n\n\n<figure class=\"wp-block-embed is-type-video is-provider-youtube wp-block-embed-youtube wp-embed-aspect-4-3 wp-has-aspect-ratio\"><div class=\"wp-block-embed__wrapper\">\n<iframe loading=\"lazy\" title=\"Pablo Milanes y Pancho Cespedes\" width=\"640\" height=\"480\" src=\"https:\/\/www.youtube.com\/embed\/qU9SmhdPSE8?feature=oembed\" frameborder=\"0\" allow=\"accelerometer; autoplay; clipboard-write; encrypted-media; gyroscope; picture-in-picture; web-share\" referrerpolicy=\"strict-origin-when-cross-origin\" allowfullscreen><\/iframe>\n<\/div><\/figure>\n\n\n\n<p class=\"wp-block-paragraph\">A chiusura della prima parte dello spettacolo ha interpretato\u00a0<a href=\"http:\/\/www.youtube.com\/watch?v=M_Ul94zgOXU\" target=\"_blank\" rel=\"noreferrer noopener\">Canci\u00f3n<\/a>, poesia originale di\u00a0<strong>Nicol\u00e1s Guill\u00e9n<\/strong>, meglio conosciuta come De qu\u00e9 callada manera (ndr: rilanciata anche dalla\u00a0<a href=\"https:\/\/www.lasalsavive.org\/portale\/2015\/04\/10\/la-biografia-della-sonora-poncena\/\" target=\"_blank\" rel=\"noreferrer noopener\">Sonora Ponce\u00f1a<\/a>).<\/p>\n\n\n\n<p class=\"wp-block-paragraph\">Pablo Milanes ha poi cantato la canzone che da il titolo al suo ultimo album, Regalo (definendolo un atto di compiacenza personale), raccontando che questo \u00e8 anche il suo brano preferito di questa raccolta. Al finale lo ha dedicato alla sua compagna Nancy.<\/p>\n\n\n\n<p class=\"wp-block-paragraph\">La sorpresa del pomeriggio si \u00e8 rivelata con l&#8217;ingresso sul palco dell&#8217;amico&nbsp;<strong>Francisco C\u00e9spedes<\/strong>, invitato dallo stesso Milanes a unirsi per cantare Para vivir. Dopo essersi abbracciati con affetto, hanno continuato ad emozionare il pubblico che ha apprezzato l&#8217;inaspettato duetto.<\/p>\n\n\n\n<p class=\"wp-block-paragraph\">Nonostante si fosse vociferato che avrebbero cantato anche&nbsp;<strong>Lucecita<\/strong>&nbsp;e&nbsp;<strong>Andy Monta\u00f1ez<\/strong>, alla fine l&#8217;unico invitato al concerto \u00e8 stato&nbsp;<strong>Francisco C\u00e9spedes<\/strong>.<\/p>\n\n\n\n<p class=\"wp-block-paragraph\">Pi\u00f9 tardi Pablo ha voluto rendere omaggio alla sua amica e cantante argentina,&nbsp;<a href=\"http:\/\/www.youtube.com\/watch?v=3EcNX0NlK-c\" target=\"_blank\" rel=\"noreferrer noopener\"><strong>Mercedes Sosa<\/strong><\/a>, che \u00e8 scomparsa all&#8217;inizio del mese. &#8220;Per la tremenda donna, la tremenda umanista e la tremenda cantante. Per Mercedes, La soledad&#8221;, ha detto il cantante.<\/p>\n\n\n\n<p class=\"wp-block-paragraph\">Il pubblico, da parte sua, non ha fatto mancare al cantante il supporto con i cori durante la sua canzone d&#8217;amore pi\u00f9 famosa,\u00a0<a href=\"https:\/\/youtu.be\/qCwLbI1IMog?si=B-5FK-S4piw3a-uj\" target=\"_blank\" rel=\"noreferrer noopener\">Yolanda<\/a>. Questa interpretazione \u00e8 valsa all&#8217;artista un&#8217;ovazione con tutto il pubblico in piedi. Dopo, aveva pensato di terminare il concerto con\u00a0<a href=\"https:\/\/youtu.be\/ruKLb7Hax6A?si=I-vCauDjarb9TRAT\">El breve espacio<\/a><a href=\"https:\/\/youtu.be\/ruKLb7Hax6A?si=B9qlsA9VXsWVbb0j\"> en que no est\u00e1s<\/a>, per\u00f2 dopo l&#8217;insistenza dei presenti \u00e8 dovuto rientrato per continuare con\u00a0<a href=\"https:\/\/youtu.be\/1boL-Ch1gE4?si=GpyvInPEVW26pzA4\" target=\"_blank\" rel=\"noreferrer noopener\">La vida no vale nada<\/a>\u00a0e concludendo con\u00a0<a href=\"http:\/\/www.youtube.com\/watch?v=zhttps:\/\/youtu.be\/wRxeW86D4Hg?si=jy9dZKGRekF8d5WTwibIa3elJA\">Yo no te pido<\/a>.<\/p>\n\n\n\n<h3 class=\"wp-block-heading\"><span><i class=\"fas fa-arrow-right\"><\/i><\/span>Espa\u00f1ol <\/h3>\n\n\n\n<p class=\"wp-block-paragraph\">Entre amigos Pablo Milan\u00e9s<\/p>\n\n\n\n<p class=\"wp-block-paragraph\">Pablo Milan\u00e9s se present\u00f3 ayer, en el Coliseo Jos\u00e9 Miguel Agrelot, tras 11 a\u00f1os lejos de Puerto Rico. (Cristina del Mar Quiles \/ Para Primera Hora) lunes, 19 de octubre de 2009<\/p>\n\n\n\n<p class=\"wp-block-paragraph\">Hac\u00eda m\u00e1s de 11 a\u00f1os que Pablo Milan\u00e9s no se presentaba en Puerto Rico. Durante la administraci\u00f3n del presidente George W. Bush, se le neg\u00f3 una visa para viajar a la Isla en varias ocasiones. Pero ayer, el cantautor cubano hizo frente al tiempo ausente al deleitar a su p\u00fablico puertorrique\u00f1o con un recorrido por algunos de sus \u00e9xitos m\u00e1s emblem\u00e1ticos y cantando otras selecciones de sus \u00faltimos discos, al presentar el concierto Trayectoria 45 a\u00f1os en el Coliseo de Puerto Rico Jos\u00e9 Miguel Agrelot, en San Juan.<\/p>\n\n\n\n<p class=\"wp-block-paragraph\">La percusi\u00f3n marc\u00f3 el inicio del concierto con una obertura instrumental protagonizada por los seis m\u00fasicos que lo acompa\u00f1aron durante toda la tarde. Pablo Milan\u00e9s apareci\u00f3 en tarima, se sent\u00f3 y tom\u00f3 el micr\u00f3fono para dar comienzo a su participaci\u00f3n expresando su alegr\u00eda de volver a presentarse en la Isla que &#8220;involuntariamente hab\u00eda abandonado por 11 a\u00f1os&#8221;, y anticip\u00f3 que ser\u00eda una tarde &#8220;entre amigos&#8221;.<\/p>\n\n\n\n<p class=\"wp-block-paragraph\">Arranc\u00f3 con Vengo naciendo y prosigui\u00f3 con otras canciones del disco D\u00edas de gloria. De \u00e9ste, dedic\u00f3 el tema \u00c9xodo &#8220;a los hermanos cubanos que por una u otra raz\u00f3n no viven en su pa\u00eds&#8221;, canci\u00f3n que calific\u00f3 como un &#8220;puente de amor&#8221; entre sus compatriotas.<\/p>\n\n\n\n<p class=\"wp-block-paragraph\">Para cerrar la primera parte del espect\u00e1culo, interpret\u00f3 Canci\u00f3n, poema original de Nicol\u00e1s Guill\u00e9n y mejor conocido por sus seguidores como De qu\u00e9 callada manera.<\/p>\n\n\n\n<p class=\"wp-block-paragraph\">Como un acto de complacencia personal, dijo, cant\u00f3 el tema que le da t\u00edtulo a su \u00e1lbum m\u00e1s reciente, Regalo, el cual cataloga como su favorito de esta compilaci\u00f3n. Adem\u00e1s, lo dedica a su compa\u00f1era, Nancy.<\/p>\n\n\n\n<p class=\"wp-block-paragraph\">La sorpresa de la tarde ocurri\u00f3 cuando Pablo invit\u00f3 a su amigo Francisco C\u00e9spedes a un\u00edrsele en Para vivir. Luego de abrazarse cari\u00f1osamente, juntos consiguieron emocionar al p\u00fablico que se qued\u00f3 con ganas de seguir escuch\u00e1ndolos a d\u00fao.<\/p>\n\n\n\n<p class=\"wp-block-paragraph\">Aunque se hab\u00eda anticipado que Lucecita y Andy Monta\u00f1ez tambi\u00e9n cantar\u00edan, Francisco C\u00e9spedes fue el \u00fanico invitado en el concierto.<\/p>\n\n\n\n<p class=\"wp-block-paragraph\">M\u00e1s tarde, Pablo quiso rendirle un homenaje a su amiga la cantante argentina Mercedes Sosa, quien falleci\u00f3 a principios de mes. &#8220;Para la tremenda mujer, la tremenda humanista y la tremenda cantante. Para Mercedes, La soledad&#8221;, dijo.<\/p>\n\n\n\n<p class=\"wp-block-paragraph\">El p\u00fablico, por su parte, no le fall\u00f3 al cantante al corear para \u00e9l algunos de los versos de su m\u00e1s famosa canci\u00f3n de amor, Yolanda. Esta interpretaci\u00f3n le vali\u00f3 al artista una ovaci\u00f3n de pie. Luego, pretendi\u00f3 terminar el concierto con El breve espacio, pero ante la insistencia de los presentes regres\u00f3 para continuar con La vida no vale nada. Entonces, s\u00ed acab\u00f3 con Yo no te pido.<\/p>\n","protected":false},"excerpt":{"rendered":"<p>Traduzione a cura della Redazione LaSalsaVive Fra amici con Pablo Milan\u00e9sPablo Milan\u00e9s si \u00e8 esibito&#8230;<\/p>\n","protected":false},"author":1,"featured_media":2637,"comment_status":"open","ping_status":"open","sticky":false,"template":"","format":"standard","meta":{"footnotes":""},"categories":[427],"tags":[579],"class_list":["post-1124","post","type-post","status-publish","format-standard","has-post-thumbnail","hentry","category-news","tag-pablo-milanes"],"_links":{"self":[{"href":"https:\/\/www.lasalsavive.org\/portale\/wp-json\/wp\/v2\/posts\/1124","targetHints":{"allow":["GET"]}}],"collection":[{"href":"https:\/\/www.lasalsavive.org\/portale\/wp-json\/wp\/v2\/posts"}],"about":[{"href":"https:\/\/www.lasalsavive.org\/portale\/wp-json\/wp\/v2\/types\/post"}],"author":[{"embeddable":true,"href":"https:\/\/www.lasalsavive.org\/portale\/wp-json\/wp\/v2\/users\/1"}],"replies":[{"embeddable":true,"href":"https:\/\/www.lasalsavive.org\/portale\/wp-json\/wp\/v2\/comments?post=1124"}],"version-history":[{"count":10,"href":"https:\/\/www.lasalsavive.org\/portale\/wp-json\/wp\/v2\/posts\/1124\/revisions"}],"predecessor-version":[{"id":14130,"href":"https:\/\/www.lasalsavive.org\/portale\/wp-json\/wp\/v2\/posts\/1124\/revisions\/14130"}],"wp:featuredmedia":[{"embeddable":true,"href":"https:\/\/www.lasalsavive.org\/portale\/wp-json\/wp\/v2\/media\/2637"}],"wp:attachment":[{"href":"https:\/\/www.lasalsavive.org\/portale\/wp-json\/wp\/v2\/media?parent=1124"}],"wp:term":[{"taxonomy":"category","embeddable":true,"href":"https:\/\/www.lasalsavive.org\/portale\/wp-json\/wp\/v2\/categories?post=1124"},{"taxonomy":"post_tag","embeddable":true,"href":"https:\/\/www.lasalsavive.org\/portale\/wp-json\/wp\/v2\/tags?post=1124"}],"curies":[{"name":"wp","href":"https:\/\/api.w.org\/{rel}","templated":true}]}}