{"id":1131,"date":"2010-01-28T22:00:18","date_gmt":"2010-01-28T21:00:18","guid":{"rendered":"http:\/\/www.lasalsavive.org\/portale\/?p=1131"},"modified":"2026-07-27T17:27:19","modified_gmt":"2026-07-27T16:27:19","slug":"la-india-torna-a-produrre-con-sergio-george","status":"publish","type":"post","link":"https:\/\/www.lasalsavive.org\/portale\/2010\/01\/28\/la-india-torna-a-produrre-con-sergio-george\/","title":{"rendered":"La India torna a produrre con Sergio George"},"content":{"rendered":"\n<figure class=\"wp-block-image size-full\"><img loading=\"lazy\" decoding=\"async\" width=\"510\" height=\"285\" src=\"https:\/\/www.lasalsavive.org\/portale\/wp-content\/uploads\/2010\/01\/laindia.jpg\" alt=\"\" class=\"wp-image-13958\" srcset=\"https:\/\/www.lasalsavive.org\/portale\/wp-content\/uploads\/2010\/01\/laindia.jpg 510w, https:\/\/www.lasalsavive.org\/portale\/wp-content\/uploads\/2010\/01\/laindia-300x168.jpg 300w\" sizes=\"auto, (max-width: 510px) 100vw, 510px\" \/><\/figure>\n\n\n\n<p class=\"wp-block-paragraph\"><strong>Foto tratta da elcomercio.pe<\/strong><\/p>\n\n\n\n<p class=\"wp-block-paragraph\">Dopo quattro anni, l&#8217;autrice di \u201cDicen que soy\u201d prepara il suo nuovo album discografico. Inoltre si prepara per un concerto il 13 Febbraio alla <strong>Videna di San Luis<\/strong>. Sono passati quattro lunghi anni dall&#8217;ultimo disco della India e finalmente dopo una lunga pausa ha deciso di tornare nuovamente in uno studio di registrazione. In questi anni comunque La India non \u00e8 stata ferma, realizzando concerti e apparizioni in tutto il mondo. &#8220;Per questo motivo ho smesso di registrare nuovi brani, sentivo che dovevo cambiare&#8221;, afferma la cantante dall&#8217;Italia, dove si trova per realizzare collaborazioni con artisti locali.<\/p>\n\n\n\n<p class=\"wp-block-paragraph\">Ci racconta che adesso le cose sono cambiate. \u00c8 tornata a lavorare con <strong>Sergio George<\/strong>, lo stesso produttore di \u201cDicen que soy\u201d, ancora oggi il suo pi\u00f9 grande successo; e afferma che ha trovato l&#8217;ispirazione che stava cercando da tanto tempo. &#8220;Questi ultimi anni sono stati importanti perch\u00e8 sentivo la vibrazione e la reazione del pubblico verso la mia musica. Senza dubbio loro volevano gi\u00e0 un mio nuovo disco. C&#8217;era gi\u00e0 un forte desiderio di ascoltare qualcosa di nuovo della India&#8221;.<\/p>\n\n\n\n<figure class=\"wp-block-embed is-type-video is-provider-youtube wp-block-embed-youtube wp-embed-aspect-4-3 wp-has-aspect-ratio\"><div class=\"wp-block-embed__wrapper\">\n<iframe loading=\"lazy\" title=\"La India - Dicen que Soy\" width=\"640\" height=\"480\" src=\"https:\/\/www.youtube.com\/embed\/aBzGWNWvD0Y?feature=oembed\" frameborder=\"0\" allow=\"accelerometer; autoplay; clipboard-write; encrypted-media; gyroscope; picture-in-picture; web-share\" referrerpolicy=\"strict-origin-when-cross-origin\" allowfullscreen><\/iframe>\n<\/div><\/figure>\n\n\n\n<p class=\"wp-block-paragraph\">Franca, sincera e diretta, la cantante portoricana cresciuta nel Bronx di New York rivela che per tornare a lavorare con George sono dovute accadere una serie di situazioni che stavano per finire in tragedia. &#8220;Poco dopo il lancio di \u201cDicen que soy\u201d, mentre stavamo preparando il disco successivo, Sergio ed io abbiamo avuto da ridire. Lui voleva che io cantassi in un modo, mentre io preferivo farlo in un altro. Per questo si arrabbi\u00f2 con me, mi disse che lui era il produttore e che io dovevo ascoltarlo e se ne and\u00f2 dallo studio di registrazione per non tarnarci pi\u00f9&#8221;. <\/p>\n\n\n\n<p class=\"wp-block-paragraph\"><strong>IL NUOVO INCONTRO CON IL PRODUTTORE MUSICALE<\/strong><\/p>\n\n\n\n<p class=\"wp-block-paragraph\">Anche se le sue successive produzioni l&#8217;hanno vista vincitrice di numerosi dischi d&#8217;oro e di un triplo disco di platino, nessuna di queste \u00e8 rimasta impressa nella memoria della gente come quelle prodotte con Sergio George, fra le quali ricordiamo \u201cEse hombre\u201d e \u201cVivir lo nuestro\u201d, canzone cantata insieme a <strong>Marc Anthony<\/strong>. &#8220;Durante questi ultimi quattro anni, Sergio ha vissuto una serie di cose molto forti nella sua vita. Ha subito un&#8217;incidente automobilistico che stava per ucciderlo. Dopo essere guarito, la sua vita \u00e8 cambiata. Mi ha chiamata di nuovo e mi sono subito resa conto che era diverso da prima. Adesso sono onorata di poter lavorare nuovamente con lui, perch\u00e8 il rispetto che nutrivo nei suoi confronti non \u00e8 mai cambiato&#8221;. <\/p>\n\n\n\n<figure class=\"wp-block-embed is-type-video is-provider-youtube wp-block-embed-youtube wp-embed-aspect-4-3 wp-has-aspect-ratio\"><div class=\"wp-block-embed__wrapper\">\n<iframe loading=\"lazy\" title=\"Marc Anthony Y La India - Vivir Lo Nuestro\" width=\"640\" height=\"480\" src=\"https:\/\/www.youtube.com\/embed\/lUxjOtpxpFA?feature=oembed\" frameborder=\"0\" allow=\"accelerometer; autoplay; clipboard-write; encrypted-media; gyroscope; picture-in-picture; web-share\" referrerpolicy=\"strict-origin-when-cross-origin\" allowfullscreen><\/iframe>\n<\/div><\/figure>\n\n\n\n<p class=\"wp-block-paragraph\">Con il nuovo disco in preparazione, la cantante conferma che riprender\u00e0 con decisione il cammino della salsa, senza per\u00f2 lasciare da parte il suo stile sonero che la caratterizza: \u201cVoglio improvvisare molto, questo mi piace. La maggior parte delle canzoni le ho scritte io. La sorpresa \u00e8 che canter\u00f2 una canzone molto conosciuta di <strong>Juan Gabriel<\/strong>, che piacer\u00e0 molto. Il resto \u00e8 molto &#8220;sabroso&#8221;. Non vogliamo dimenticarci della salsa. Gli arrangiamenti e l&#8217;energia messe dentro questa registrazione sono incredibili\u201d.<\/p>\n\n\n\n<h3 class=\"wp-block-heading\"><span><i class=\"fas fa-arrow-right\"><\/i><\/span>Espa\u00f1ol <\/h3>\n\n\n\n<figure class=\"wp-block-image size-full\"><img loading=\"lazy\" decoding=\"async\" width=\"510\" height=\"285\" src=\"https:\/\/www.lasalsavive.org\/portale\/wp-content\/uploads\/2010\/01\/laindia.jpg\" alt=\"\" class=\"wp-image-13958\" srcset=\"https:\/\/www.lasalsavive.org\/portale\/wp-content\/uploads\/2010\/01\/laindia.jpg 510w, https:\/\/www.lasalsavive.org\/portale\/wp-content\/uploads\/2010\/01\/laindia-300x168.jpg 300w\" sizes=\"auto, (max-width: 510px) 100vw, 510px\" \/><\/figure>\n\n\n\n<p class=\"wp-block-paragraph\">Luego de cuatro a\u00f1os, la autora de \u201cDicen que soy\u201d prepara su novena placa discogr\u00e1fica. Ella ofrecer\u00e1 un concierto el 13 de febrero en la Videna de San Luis Jueves 28 de enero de 2010 &#8211; 10:08 amPor: Diego Pajares. Pasaron cuatro largos a\u00f1os para que La India hiciera una pausa y volviera a entrar al estudio de grabaciones. Cuatro a\u00f1os que llen\u00f3 de conciertos y presentaciones alrededor del mundo. \u201cSoy una artista a la que le gusta sentir inspiraci\u00f3n. Por eso dej\u00e9 de grabar un tiempo, porque sent\u00ed que termin\u00e9 haciendo la misma m\u00fasica\u201d, afirma la cantante desde Italia, donde se encuentra realizando colaboraciones con artistas de ese pa\u00eds.<\/p>\n\n\n\n<p class=\"wp-block-paragraph\">Nos comenta que ahora las cosas son diferentes. Ha vuelto a trabajar con Sergio George, el mismo que produjo \u201cDicen que soy\u201d, su m\u00e1s exitosa placa hasta el d\u00eda de hoy; y afirma haber encontrado la inspiraci\u00f3n que estuvo buscando todo este tiempo. \u201cEstos \u00faltimos a\u00f1os han sido importantes porque sent\u00ed la vibraci\u00f3n y la reacci\u00f3n del p\u00fablico a mi m\u00fasica. Sin embargo, ellos ya ped\u00edan un nuevo disco. Hay hambre y muchos deseos de escuchar algo nuevo de La India\u201d, dice.<\/p>\n\n\n\n<figure class=\"wp-block-embed is-type-video is-provider-youtube wp-block-embed-youtube wp-embed-aspect-4-3 wp-has-aspect-ratio\"><div class=\"wp-block-embed__wrapper\">\n<iframe loading=\"lazy\" title=\"La India - Dicen que Soy\" width=\"640\" height=\"480\" src=\"https:\/\/www.youtube.com\/embed\/aBzGWNWvD0Y?feature=oembed\" frameborder=\"0\" allow=\"accelerometer; autoplay; clipboard-write; encrypted-media; gyroscope; picture-in-picture; web-share\" referrerpolicy=\"strict-origin-when-cross-origin\" allowfullscreen><\/iframe>\n<\/div><\/figure>\n\n\n\n<p class=\"wp-block-paragraph\">Franca, sincera y directa, la boricua crecida en el Bronx de Nueva York revela que para volver a trabajar con George tuvieron que suceder una serie de situaciones que llegaron a rozar la tragedia. \u201cUn tiempo despu\u00e9s de lanzar \u201cDicen que soy\u201d, cuando prepar\u00e1bamos el siguiente disco, Sergio y yo discutimos. \u00c9l quer\u00eda que cantara una canci\u00f3n de una manera, mientras que a m\u00ed me parec\u00eda que era mejor de otra forma. Se molest\u00f3, me dijo que \u00e9l era el productor y que deb\u00eda escucharlo, pero termin\u00f3 saliendo del estudio para no regresar m\u00e1s\u201d.<\/p>\n\n\n\n<p class=\"wp-block-paragraph\"><strong>SE REENCONTR\u00d3 CON SU PRODUCTOR MUSICAL<\/strong><\/p>\n\n\n\n<p class=\"wp-block-paragraph\">Aunque sus siguientes producciones la hicieron merecedora de discos de oro e incluso de un triple disco de platino, ninguna de ellas qued\u00f3 tan marcada en la memoria de la gente como aquella que produjo con George, de la cual se desprenden \u00e9xitos como \u201cEse hombre\u201d y \u201cVivir lo nuestro\u201d, tema que cant\u00f3 a d\u00fao con Marc Anthony. \u201cDurante estos \u00faltimos cuatro a\u00f1os, Sergio pas\u00f3 por cosas muy fuertes en su vida. Sufri\u00f3 un accidente automovil\u00edstico que casi lo mata. Cuando se mejor\u00f3, su vida cambi\u00f3. Me volvi\u00f3 a llamar y al instante not\u00e9 que era diferente. Ahora es un honor volver a trabajar con \u00e9l, porque el respeto que le tengo nunca lo perd\u00ed\u201d, confiesa, feliz, La India.<\/p>\n\n\n\n<figure class=\"wp-block-embed is-type-video is-provider-youtube wp-block-embed-youtube wp-embed-aspect-4-3 wp-has-aspect-ratio\"><div class=\"wp-block-embed__wrapper\">\n<iframe loading=\"lazy\" title=\"Marc Anthony Y La India - Vivir Lo Nuestro\" width=\"640\" height=\"480\" src=\"https:\/\/www.youtube.com\/embed\/lUxjOtpxpFA?feature=oembed\" frameborder=\"0\" allow=\"accelerometer; autoplay; clipboard-write; encrypted-media; gyroscope; picture-in-picture; web-share\" referrerpolicy=\"strict-origin-when-cross-origin\" allowfullscreen><\/iframe>\n<\/div><\/figure>\n\n\n\n<p class=\"wp-block-paragraph\">Con su nuevo disco en camino, la cantante se\u00f1ala que retomar\u00e1 con fuerza la salsa, pero sin dejar de lado ese estilo sonero que la caracteriza. \u201cVoy a improvisar mucho, eso me gusta. La mayor\u00eda de canciones son de mi autor\u00eda. La sorpresa es que cantar\u00e9 una canci\u00f3n no muy conocida de Juan Gabriel, la cual estar\u00e1 muy buena \u2014adelanta\u2014. Lo dem\u00e1s est\u00e1 muy sabroso. No queremos olvidarnos de la salsa. Los arreglos y la energ\u00eda puesta en esta grabaci\u00f3n es incre\u00edble\u201d.<\/p>\n\n\n\n<p class=\"wp-block-paragraph\">EL DATO<\/p>\n\n\n\n<p class=\"wp-block-paragraph\">Los fan\u00e1ticos de la salsa podr\u00e1n celebrar, pues el s\u00e1bado 13 de febrero La India participar\u00e1 en el Festival Salsa con Amor, que se realizar\u00e1 en la Videna de San Luis, al lado de artistas como Frankie Negr\u00f3n y el experimentado Grupo Niche.<\/p>\n\n\n\n<p class=\"wp-block-paragraph\">Fuente: elcomercio.pe<\/p>\n\n\n\n<p class=\"wp-block-paragraph\"><\/p>\n","protected":false},"excerpt":{"rendered":"<p>Foto tratta da elcomercio.pe Dopo quattro anni, l&#8217;autrice di \u201cDicen que soy\u201d prepara il suo&#8230;<\/p>\n","protected":false},"author":1,"featured_media":0,"comment_status":"open","ping_status":"open","sticky":false,"template":"","format":"standard","meta":{"footnotes":""},"categories":[427],"tags":[582,584,583],"class_list":["post-1131","post","type-post","status-publish","format-standard","hentry","category-news","tag-la-india","tag-nuevo-album-de-la-india","tag-sergio-george"],"_links":{"self":[{"href":"https:\/\/www.lasalsavive.org\/portale\/wp-json\/wp\/v2\/posts\/1131","targetHints":{"allow":["GET"]}}],"collection":[{"href":"https:\/\/www.lasalsavive.org\/portale\/wp-json\/wp\/v2\/posts"}],"about":[{"href":"https:\/\/www.lasalsavive.org\/portale\/wp-json\/wp\/v2\/types\/post"}],"author":[{"embeddable":true,"href":"https:\/\/www.lasalsavive.org\/portale\/wp-json\/wp\/v2\/users\/1"}],"replies":[{"embeddable":true,"href":"https:\/\/www.lasalsavive.org\/portale\/wp-json\/wp\/v2\/comments?post=1131"}],"version-history":[{"count":11,"href":"https:\/\/www.lasalsavive.org\/portale\/wp-json\/wp\/v2\/posts\/1131\/revisions"}],"predecessor-version":[{"id":13968,"href":"https:\/\/www.lasalsavive.org\/portale\/wp-json\/wp\/v2\/posts\/1131\/revisions\/13968"}],"wp:attachment":[{"href":"https:\/\/www.lasalsavive.org\/portale\/wp-json\/wp\/v2\/media?parent=1131"}],"wp:term":[{"taxonomy":"category","embeddable":true,"href":"https:\/\/www.lasalsavive.org\/portale\/wp-json\/wp\/v2\/categories?post=1131"},{"taxonomy":"post_tag","embeddable":true,"href":"https:\/\/www.lasalsavive.org\/portale\/wp-json\/wp\/v2\/tags?post=1131"}],"curies":[{"name":"wp","href":"https:\/\/api.w.org\/{rel}","templated":true}]}}