{"id":1136,"date":"2010-01-27T21:53:16","date_gmt":"2010-01-27T20:53:16","guid":{"rendered":"http:\/\/www.lasalsavive.org\/portale\/?p=1136"},"modified":"2012-01-31T22:19:30","modified_gmt":"2012-01-31T21:19:30","slug":"scompare-alexis-escobar-flautista-di-bailatino","status":"publish","type":"post","link":"https:\/\/www.lasalsavive.org\/portale\/2010\/01\/27\/scompare-alexis-escobar-flautista-di-bailatino\/","title":{"rendered":"Scompare Alexis Escobar flautista di Bailatino"},"content":{"rendered":"<h1>Ci lascia Alexis Escobar, flautista dei Bailatino<\/h1>\n<p><strong>Caracas, 27 Gennaio 2010<\/strong><\/p>\n<p><img decoding=\"async\" src=\"http:\/\/www.lasalsavive.com\/portale\/pagine\/news\/immagini\/alexis_escobar_flautista_de_bailatino.jpg\" alt=\"\" width=\"360\" \/><\/p>\n<div>Alle 12 di mercoled\u00ec scorso \u00e8 scomparso all&#8217;ospedale P\u00e9rez Carre\u00f1o di Caracas il musicista venezuelano <strong>Alexis Escobar<\/strong>, flautista dell&#8217;orchestra <strong>Bailatino<\/strong>, uno dei principali gruppi nel panorama salsero venezuelano e del continente latino americano.Escobar \u00e8 entrato a far parte dell&#8217;orchestra Bailatino sin dall&#8217;inizio nel 1995 e insieme ad essa ha dimostrato il suo talento con il flauto, strumento che suonava con grande maestria. Inoltre Alexis Escobar ha suonato anche con gruppi come <strong>El Guajeo de Alfredo Naranjo<\/strong>, <strong>la Orquesta T\u00edpica Nacional<\/strong>, <strong>la Banda de El Pavo Frank<\/strong>, <strong>Magia Caribe\u00f1a<\/strong> ed il gruppo di <strong>Orlando Poleo<\/strong>, esibendosi in tutto il Venezuela ed in Francia, Colombia, Aruba, Curazao e Messico.<object width=\"445\" height=\"364\" classid=\"clsid:d27cdb6e-ae6d-11cf-96b8-444553540000\" codebase=\"http:\/\/download.macromedia.com\/pub\/shockwave\/cabs\/flash\/swflash.cab#version=6,0,40,0\"><param name=\"allowFullScreen\" value=\"true\" \/><param name=\"allowscriptaccess\" value=\"always\" \/><param name=\"src\" value=\"http:\/\/www.youtube.com\/v\/AK7z6U1-BKE&amp;hl=it_IT&amp;fs=1&amp;color1=0xe1600f&amp;color2=0xfebd01&amp;border=1\" \/><param name=\"allowfullscreen\" value=\"true\" \/><embed width=\"445\" height=\"364\" type=\"application\/x-shockwave-flash\" src=\"http:\/\/www.youtube.com\/v\/AK7z6U1-BKE&amp;hl=it_IT&amp;fs=1&amp;color1=0xe1600f&amp;color2=0xfebd01&amp;border=1\" allowFullScreen=\"true\" allowscriptaccess=\"always\" allowfullscreen=\"true\" \/><\/object><strong><\/strong><\/p>\n<p><strong>Bailatino &#8211; Lo que se da no se quita<\/strong><\/p>\n<p>Durante l&#8217;ultima tourne\u00e8 di Bailatino in Australia non aveva potuto aggregarsi in quanto era gi\u00e0 ricoverato in ospedale a causa di un versamento pleurico che gli \u00e8 costato la vita.<\/p>\n<p>I musicisti di Bailatino sono costernati e con loro tutta la famiglia salsera venezuelana e di tutti i caraibi.<\/p>\n<p>Paz a su alma<\/p>\n<p><strong>A cura di: Lil Rodr\u00edguez<\/strong><\/p>\n<\/div>\n<h3>Espa\u00f1ol<\/h3>\n<p>Caracas, enero 27 \u2013 En horas del medio dia de este miercoles falleci\u00f3 en el hospital P\u00e9rez Carre\u00f1o de Caracas el destacado m\u00fasico venezolano Alexis Escobar, flautista de la orquesta \u201cBailatino\u201d, agrupaci\u00f3n considerada fundamental en la resistencia salsera del continente.<\/p>\n<p>Escobar form\u00f3 parte de la agrupaci\u00f3n desde sus inicios en 1995 y con ella subi\u00f3 a todos los escenarios donde mostr\u00f3 su talento con el instrumento que ejecutaba con gran maestr\u00eda y solvencia: La Flauta Y no s\u00f3lo con Bailatino mostr\u00f3 sus capacidades musicales. Alexis Escobar particip\u00f3 de agrupaciones como el Guajeo de Alfredo Naranjo, la Orquesta T\u00edpica Nacional, la Banda de El Pavo Frank, Magia Caribe\u00f1a y el grupo de Orlando Poleo.<\/p>\n<p>Se present\u00f3, adem\u00e1s de los escenarios venezolanos, en Francia, Colombia, Aruba, Curazao y M\u00e9xico.<\/p>\n<p>A la mas reciente gira de Bailatino a Australia no pudo asistir. Estaba ya hospitalizado a partir de un derrame pleural que se fue complicando hasta que este mi\u00e9rcoles 27 de enero rindi\u00f3 tributo a la vida.<\/p>\n<p>Los integrantes de Bailatino est\u00e1n absolutamente consternados y con ellos la familia salsera venezolana y de todo el Caribe.<\/p>\n<p>El velatorio es en la funeraria El Pinar, en la avenida P\u00e1ez de El Paraiso, en Caracas.<\/p>\n<p>Paz a su alma<\/p>\n<p><strong>Por: Lil Rodr\u00edguez<\/strong><\/p>\n","protected":false},"excerpt":{"rendered":"<p>Ci lascia Alexis Escobar, flautista dei Bailatino Caracas, 27 Gennaio 2010 Alle 12 di mercoled\u00ec&#8230;<\/p>\n","protected":false},"author":1,"featured_media":2643,"comment_status":"open","ping_status":"open","sticky":false,"template":"","format":"standard","meta":{"footnotes":""},"categories":[4,427],"tags":[487,586],"class_list":["post-1136","post","type-post","status-publish","format-standard","has-post-thumbnail","hentry","category-biografie","category-news","tag-alexis-escobar","tag-bailatino"],"_links":{"self":[{"href":"https:\/\/www.lasalsavive.org\/portale\/wp-json\/wp\/v2\/posts\/1136","targetHints":{"allow":["GET"]}}],"collection":[{"href":"https:\/\/www.lasalsavive.org\/portale\/wp-json\/wp\/v2\/posts"}],"about":[{"href":"https:\/\/www.lasalsavive.org\/portale\/wp-json\/wp\/v2\/types\/post"}],"author":[{"embeddable":true,"href":"https:\/\/www.lasalsavive.org\/portale\/wp-json\/wp\/v2\/users\/1"}],"replies":[{"embeddable":true,"href":"https:\/\/www.lasalsavive.org\/portale\/wp-json\/wp\/v2\/comments?post=1136"}],"version-history":[{"count":5,"href":"https:\/\/www.lasalsavive.org\/portale\/wp-json\/wp\/v2\/posts\/1136\/revisions"}],"predecessor-version":[{"id":2642,"href":"https:\/\/www.lasalsavive.org\/portale\/wp-json\/wp\/v2\/posts\/1136\/revisions\/2642"}],"wp:featuredmedia":[{"embeddable":true,"href":"https:\/\/www.lasalsavive.org\/portale\/wp-json\/wp\/v2\/media\/2643"}],"wp:attachment":[{"href":"https:\/\/www.lasalsavive.org\/portale\/wp-json\/wp\/v2\/media?parent=1136"}],"wp:term":[{"taxonomy":"category","embeddable":true,"href":"https:\/\/www.lasalsavive.org\/portale\/wp-json\/wp\/v2\/categories?post=1136"},{"taxonomy":"post_tag","embeddable":true,"href":"https:\/\/www.lasalsavive.org\/portale\/wp-json\/wp\/v2\/tags?post=1136"}],"curies":[{"name":"wp","href":"https:\/\/api.w.org\/{rel}","templated":true}]}}