{"id":1274,"date":"2010-11-14T21:08:22","date_gmt":"2010-11-14T20:08:22","guid":{"rendered":"http:\/\/www.lasalsavive.org\/portale\/?p=1274"},"modified":"2026-07-17T11:09:35","modified_gmt":"2026-07-17T10:09:35","slug":"ruben-blades-vince-il-grammy","status":"publish","type":"post","link":"https:\/\/www.lasalsavive.org\/portale\/2010\/11\/14\/ruben-blades-vince-il-grammy\/","title":{"rendered":"Ruben Blades vince il Grammy"},"content":{"rendered":"\n<p class=\"wp-block-paragraph\"><strong>11 novembre 2010<\/strong><\/p>\n\n\n\n<figure class=\"wp-block-image size-large\"><img loading=\"lazy\" decoding=\"async\" width=\"1024\" height=\"508\" src=\"https:\/\/www.lasalsavive.org\/portale\/wp-content\/uploads\/2010\/11\/ruben_blades_cantares_copertina-1024x508.jpg\" alt=\"\" class=\"wp-image-1474\" srcset=\"https:\/\/www.lasalsavive.org\/portale\/wp-content\/uploads\/2010\/11\/ruben_blades_cantares_copertina-1024x508.jpg 1024w, https:\/\/www.lasalsavive.org\/portale\/wp-content\/uploads\/2010\/11\/ruben_blades_cantares_copertina-300x148.jpg 300w, https:\/\/www.lasalsavive.org\/portale\/wp-content\/uploads\/2010\/11\/ruben_blades_cantares_copertina-400x198.jpg 400w, https:\/\/www.lasalsavive.org\/portale\/wp-content\/uploads\/2010\/11\/ruben_blades_cantares_copertina.jpg 1299w\" sizes=\"auto, (max-width: 1024px) 100vw, 1024px\" \/><\/figure>\n\n\n\n<p class=\"wp-block-paragraph\"><strong>Foto cortesia di www.rubenblades.com<\/strong><\/p>\n\n\n\n<p class=\"wp-block-paragraph\">Las Vegas, 11 novembre &#8211; L&#8217;artista panamense\u00a0<strong>Rub\u00e9n Blades<\/strong>, \u00e8 stato premiato dall&#8217;\u00a0<strong>Academia Latina de Artes y Ciencias de la Grabaci\u00f3n<\/strong>, con un premio Grammy al miglior album cantautoriale dell&#8217;anno, per la sua ultima produzione \u201c<strong>Cantares del Subdesarrollo<\/strong>\u201d.Il disco, lanciato nell&#8217;agosto dell&#8217;anno passato, aveva segnato il ritorno dell&#8217;icona della salsa, dopo cinque anni di assenza dal mondo dello spettacolo. \u201cCantares del Subdesarrollo\u201d \u00e8 catalogato dallo stesso Blades come \u201cil disco con pi\u00f9 swing che io abbia mai fatto\u201d, in virt\u00f9 della purezza e mancanza di arrangiamenti formali con cui \u00e8 stato prodotto, che lo hanno fatto tornare alle radici del conjunto tipico cubano.<\/p>\n\n\n\n<figure class=\"wp-block-embed is-type-video is-provider-youtube wp-block-embed-youtube wp-embed-aspect-4-3 wp-has-aspect-ratio\"><div class=\"wp-block-embed__wrapper\">\n<iframe loading=\"lazy\" title=\"Las calles - Rub\u00e9n Blades\" width=\"640\" height=\"480\" src=\"https:\/\/www.youtube.com\/embed\/qn3fSUjn76g?feature=oembed\" frameborder=\"0\" allow=\"accelerometer; autoplay; clipboard-write; encrypted-media; gyroscope; picture-in-picture; web-share\" referrerpolicy=\"strict-origin-when-cross-origin\" allowfullscreen><\/iframe>\n<\/div><\/figure>\n\n\n\n<p class=\"wp-block-paragraph\">\u201cCantares del Subdesarrollo\u201d \u00e8 stato registrato nel 2003, per\u00f2 non \u00e8 stato lanciato fino all&#8217;anno scorso, quando Ruben Blades ha ripreso la sua carriera artistica, dopo cinque anni al servizio pubblico come ministro del turismo di Panama, suo paese natale. Questa produzione ha rappresentato una sfida per il cantautore panamense, dato che con questo lavoro Blades si \u00e8 proposto come musicista indipendente, vendendo il disco direttamente dalla sua pagina web,&nbsp;<a href=\"http:\/\/www.rubenblades.com\/\">www.rubenblades.com<\/a>.<\/p>\n\n\n\n<p class=\"wp-block-paragraph\">\u201cQuesto lavoro l&#8217;ho fatto nel garage di casa mia ed ho suonato quasi tutti gli strumenti\u201d assicura Blades, che dedica il disco a Portorico e Cuba. \u201cQuesta dedica l&#8217;ho fatta per far rilevare la semplicit\u00e0 ed il potere di quella che \u00e8 la nostra musica popolare. Questa produzione \u00e8 cos\u00ec semplice quanto la vita nei nostri quartieri popolari: onest\u00e0, valori e speranza, anche di fronte alle difficolt\u00e0 o alla pi\u00f9 grande delusione\u201d evidenzia l&#8217;artista panamense, che oltre a registrare la voce e tutti i cori, ha anche suonato le maracas, il bong\u00f3, la campana, il tres cubano, la chitarra acustica, con corde di metallo e a 12 corde.<\/p>\n\n\n\n<p class=\"wp-block-paragraph\">Alla fine di novembre, Blades far\u00e0 uscire nel mercato discografico la sua nuova produzione intitolata \u201c<strong>Todos Vuelven Live<\/strong>\u201d che sar\u00e0 una collezione esclusiva che raccoglie in DVD e CD la musica dei concerti del suo tour di successo insieme alla sua orchestra\u00a0<strong>Seis del Solar<\/strong>, con l&#8217;etichetta\u00a0<strong>Ariel Rivas Music<\/strong>.?<\/p>\n\n\n\n<h3 class=\"wp-block-heading\"><span><i class=\"fas fa-arrow-right\"><\/i><\/span>Espa\u00f1ol <\/h3>\n\n\n\n<figure class=\"wp-block-image size-large\"><img loading=\"lazy\" decoding=\"async\" width=\"1024\" height=\"508\" src=\"https:\/\/www.lasalsavive.org\/portale\/wp-content\/uploads\/2010\/11\/ruben_blades_cantares_copertina-1024x508.jpg\" alt=\"\" class=\"wp-image-1474\" srcset=\"https:\/\/www.lasalsavive.org\/portale\/wp-content\/uploads\/2010\/11\/ruben_blades_cantares_copertina-1024x508.jpg 1024w, https:\/\/www.lasalsavive.org\/portale\/wp-content\/uploads\/2010\/11\/ruben_blades_cantares_copertina-300x148.jpg 300w, https:\/\/www.lasalsavive.org\/portale\/wp-content\/uploads\/2010\/11\/ruben_blades_cantares_copertina-400x198.jpg 400w, https:\/\/www.lasalsavive.org\/portale\/wp-content\/uploads\/2010\/11\/ruben_blades_cantares_copertina.jpg 1299w\" sizes=\"auto, (max-width: 1024px) 100vw, 1024px\" \/><\/figure>\n\n\n\n<p class=\"wp-block-paragraph\">Las Vegas, 11 de noviembre &#8211; El artista paname\u00f1o, Rub\u00e9n Blades, fue galardonado por la Academia Latina de Artes y Ciencias de la Grabaci\u00f3n, con un premio Grammy al Mejor Album Cantautor del A\u00f1o, por su producci\u00f3n titulada \u201cCantares del Subdesarrollo\u201d.<\/p>\n\n\n\n<p class=\"wp-block-paragraph\">El disco, lanzado en agosto del a\u00f1o pasado, marc\u00f3 el regreso del \u00edcono de la salsa, tras cinco a\u00f1os de ausencia del mundo del espect\u00e1culo. \u201cCantares del Subdesarrollo\u201d es catalogado por el propio Blades como \u201cel disco con m\u00e1s swing que he hecho\u201d, ya que por la pureza y falta de arreglos formales con que fue producido, lo han hecho volver a la ra\u00edz del conjunto t\u00edpico cubano.<\/p>\n\n\n\n<figure class=\"wp-block-embed is-type-video is-provider-youtube wp-block-embed-youtube wp-embed-aspect-4-3 wp-has-aspect-ratio\"><div class=\"wp-block-embed__wrapper\">\n<iframe loading=\"lazy\" title=\"Las calles - Rub\u00e9n Blades\" width=\"640\" height=\"480\" src=\"https:\/\/www.youtube.com\/embed\/qn3fSUjn76g?feature=oembed\" frameborder=\"0\" allow=\"accelerometer; autoplay; clipboard-write; encrypted-media; gyroscope; picture-in-picture; web-share\" referrerpolicy=\"strict-origin-when-cross-origin\" allowfullscreen><\/iframe>\n<\/div><\/figure>\n\n\n\n<p class=\"wp-block-paragraph\">\u201cCantares del Subdesarrollo\u201d se grab\u00f3 en el 2003, pero no fue lanzado al mercado hasta el a\u00f1o pasado, cuando retom\u00f3 su carrera art\u00edstica, tras cinco a\u00f1os en el servicio p\u00fablico frente a la cartera de turismo de su pa\u00eds natal, Panam\u00e1. El mismo represent\u00f3 un desaf\u00edo para el cantautor paname\u00f1o, ya que con esta producci\u00f3n se lanz\u00f3 como m\u00fasico independiente, vendiendo el disco directamente desde su p\u00e1gina web, www.rubenblades.com.<\/p>\n\n\n\n<p class=\"wp-block-paragraph\">\u201cEste trabajo lo hice en el garaje de mi casa y toqu\u00e9 casi todos los instrumentos,\u201d asegura Blades, quien dedica el disco a Puerto Rico y a Cuba. \u201cCon ellas se\u00f1alamos la simpleza y el poder de nuestra m\u00fasica popular. Esta producci\u00f3n es tan b\u00e1sica como lo es la vida en nuestros barrios populares: honestidad, valor y esperanza, a\u00fan frente a la dificultad o a la mayor decepci\u00f3n,\u201d destaca el artista paname\u00f1o, quien adem\u00e1s de grabar la voz y todos los coros, toc\u00f3 maracas, bong\u00f3, campana, tres cubano, guitarra ac\u00fastica, con cuerdas de metal y de 12 cuerdas.<\/p>\n\n\n\n<p class=\"wp-block-paragraph\">A finales del mes de noviembre, Blades sacar\u00e1 al mercado su nueva producci\u00f3n titulada \u201cTodos Vuelven Live\u201d que ser\u00e1 una colecci\u00f3n exclusiva que recopila en DVD\u2019s y CD\u2019s la m\u00fasica de los conciertos de su exitosa gira junto a su orquesta Seis del Solar, bajo el sello Ariel Rivas Music.?<\/p>\n","protected":false},"excerpt":{"rendered":"<p>11 novembre 2010 Foto cortesia di www.rubenblades.com Las Vegas, 11 novembre &#8211; L&#8217;artista panamense\u00a0Rub\u00e9n Blades,&#8230;<\/p>\n","protected":false},"author":1,"featured_media":1474,"comment_status":"open","ping_status":"open","sticky":false,"template":"","format":"standard","meta":{"footnotes":""},"categories":[427],"tags":[640,638,639,256],"class_list":["post-1274","post","type-post","status-publish","format-standard","has-post-thumbnail","hentry","category-news","tag-academia-latina-de-artes-y-ciencias-de-la-grabacion","tag-cantares-del-subdesarrollo","tag-grammy-latino","tag-ruben-blades"],"_links":{"self":[{"href":"https:\/\/www.lasalsavive.org\/portale\/wp-json\/wp\/v2\/posts\/1274","targetHints":{"allow":["GET"]}}],"collection":[{"href":"https:\/\/www.lasalsavive.org\/portale\/wp-json\/wp\/v2\/posts"}],"about":[{"href":"https:\/\/www.lasalsavive.org\/portale\/wp-json\/wp\/v2\/types\/post"}],"author":[{"embeddable":true,"href":"https:\/\/www.lasalsavive.org\/portale\/wp-json\/wp\/v2\/users\/1"}],"replies":[{"embeddable":true,"href":"https:\/\/www.lasalsavive.org\/portale\/wp-json\/wp\/v2\/comments?post=1274"}],"version-history":[{"count":10,"href":"https:\/\/www.lasalsavive.org\/portale\/wp-json\/wp\/v2\/posts\/1274\/revisions"}],"predecessor-version":[{"id":13753,"href":"https:\/\/www.lasalsavive.org\/portale\/wp-json\/wp\/v2\/posts\/1274\/revisions\/13753"}],"wp:featuredmedia":[{"embeddable":true,"href":"https:\/\/www.lasalsavive.org\/portale\/wp-json\/wp\/v2\/media\/1474"}],"wp:attachment":[{"href":"https:\/\/www.lasalsavive.org\/portale\/wp-json\/wp\/v2\/media?parent=1274"}],"wp:term":[{"taxonomy":"category","embeddable":true,"href":"https:\/\/www.lasalsavive.org\/portale\/wp-json\/wp\/v2\/categories?post=1274"},{"taxonomy":"post_tag","embeddable":true,"href":"https:\/\/www.lasalsavive.org\/portale\/wp-json\/wp\/v2\/tags?post=1274"}],"curies":[{"name":"wp","href":"https:\/\/api.w.org\/{rel}","templated":true}]}}