{"id":14718,"date":"2026-08-25T10:32:17","date_gmt":"2026-08-25T09:32:17","guid":{"rendered":"https:\/\/www.lasalsavive.org\/portale\/?p=14718"},"modified":"2026-08-25T10:32:18","modified_gmt":"2026-08-25T09:32:18","slug":"la-famiglia-e-famiglia-ruben-blades-racconta-lorigine-di-amor-y-control","status":"publish","type":"post","link":"https:\/\/www.lasalsavive.org\/portale\/2026\/08\/25\/la-famiglia-e-famiglia-ruben-blades-racconta-lorigine-di-amor-y-control\/","title":{"rendered":"\u00abLa famiglia \u00e8 famiglia\u00bb: Rub\u00e9n Blades racconta l\u2019origine di \u201cAmor y Control\u201d"},"content":{"rendered":"\n<p class=\"wp-block-paragraph\"><strong>Il cantautore panamense ha rievocato l\u2019esperienza personale che ispir\u00f2 uno dei suoi brani pi\u00f9 celebri: la malattia della madre, l\u2019incontro con un altro padre in ospedale e il valore universale dell\u2019empatia.<\/strong><\/p>\n\n\n\n<p class=\"wp-block-paragraph\"><em>Di Martha Vanessa Concepci\u00f3n | Adattamento e traduzione italiana<\/em><\/p>\n\n\n\n<p class=\"wp-block-paragraph\">25 agosto 2026<\/p>\n\n\n<div class=\"wp-block-image wp-block-image size-large\">\n<figure class=\"aligncenter size-full is-resized\"><img loading=\"lazy\" decoding=\"async\" width=\"950\" height=\"633\" src=\"https:\/\/www.lasalsavive.org\/portale\/wp-content\/uploads\/2026\/08\/Ruben_Blades.avif\" alt=\"\" class=\"wp-image-14719\" style=\"aspect-ratio:1.5008375209380234;width:463px;height:auto\" srcset=\"https:\/\/www.lasalsavive.org\/portale\/wp-content\/uploads\/2026\/08\/Ruben_Blades.avif 950w, https:\/\/www.lasalsavive.org\/portale\/wp-content\/uploads\/2026\/08\/Ruben_Blades-300x200.avif 300w, https:\/\/www.lasalsavive.org\/portale\/wp-content\/uploads\/2026\/08\/Ruben_Blades-768x512.avif 768w\" sizes=\"auto, (max-width: 950px) 100vw, 950px\" \/><figcaption class=\"wp-element-caption\">Il cantautore panamense Rub\u00e9n Blades. Foto: EFE \/ Archivio, Bienvenido Velasco.<\/figcaption><\/figure>\n<\/div>\n\n\n<p class=\"wp-block-paragraph\">Molti conoscevano gi\u00e0, almeno nelle linee essenziali, l\u2019origine di <em>Amor y Control<\/em>, una delle composizioni pi\u00f9 emblematiche e cantate di Rub\u00e9n Blades nel mondo ispanofono. Ma ascoltare il racconto dalla voce dello stesso artista ha dato alla storia una forza nuova, suscitando grande emozione sulle piattaforme digitali.<\/p>\n\n\n\n<p class=\"wp-block-paragraph\">Il pluripremiato cantautore e attore panamense \u00e8 intervenuto sulla piattaforma educativa globale <em>Aprendemos Juntos<\/em> di BBVA. In quell\u2019occasione ha confermato che il brano nacque direttamente da una tragedia vissuta nella propria famiglia.<\/p>\n\n\n<div class=\"wp-block-image\">\n<figure class=\"aligncenter\"><img decoding=\"async\" src=\"https:\/\/www.prensa.com\/resizer\/v2\/2LGIMFYUNVCCZJSR74ESZCOHXE.jpg?auth=91cc8d381b7fb80ab0de0d4f1ab614aa3cd046426f0ca639ace45d6060a0f8f1&amp;width=375&amp;height=250&amp;quality=85\" alt=\"\u2018Familia es familia\u2019: Rub\u00e9n Blades revela la historia que inspir\u00f3 su \u00e9xito \u2018Amor y Control\u2019\"\/><figcaption class=\"wp-element-caption\">El cantante Rub\u00e9n Blades. EFE\/ Bienvenido Velasco<\/figcaption><\/figure>\n<\/div>\n\n\n<p class=\"wp-block-paragraph\">Blades ha ricordato che l\u2019inizio della canzone prende forma mentre usciva dall\u2019ospedale dopo aver fatto visita alla madre, impegnata nella lotta contro un cancro incurabile. In questo modo ha chiarito che il testo non era soltanto una finzione narrativa.<\/p>\n\n\n\n<p class=\"wp-block-paragraph\">Al centro del suo racconto c\u2019\u00e8 la solidariet\u00e0 umana di fronte alla sofferenza. Uscendo dalla struttura ospedaliera, gi\u00e0 segnato dalla propria angoscia, l\u2019artista incontr\u00f2 un\u2019altra famiglia alle prese con una crisi altrettanto dolorosa: un figlio travolto dalla dipendenza dalle droghe.<\/p>\n\n\n\n<p class=\"wp-block-paragraph\">Riconoscendosi nel dolore del padre di quella famiglia, Blades comprese che le ferite domestiche non fanno distinzioni. Ogni casa, ogni generazione e ogni nucleo familiare pu\u00f2 trovarsi davanti a prove difficili.<\/p>\n\n\n\n<blockquote class=\"wp-block-quote is-layout-flow wp-block-quote-is-layout-flow\">\n<p class=\"wp-block-paragraph\">\u00abHo pensato molto alla mia famiglia: il dolore di quell\u2019uomo era il mio dolore. In tutte le case c\u2019\u00e8 sempre qualche problema.\u00bb<\/p>\n<\/blockquote>\n\n\n\n<p class=\"wp-block-paragraph\">Per il musicista, le famiglie hanno sempre bisogno di \u201camore e controllo\u201d per affrontare le disgrazie e riuscire a superarle. \u00c8 anche per questo che il pubblico di tanti Paesi ha fatto propria la canzone, trasformandola in un simbolo di resilienza condivisa.<\/p>\n\n\n<div class=\"wp-block-image\">\n<figure class=\"aligncenter\"><img decoding=\"async\" src=\"https:\/\/www.prensa.com\/resizer\/v2\/LPWBEGPXSVFPXJDCLZISWW77Z4.jpg?auth=3d77094f9fc9f4b523377783bf372d4a9aca50e075d6926a80be0bfc6e39f4b7&amp;width=375&amp;height=211&amp;quality=85\" alt=\"\u2018Familia es familia\u2019: Rub\u00e9n Blades revela la historia que inspir\u00f3 su \u00e9xito \u2018Amor y Control\u2019\"\/><\/figure>\n<\/div>\n\n\n<blockquote class=\"wp-block-quote is-layout-flow wp-block-quote-is-layout-flow\">\n<p class=\"wp-block-paragraph\">\u00abQuanto controllo e quanto amore devono esserci in una casa per sopravvivere alla disgrazia.\u00bb<\/p>\n<\/blockquote>\n\n\n\n<h2 class=\"wp-block-heading\"><span><i class=\"fas fa-arrow-right\"><\/i><\/span>Milioni di ascolti su Spotify <\/h2>\n\n\n\n<p class=\"wp-block-paragraph\"><em>Amor y Control<\/em> usc\u00ec nel 1992 nell\u2019album omonimo realizzato con l\u2019orchestra Son del Solar. Il disco vinse nel 1993 il Grammy nella categoria <em>Best Tropical Latin Performance<\/em>.<\/p>\n\n\n\n<figure class=\"wp-block-embed is-type-video is-provider-youtube wp-block-embed-youtube wp-embed-aspect-16-9 wp-has-aspect-ratio\"><div class=\"wp-block-embed__wrapper\">\n<iframe loading=\"lazy\" title=\"Amor Y Control - Rub\u00e9n Blades\" width=\"640\" height=\"360\" src=\"https:\/\/www.youtube.com\/embed\/22sg9Kw45ZU?feature=oembed\" frameborder=\"0\" allow=\"accelerometer; autoplay; clipboard-write; encrypted-media; gyroscope; picture-in-picture; web-share\" referrerpolicy=\"strict-origin-when-cross-origin\" allowfullscreen><\/iframe>\n<\/div><\/figure>\n\n\n\n<p class=\"wp-block-paragraph\">A oltre trent\u2019anni dalla pubblicazione in vinile e CD, il brano continua a essere tra i pi\u00f9 ascoltati del repertorio di Rub\u00e9n Blades sulle piattaforme digitali. La versione originale supera i 190 milioni di riproduzioni su Spotify ed \u00e8 preceduta, nel suo catalogo, soltanto dal classico <em>Pedro Navaja<\/em>, che supera i 205 milioni di ascolti.<\/p>\n\n\n\n<p class=\"wp-block-paragraph\">Considerata una delle opere centrali della cosiddetta \u201csalsa intellettuale\u201d, <em>Amor y Control<\/em> resta cos\u00ec una testimonianza musicale capace di unire memoria personale, dolore, comprensione e speranza.<\/p>\n\n\n\n<p class=\"wp-block-paragraph\"><strong>Fonte:<\/strong> <a href=\"https:\/\/www.prensa.com\/vivir\/familia-es-familia-ruben-blades-revela-la-historia-real-que-inspiro-su-iconico-exito-amor-y-control\/\" target=\"_blank\" rel=\"noopener\">La Prensa Panam\u00e1<\/a>, 25 agosto 2026.<\/p>\n\n\n\n<p class=\"wp-block-paragraph\"><iframe loading=\"lazy\" src=\"https:\/\/www.instagram.com\/reel\/Dca8sY4uanL\/embed\/\" width=\"400\" height=\"480\" frameborder=\"0\" scrolling=\"no\" allowtransparency=\"true\"><br \/>\n<\/iframe><\/p>\n\n\n\n<h2 class=\"wp-block-heading\"><span><i class=\"fas fa-arrow-right\"><\/i><\/span>Espa\u00f1ol <\/h2>\n\n\n\n<h1 class=\"wp-block-heading\"><span><i class=\"fas fa-arrow-right\"><\/i><\/span>\u2018Familia es familia\u2019: Rub\u00e9n Blades revela la historia que inspir\u00f3 su \u00e9xito \u2018Amor y Control\u2019 <\/h1>\n\n\n\n<h2 class=\"wp-block-heading\"><span><i class=\"fas fa-arrow-right\"><\/i><\/span>El cantautor paname\u00f1o detall\u00f3 c\u00f3mo el c\u00e1ncer de su madre y la empat\u00eda con el sufrimiento ajeno dieron vida a este himno universal. <\/h2>\n\n\n\n<p class=\"wp-block-paragraph\"><a href=\"https:\/\/www.prensa.com\/autor\/martha-vanessa-concepcion\">Martha Vanessa Concepci\u00f3n<\/a><\/p>\n\n\n\n<p class=\"wp-block-paragraph\">25 ago 2026 &#8211; 12:15 AM<\/p>\n\n\n<div class=\"wp-block-image\">\n<figure class=\"aligncenter is-resized\"><img decoding=\"async\" src=\"https:\/\/www.prensa.com\/resizer\/v2\/LUNMJS3GPVDADF3MWJT2WYTHOY.jpg?auth=f54f4f2b1b42c80504080bcbeb0b1dc2f93bda13be4b8075dccb7d5199f89496&amp;width=375&amp;height=250&amp;quality=85\" alt=\"\u2018Familia es familia\u2019: Rub\u00e9n Blades revela la historia que inspir\u00f3 su \u00e9xito \u2018Amor y Control\u2019\" style=\"width:543px;height:auto\"\/><figcaption class=\"wp-element-caption\">El cantautor paname\u00f1o Rub\u00e9n Blades. EFE\/ Archivo. Bienvenido Velasco<\/figcaption><\/figure>\n<\/div>\n\n\n<p class=\"wp-block-paragraph\"><a href=\"https:\/\/www.prensa.com\/vivir\/familia-es-familia-ruben-blades-revela-la-historia-real-que-inspiro-su-iconico-exito-amor-y-control\/#\"><\/a><a href=\"https:\/\/www.prensa.com\/vivir\/familia-es-familia-ruben-blades-revela-la-historia-real-que-inspiro-su-iconico-exito-amor-y-control\/#\"><\/a><a href=\"https:\/\/www.prensa.com\/vivir\/familia-es-familia-ruben-blades-revela-la-historia-real-que-inspiro-su-iconico-exito-amor-y-control\/#\"><\/a><a href=\"https:\/\/www.prensa.com\/vivir\/familia-es-familia-ruben-blades-revela-la-historia-real-que-inspiro-su-iconico-exito-amor-y-control\/#\"><\/a><\/p>\n\n\n\n<p class=\"wp-block-paragraph\">Muchos tal vez conoc\u00edan la base del origen de una de las composiciones de Rub\u00e9n Blades m\u00e1s emblem\u00e1ticas y coreadas en el mundo hispanohablante:&nbsp;<strong>\u201cAmor y Control\u201d<\/strong>, pero escuchar la historia de su propia voz ha tomado otra dimensi\u00f3n, generado un profundo impacto y conexi\u00f3n emocional en las plataformas digitales.<\/p>\n\n\n\n<p class=\"wp-block-paragraph\">El laureado cantautor y actor paname\u00f1o particip\u00f3 en la plataforma educativa global&nbsp;<em>Aprendemos Juntos<\/em>&nbsp;del BBVA, que busca dar voz a mentes brillantes para aportar herramientas y conocimientos que gu\u00eden a las personas hacia una vida mejor.<\/p>\n\n\n\n<p class=\"wp-block-paragraph\">A trav\u00e9s de esa plataforma, el artista confirm\u00f3 que la canci\u00f3n naci\u00f3 directamente de su propia vivencia familiar con la tragedia.<\/p>\n\n\n<div class=\"wp-block-image\">\n<figure class=\"aligncenter\"><img decoding=\"async\" src=\"https:\/\/www.prensa.com\/resizer\/v2\/2LGIMFYUNVCCZJSR74ESZCOHXE.jpg?auth=91cc8d381b7fb80ab0de0d4f1ab614aa3cd046426f0ca639ace45d6060a0f8f1&amp;width=375&amp;height=250&amp;quality=85\" alt=\"\u2018Familia es familia\u2019: Rub\u00e9n Blades revela la historia que inspir\u00f3 su \u00e9xito \u2018Amor y Control\u2019\"\/><figcaption class=\"wp-element-caption\">El cantante Rub\u00e9n Blades. EFE\/ Bienvenido Velasco<\/figcaption><\/figure>\n<\/div>\n\n\n<p class=\"wp-block-paragraph\">\u201cComienza y se introduce solamente porque yo vengo saliendo del hospital despu\u00e9s de ver a mi mam\u00e1, que est\u00e1 luchando contra un c\u00e1ncer que no se puede curar\u201d, rememor\u00f3 el artista, desmitificando la idea de que la letra fuese una simple ficci\u00f3n narrativa.<\/p>\n\n\n\n<p class=\"wp-block-paragraph\">El enfoque del relato de Blades se centr\u00f3 en la solidaridad humana frente a la adversidad.<\/p>\n\n\n\n<p class=\"wp-block-paragraph\">El m\u00fasico relat\u00f3 que, al salir del centro m\u00e9dico cargando con su propia aflicci\u00f3n, se top\u00f3 en el entorno hospitalario con otra familia que atravesaba una crisis similar, aunque marcada por la decadencia de un hijo sumergido en la adicci\u00f3n a las drogas.<\/p>\n\n\n\n<p class=\"wp-block-paragraph\">Al escuchar e identificarse con el sufrimiento del pap\u00e1 de ese hogar, Blades comprendi\u00f3 que el dolor dom\u00e9stico no entiende de distinciones.<\/p>\n\n\n\n<p class=\"wp-block-paragraph\"><strong>\u201cPens\u00e9 mucho en mi familia,<\/strong>&nbsp;el dolor de este se\u00f1or es el dolor m\u00edo; en todas las casas hay alg\u00fan problema, siempre\u201d, reflexion\u00f3 el compositor.<\/p>\n\n\n\n<p class=\"wp-block-paragraph\">Blades concluy\u00f3 enfatizando que todas las familias de todas las generaciones requerir\u00e1n siempre de \u201camor y control\u201d para superar las desgracias con \u00e9xito y celebr\u00f3 el hecho de que el p\u00fablico global haya adoptado la canci\u00f3n como un testimonio propio de resiliencia colectiva.<\/p>\n\n\n<div class=\"wp-block-image\">\n<figure class=\"aligncenter\"><img decoding=\"async\" src=\"https:\/\/www.prensa.com\/resizer\/v2\/LPWBEGPXSVFPXJDCLZISWW77Z4.jpg?auth=3d77094f9fc9f4b523377783bf372d4a9aca50e075d6926a80be0bfc6e39f4b7&amp;width=375&amp;height=211&amp;quality=85\" alt=\"\u2018Familia es familia\u2019: Rub\u00e9n Blades revela la historia que inspir\u00f3 su \u00e9xito \u2018Amor y Control\u2019\"\/><\/figure>\n<\/div>\n\n\n<p class=\"wp-block-paragraph\">\u201cCu\u00e1nto control y cu\u00e1nto amor debe haber en una casa para sobrevivir a la desgracia\u201d, recalca el cantante.<\/p>\n\n\n\n<h2 class=\"wp-block-heading\"><span><i class=\"fas fa-arrow-right\"><\/i><\/span>Millones de reproducciones en Spotify <\/h2>\n\n\n\n<p class=\"wp-block-paragraph\"><strong>\u201cAmor y Control\u201d<\/strong>&nbsp;fue lanzada en&nbsp;<strong>1992<\/strong>&nbsp;dentro del \u00e1lbum del mismo nombre junto a la orquesta&nbsp;<em>Son del Solar, producci\u00f3n que fue&nbsp;<\/em>fue galardonada con el&nbsp;<strong>Premio Grammy en 1993<\/strong>&nbsp;en la categor\u00eda de&nbsp;<em>Best Tropical Latin Performance<\/em>&nbsp;(Mejor \u00c1lbum Latino Tropical).<\/p>\n\n\n\n<figure class=\"wp-block-embed is-type-video is-provider-youtube wp-block-embed-youtube wp-embed-aspect-16-9 wp-has-aspect-ratio\"><div class=\"wp-block-embed__wrapper\">\n<iframe loading=\"lazy\" title=\"Amor Y Control - Rub\u00e9n Blades\" width=\"640\" height=\"360\" src=\"https:\/\/www.youtube.com\/embed\/22sg9Kw45ZU?feature=oembed\" frameborder=\"0\" allow=\"accelerometer; autoplay; clipboard-write; encrypted-media; gyroscope; picture-in-picture; web-share\" referrerpolicy=\"strict-origin-when-cross-origin\" allowfullscreen><\/iframe>\n<\/div><\/figure>\n\n\n\n<p class=\"wp-block-paragraph\">Hoy por hoy es una de las canciones m\u00e1s coreadas de Hispanoam\u00e9rica y considerada una de las obras cumbres de la \u201csalsa intelectual\u201d, pilar fundamental en la consagraci\u00f3n del estatus legendario de Blades.<\/p>\n\n\n\n<p class=\"wp-block-paragraph\">Tres d\u00e9cadas despu\u00e9s de su lanzamiento f\u00edsico en formato de vinilo y CD, la canci\u00f3n se mantiene como uno de los temas m\u00e1s reproducidos de Blades en plataformas digitales. Solo en su versi\u00f3n original registra m\u00e1s de 190 millones de reproducciones en Spotify, superada \u00fanicamente por su legendario cl\u00e1sico&nbsp;<em>\u201cPedro Navaja\u201d<\/em>, el cual acumula algo m\u00e1s de 205 millones de reproducciones.<\/p>\n\n\n\n<p class=\"wp-block-paragraph\"><iframe loading=\"lazy\" src=\"https:\/\/www.instagram.com\/reel\/Dca8sY4uanL\/embed\/\" width=\"400\" height=\"480\" frameborder=\"0\" scrolling=\"no\" allowtransparency=\"true\"><br \/>\n<\/iframe><\/p>\n\n\n\n<p class=\"wp-block-paragraph\"><strong>Fuente:<\/strong> <a href=\"https:\/\/www.prensa.com\/vivir\/familia-es-familia-ruben-blades-revela-la-historia-real-que-inspiro-su-iconico-exito-amor-y-control\/\" target=\"_blank\" rel=\"noopener\">La Prensa Panam\u00e1<\/a>, 25 de agosto de 2026.<\/p>\n","protected":false},"excerpt":{"rendered":"<p>Il cantautore panamense ha rievocato l\u2019esperienza personale che ispir\u00f2 uno dei suoi brani pi\u00f9 celebri:&#8230;<\/p>\n","protected":false},"author":1,"featured_media":14723,"comment_status":"open","ping_status":"open","sticky":false,"template":"","format":"standard","meta":{"footnotes":""},"categories":[427],"tags":[990,1825,256,544],"class_list":["post-14718","post","type-post","status-publish","format-standard","has-post-thumbnail","hentry","category-news","tag-amor-y-control","tag-la-prensa-panama","tag-ruben-blades","tag-salsa"],"_links":{"self":[{"href":"https:\/\/www.lasalsavive.org\/portale\/wp-json\/wp\/v2\/posts\/14718","targetHints":{"allow":["GET"]}}],"collection":[{"href":"https:\/\/www.lasalsavive.org\/portale\/wp-json\/wp\/v2\/posts"}],"about":[{"href":"https:\/\/www.lasalsavive.org\/portale\/wp-json\/wp\/v2\/types\/post"}],"author":[{"embeddable":true,"href":"https:\/\/www.lasalsavive.org\/portale\/wp-json\/wp\/v2\/users\/1"}],"replies":[{"embeddable":true,"href":"https:\/\/www.lasalsavive.org\/portale\/wp-json\/wp\/v2\/comments?post=14718"}],"version-history":[{"count":5,"href":"https:\/\/www.lasalsavive.org\/portale\/wp-json\/wp\/v2\/posts\/14718\/revisions"}],"predecessor-version":[{"id":14726,"href":"https:\/\/www.lasalsavive.org\/portale\/wp-json\/wp\/v2\/posts\/14718\/revisions\/14726"}],"wp:featuredmedia":[{"embeddable":true,"href":"https:\/\/www.lasalsavive.org\/portale\/wp-json\/wp\/v2\/media\/14723"}],"wp:attachment":[{"href":"https:\/\/www.lasalsavive.org\/portale\/wp-json\/wp\/v2\/media?parent=14718"}],"wp:term":[{"taxonomy":"category","embeddable":true,"href":"https:\/\/www.lasalsavive.org\/portale\/wp-json\/wp\/v2\/categories?post=14718"},{"taxonomy":"post_tag","embeddable":true,"href":"https:\/\/www.lasalsavive.org\/portale\/wp-json\/wp\/v2\/tags?post=14718"}],"curies":[{"name":"wp","href":"https:\/\/api.w.org\/{rel}","templated":true}]}}