{"id":2069,"date":"2011-11-17T16:26:10","date_gmt":"2011-11-17T15:26:10","guid":{"rendered":"http:\/\/www.lasalsavive.org\/portale\/?p=2069"},"modified":"2026-06-28T13:45:23","modified_gmt":"2026-06-28T12:45:23","slug":"ruben-blades-vince-il-grammy-latino-con-lalbum-todos-vuelven-live","status":"publish","type":"post","link":"https:\/\/www.lasalsavive.org\/portale\/2011\/11\/17\/ruben-blades-vince-il-grammy-latino-con-lalbum-todos-vuelven-live\/","title":{"rendered":"Ruben Blades vince il Grammy Latino con l&#8217;album &#8220;Todos vuelven live&#8221;."},"content":{"rendered":"<div class=\"wp-block-image\">\n<figure class=\"aligncenter\"><a href=\"http:\/\/www.lasalsavive.org\/portale\/2011\/11\/17\/ruben-blades-vince-il-grammy-latino-con-lalbum-todos-vuelven-live\/ruben_blades_todos_vuelven\/\" rel=\"attachment wp-att-2070\"><img loading=\"lazy\" decoding=\"async\" width=\"300\" height=\"225\" src=\"http:\/\/www.lasalsavive.org\/portale\/wp-content\/uploads\/2011\/11\/ruben_blades_todos_vuelven-300x225.jpg\" alt=\"Ruben Blades\" class=\"wp-image-2070\" srcset=\"https:\/\/www.lasalsavive.org\/portale\/wp-content\/uploads\/2011\/11\/ruben_blades_todos_vuelven-300x225.jpg 300w, https:\/\/www.lasalsavive.org\/portale\/wp-content\/uploads\/2011\/11\/ruben_blades_todos_vuelven-400x300.jpg 400w, https:\/\/www.lasalsavive.org\/portale\/wp-content\/uploads\/2011\/11\/ruben_blades_todos_vuelven.jpg 720w\" sizes=\"auto, (max-width: 300px) 100vw, 300px\" \/><\/a><\/figure>\n<\/div>\n\n\n<p class=\"wp-block-paragraph\">Una bella notizia arriva dal sito web di <strong>Ruben Blades<\/strong>, fresco vincitore del Grammy Latino grazie all&#8217;ultimo lavoro &#8220;<strong>Todos vuelven live<\/strong>&#8220;, album registrato durante il tour con l&#8217;orchestra <strong>Seis del Solar<\/strong>.<br \/>\nLe pi\u00f9 sentite congratulazioni de LaSalsaVive a Mr. Blades!<\/p>\n\n\n\n<figure class=\"wp-block-embed is-type-video is-provider-youtube wp-block-embed-youtube wp-embed-aspect-16-9 wp-has-aspect-ratio\"><div class=\"wp-block-embed__wrapper\">\n<iframe loading=\"lazy\" title=\"Ruben Blades, Todos Vuelven Tour, Puerto Rico.\" width=\"640\" height=\"360\" src=\"https:\/\/www.youtube.com\/embed\/iYurQ3Xk260?feature=oembed\" frameborder=\"0\" allow=\"accelerometer; autoplay; clipboard-write; encrypted-media; gyroscope; picture-in-picture; web-share\" referrerpolicy=\"strict-origin-when-cross-origin\" allowfullscreen><\/iframe>\n<\/div><\/figure>\n\n\n\n<p class=\"wp-block-paragraph\">Questo il messaggio del cantautore panamense:<\/p>\n\n\n\n<p class=\"wp-block-paragraph\">Mensaje de Rub\u00e9n<\/p>\n\n\n\n<p class=\"wp-block-paragraph\">A nombre de Seis del Solar, de Ariel Rivas y de todo el equipo t\u00e9cnico que particip\u00f3 en la grabaci\u00f3n de este trabajo, agradecemos esta distinci\u00f3n.<\/p>\n\n\n\n<p class=\"wp-block-paragraph\">A la Academia y a todos los miembros votantes, compa\u00f1eros m\u00fasicos tambi\u00e9n, muchas gracias. Espero continuar sosteniendo el nivel de calidad y profesionalismo al que aspiro en cada una de mis grabaciones. A mis compa\u00f1eros de Seis del Solar, con quienes comparto el premio -y sin los cuales esto jam\u00e1s hubiese ocurrido, es un honor el trabajar con ustedes y disfrutar de su amistad y talento.<\/p>\n\n\n\n<p class=\"wp-block-paragraph\">Este reconocimiento es prueba adicional de la calidad de Panam\u00e1 y de su potencial art\u00edstico. A nombre de mi Patria y de su clase art\u00edstica,<br \/>\nGracias a todos!<\/p>\n\n\n\n<p class=\"wp-block-paragraph\">Rub\u00e9n Blades<\/p>\n","protected":false},"excerpt":{"rendered":"<p>Una bella notizia arriva dal sito web di Ruben Blades, fresco vincitore del Grammy Latino&#8230;<\/p>\n","protected":false},"author":1,"featured_media":2070,"comment_status":"open","ping_status":"open","sticky":false,"template":"","format":"standard","meta":{"footnotes":""},"categories":[427],"tags":[639,256,689],"class_list":["post-2069","post","type-post","status-publish","format-standard","has-post-thumbnail","hentry","category-news","tag-grammy-latino","tag-ruben-blades","tag-seis-del-solar"],"_links":{"self":[{"href":"https:\/\/www.lasalsavive.org\/portale\/wp-json\/wp\/v2\/posts\/2069","targetHints":{"allow":["GET"]}}],"collection":[{"href":"https:\/\/www.lasalsavive.org\/portale\/wp-json\/wp\/v2\/posts"}],"about":[{"href":"https:\/\/www.lasalsavive.org\/portale\/wp-json\/wp\/v2\/types\/post"}],"author":[{"embeddable":true,"href":"https:\/\/www.lasalsavive.org\/portale\/wp-json\/wp\/v2\/users\/1"}],"replies":[{"embeddable":true,"href":"https:\/\/www.lasalsavive.org\/portale\/wp-json\/wp\/v2\/comments?post=2069"}],"version-history":[{"count":12,"href":"https:\/\/www.lasalsavive.org\/portale\/wp-json\/wp\/v2\/posts\/2069\/revisions"}],"predecessor-version":[{"id":13404,"href":"https:\/\/www.lasalsavive.org\/portale\/wp-json\/wp\/v2\/posts\/2069\/revisions\/13404"}],"wp:featuredmedia":[{"embeddable":true,"href":"https:\/\/www.lasalsavive.org\/portale\/wp-json\/wp\/v2\/media\/2070"}],"wp:attachment":[{"href":"https:\/\/www.lasalsavive.org\/portale\/wp-json\/wp\/v2\/media?parent=2069"}],"wp:term":[{"taxonomy":"category","embeddable":true,"href":"https:\/\/www.lasalsavive.org\/portale\/wp-json\/wp\/v2\/categories?post=2069"},{"taxonomy":"post_tag","embeddable":true,"href":"https:\/\/www.lasalsavive.org\/portale\/wp-json\/wp\/v2\/tags?post=2069"}],"curies":[{"name":"wp","href":"https:\/\/api.w.org\/{rel}","templated":true}]}}