{"id":3222,"date":"2012-05-29T22:07:29","date_gmt":"2012-05-29T21:07:29","guid":{"rendered":"http:\/\/www.lasalsavive.org\/portale\/?p=3222"},"modified":"2026-08-11T08:13:54","modified_gmt":"2026-08-11T07:13:54","slug":"intervista-a-frankie-figueroa","status":"publish","type":"post","link":"https:\/\/www.lasalsavive.org\/portale\/2012\/05\/29\/intervista-a-frankie-figueroa\/","title":{"rendered":"Intervista a Frankie Figueroa"},"content":{"rendered":"\n<p class=\"wp-block-paragraph\">di <strong>JUAN CARLOS \u00c1NGEL<\/strong> per la rivista <strong><a href=\"https:\/\/elsonerodebarrio.com\/entrevista-frankie-figueroa\/\">Sonero de Barrio<\/a><\/strong><\/p>\n\n\n\n<p class=\"has-text-align-left wp-block-paragraph\">Le interviste che ho realizzato, per me, sono state tutte molto soddisfacenti, alcune per il carisma degli artisti e altre per l&#8217;importanza del personaggio. Per\u00f2 intervistare quei musicisti e cantanti che attraverso il tempo si sono persi senza dare segnali, mi da ancora maggiori motivazioni. Ogni volta che ci troviamo a casa di collezionisti o in qualche bar e ascoltiamo le nostre canzoni preferite, ci domandiamo che ne sar\u00e0 stato della vita di quell&#8217;artista; a volte non abbiamo una risposta chiara, il pi\u00f9 delle volte si dice che probabilmente sar\u00e0 gi\u00e0 morto.<\/p>\n\n\n\n<p class=\"wp-block-paragraph\">Per questo motivo ho iniziato a fare delle ricerche sui luoghi di ognuno dei nostri idoli salseri, alcuni gi\u00e0 ritirati e altri ancora con la voglia di continuare a suonare. In questa occasione abbiamo invitato alla rivista &#8220;El Sonero del Barrio&#8221; <strong>Frankie Figueroa<\/strong>, meglio conosciuto come &#8220;Mr. Estilo&#8221;, originario della citt\u00e0 di Guayama, che si trova nella costa sud di Portorico. Questa zona \u00e8 conosciuta come il paese degli stregoni, a causa di un leggendario lanciatore di una squadra di baseball di Guayama soprannominato \u201cMoncho el brujo\u201d, terra dove era nato il compositore pi\u00f9 prolifico della salsa: <strong>Tite Curet Alonso<\/strong>. Frankie Figueroa \u00e8 un altro figlio del paese stregato, uno straordinario sonero che \u00e8 riesce facilmente a interpretare tanto un bolero quanto un guaguanco o un son montuno. Ha fatto parte di orchestre di grande successo come quella di <strong>C\u00e9sar Concepci\u00f3n<\/strong>, <strong>Jorge Ortega<\/strong>, <strong>Willie Rosario<\/strong>, <strong>Chucho Rodr\u00edguez<\/strong>, <strong>Memo Salamanca<\/strong> e <strong>Tito Puente<\/strong> fra le altre, lasciando il suo segno di grande qualit\u00e0 in ognuna di esse, cos\u00ec come nella sua orchestra. Vi invito pertanto a gustare la seguente intervista che ho realizzato con questo gran cantante.<\/p>\n\n\n\n<p class=\"wp-block-paragraph\">D.&nbsp;Juan Carlos: Quali sono i nomi dei suoi genitori e cosa facevano nella vita?<\/p>\n\n\n\n<p class=\"wp-block-paragraph\">R.&nbsp;Frankie: Mia madre si chiamava Vicenta L\u00f3pez Villa ed era una casalinga, mio padre F\u00e9lix Frank Figueroa lavorava come verniciatore e meccanico d&#8217;auto, oltre a impegnarsi in politica per molti anni a Portorico.<\/p>\n\n\n<div class=\"wp-block-image size-full wp-image-3225\">\n<figure class=\"aligncenter\"><img loading=\"lazy\" decoding=\"async\" width=\"403\" height=\"431\" src=\"http:\/\/www.lasalsavive.org\/portale\/wp-content\/uploads\/2012\/04\/frankie_figueroa1.jpg\" alt=\"Frankie Figueroa. Foto: cortesia de Joe Quijano, Tito Puente, ROAST DVD\" class=\"wp-image-3225\" srcset=\"https:\/\/www.lasalsavive.org\/portale\/wp-content\/uploads\/2012\/04\/frankie_figueroa1.jpg 403w, https:\/\/www.lasalsavive.org\/portale\/wp-content\/uploads\/2012\/04\/frankie_figueroa1-280x300.jpg 280w, https:\/\/www.lasalsavive.org\/portale\/wp-content\/uploads\/2012\/04\/frankie_figueroa1-400x427.jpg 400w\" sizes=\"auto, (max-width: 403px) 100vw, 403px\" \/><figcaption class=\"wp-element-caption\">Frankie Figueroa. Foto: cortesia di Joe Quijano, Tito Puente, ROAST DVD<\/figcaption><\/figure>\n<\/div>\n\n\n<p class=\"wp-block-paragraph\">D. Pu\u00f2 dirci il suo nome di battesimo, la data ed il luogo di nascita? E come furono i primi anni della sua infanzia?<\/p>\n\n\n\n<p class=\"wp-block-paragraph\">R. Mi chiamo F\u00e9lix Frank Figueroa: sono nato a Guayama, Portorico, il 27 gennaio del 1941; ho iniziato la scuola all&#8217;et\u00e0 di 7 anni; da bambino lavoravo vendendo giornali e frutta, ho anche pulito le scarpe; l&#8217;ho fatto solo per due anni, poi ho smesso perch\u00e8 mi vergognavo quando mi vedevano le ragazze della scuola (ride). Ho cominciato con la musica suonando i barattoli di latta perch\u00e8 non avevo soldi per comprarmi delle percussioni, mi ricordo che andavo nella cucina di mia madre a fare pratica con le percussioni e utilizzavo come tamburo la latta dove lei conservava il combustibile per accendere la stufa. Successivamente mi chiamarono a far parte della Banda Municipale di Guayama; il canto a quell&#8217;epoca non mi interessava pi\u00f9 di tanto, cantavo solo nella scuola musica di Natale.<br \/>\nEntrai nella Banda suonando la batteria, quando iniziarono a dirmi come fare non fu necessario perch\u00e8 io ero gi\u00e0 capace di suonarla. Nessuno mi insegn\u00f2 a suonare le percussioni perch\u00e8 imparai a farlo ad orecchio ascoltando la radio. La prima orchestra che ascoltai fu quella di <strong>C\u00e9sar Concepci\u00f3n<\/strong>, era la mia orchestra preferita e mai avrei pensato un giorno di entrarne a far parte; alla radio ascoltavo anche la musica di trii come <strong><a href=\"http:\/\/youtu.be\/kBL3LyNI9Uk\" target=\"_blank\" rel=\"noopener\">Johnny Albino<\/a><\/strong>, il <strong><a href=\"https:\/\/youtu.be\/Vb_ue5WsAwM?si=G6_EkosHyXHFvnAs\" target=\"_blank\" rel=\"noopener\">trio Los Panchos<\/a><\/strong>, <strong>Felipe Rodr\u00edguez<\/strong>, e grandi orchestre come quelle di <strong><a href=\"https:\/\/youtu.be\/7CADAUKiieQ?si=VNbesY5620obRbTz\" target=\"_blank\" rel=\"noopener\">P\u00e9rez Prado<\/a><\/strong> e <strong><a title=\"Tito Puente e Frankie Figueroa 1981\" href=\"http:\/\/youtu.be\/fAbefDD8OFQ\" target=\"_blank\" rel=\"noopener\">Tito Puente<\/a><\/strong>.<\/p>\n\n\n\n<figure class=\"wp-block-embed is-type-video is-provider-youtube wp-block-embed-youtube wp-embed-aspect-4-3 wp-has-aspect-ratio\"><div class=\"wp-block-embed__wrapper\">\n<iframe loading=\"lazy\" title=\"Pa&amp;apos; los Boricuas Ausentes\" width=\"640\" height=\"480\" src=\"https:\/\/www.youtube.com\/embed\/rHTlodBn9ok?feature=oembed\" frameborder=\"0\" allow=\"accelerometer; autoplay; clipboard-write; encrypted-media; gyroscope; picture-in-picture; web-share\" referrerpolicy=\"strict-origin-when-cross-origin\" allowfullscreen><\/iframe>\n<\/div><\/figure>\n\n\n\n<center><strong>L&#8217;orchestra di Cesar Concepcion<\/strong><\/center>\n\n\n<div class=\"wp-block-image\">\n<figure class=\"aligncenter\"><img loading=\"lazy\" decoding=\"async\" width=\"247\" height=\"302\" src=\"http:\/\/www.lasalsavive.org\/portale\/wp-content\/uploads\/2012\/04\/FRANKIE_NIO.jpg\" alt=\"Frankie Figueroa\" class=\"wp-image-3226\" title=\"Frankie Figueroa\" srcset=\"https:\/\/www.lasalsavive.org\/portale\/wp-content\/uploads\/2012\/04\/FRANKIE_NIO.jpg 247w, https:\/\/www.lasalsavive.org\/portale\/wp-content\/uploads\/2012\/04\/FRANKIE_NIO-245x300.jpg 245w\" sizes=\"auto, (max-width: 247px) 100vw, 247px\" \/><\/figure>\n<\/div>\n\n\n<p class=\"wp-block-paragraph\"><\/p>\n\n\n\n<p class=\"wp-block-paragraph\">Terminati gli studi nel 1959 andai negli Stati Uniti e iniziai a suonare come percussionista con vari gruppi minori amatoriali e per un breve periodo nell&#8217;orchestra di <strong>Moncho Le\u00f1a<\/strong>. Successivamente fui raccomandato da un mio grande amico pianista che era soprannominato \u201cMacucho\u201d, per suonare nell&#8217;orchestra di <strong>Paquito L\u00f3pez Vidal<\/strong>, il compositore di <strong><em>Esp\u00e9rame en el cielo<\/em><\/strong>.<br \/> Ho lavorato per tre anni suonando le tumbadoras, il cantante di questa orchestra mi dava l&#8217;opportunit\u00e0 di cantare una canzone per ogni concerto.<br \/> A seguire ho lavorato per quasi due anni al Broadway Casino con l&#8217;orchestra di <strong>Carlos Pizarro<\/strong>; poi andammo al <strong>Caravana Club<\/strong>, che per quell&#8217;epoca era il miglior club di salsa e pachanga, e fu l\u00ec dove mi videro <strong>Willie Rosario<\/strong> e <strong>Bobby Valent\u00edn<\/strong> che era il trombettista della sua orchestra.<\/p>\n\n\n\n<p class=\"wp-block-paragraph\">Loro mi sentirono cantare una delle canzoni che mi lasciavano cantare durante l&#8217;esibizione, un bolero chiamato Negrura che registr\u00f2 <strong>Rolando Laserie<\/strong>; fu cos\u00ec che mi invitarono a far parte della loro nuova orchestra, la quale era stata modificata a seguito di un problema con il cantante <strong>Yayo el Indio<\/strong>, che l&#8217;orchestra di Willie accompagnava nel <strong>club Caborroje\u00f1o<\/strong>. Yayo ed il pianista <strong>H\u00e9ctor Rivera<\/strong> rimasero con tutti i musicisti ad eccezione di <strong>Bobby Valent\u00edn<\/strong>.<\/p>\n\n\n\n<p class=\"wp-block-paragraph\">Registrai il primo LP di Willie Rosario, come vocalista per\u00f2 non ero ancora il cantante della nuova orchestra; lui aveva l&#8217;intenzione di integrare <strong>Alfredo Vargas<\/strong> che era il cantante dell&#8217;orchestra pi\u00f9 antica di Portorico, l&#8217;orchestra <strong>Happy Hills de San Germ\u00e1n<\/strong>, per\u00f2 a Willie non piaceva questo cantante e decise di scegliere me.<\/p>\n\n\n\n<p class=\"wp-block-paragraph\">Con l&#8217;orchestra di Willie lavorai per due stagioni, dopo di che entrai a far parte dell&#8217;orchestra di C\u00e9sar Concepci\u00f3n e viaggiammo a Portorico. Andai avanti per due anni con questa orchestra. Dopo andai in Messico dove firmai per la famosa etichetta discografica <strong>Musart<\/strong>, io sono stato il primo cantante portoricano a registrare per questa gloriosa compagnia messicana, ebbi il grande onore di registrare con grandi maestri come <strong>Memo Salamanca<\/strong>, <strong>Nacho Rosales<\/strong> e <strong>Bobby Ortega<\/strong>.<\/p>\n\n\n\n<p class=\"wp-block-paragraph\">Bene, dopo queste esperienze in Messico mi chiam\u00f2 da Panama il figlio di <strong>Miguelito Vald\u00e9s \u201cMr. Babal\u00fa\u201d<\/strong> detto \u201cChengue\u201d, per lavorare in un programma televisivo che lui dirigeva per il canale TV2 nello show di Blanquita Amaro, che era una ballerina, cantante e attrice cubana.<br \/>\nInizialmente il mio contratto con il canale era per dieci giorni ma rimasi per tre mesi.<\/p>\n\n\n<div class=\"wp-block-image size-full wp-image-3228\">\n<figure class=\"aligncenter\"><img loading=\"lazy\" decoding=\"async\" width=\"400\" height=\"400\" src=\"http:\/\/www.lasalsavive.org\/portale\/wp-content\/uploads\/2012\/04\/Willie_Rosario_-_El_bravo_soy_yo_-_1963-400.jpg\" alt=\"Willie Rosario - El bravo soy yo\" class=\"wp-image-3228\" srcset=\"https:\/\/www.lasalsavive.org\/portale\/wp-content\/uploads\/2012\/04\/Willie_Rosario_-_El_bravo_soy_yo_-_1963-400.jpg 400w, https:\/\/www.lasalsavive.org\/portale\/wp-content\/uploads\/2012\/04\/Willie_Rosario_-_El_bravo_soy_yo_-_1963-400-150x150.jpg 150w, https:\/\/www.lasalsavive.org\/portale\/wp-content\/uploads\/2012\/04\/Willie_Rosario_-_El_bravo_soy_yo_-_1963-400-300x300.jpg 300w\" sizes=\"auto, (max-width: 400px) 100vw, 400px\" \/><figcaption class=\"wp-element-caption\">Willie Rosario &#8211; El bravo soy yo<\/figcaption><\/figure>\n<\/div>\n\n\n<p class=\"wp-block-paragraph\">D. Quali sono stati i cantanti che l&#8217;hanno influenzata maggiormente?<\/p>\n\n\n\n<p class=\"wp-block-paragraph\">R. Indubbiamente <strong>Benny More<\/strong>, lui \u00e8 stato il pi\u00f9 grande, per\u00f2 ammiravo anche cantanti come <strong>Gilberto Monroy<\/strong>, <strong>Vit\u00edn Avil\u00e9s<\/strong>, <strong>Ismael Rivera<\/strong> e <strong>Jose\u00edto Mateo<\/strong>.<\/p>\n\n\n\n<p class=\"wp-block-paragraph\"><\/p>\n\n\n\n<figure class=\"wp-block-embed is-type-video is-provider-youtube wp-block-embed-youtube wp-embed-aspect-4-3 wp-has-aspect-ratio\"><div class=\"wp-block-embed__wrapper\">\n<iframe loading=\"lazy\" title=\"Gilberto Monroig - Soy Pilongo\" width=\"640\" height=\"480\" src=\"https:\/\/www.youtube.com\/embed\/hJVzzywIBtU?feature=oembed\" frameborder=\"0\" allow=\"accelerometer; autoplay; clipboard-write; encrypted-media; gyroscope; picture-in-picture; web-share\" referrerpolicy=\"strict-origin-when-cross-origin\" allowfullscreen><\/iframe>\n<\/div><\/figure>\n\n\n\n<p class=\"wp-block-paragraph\"><\/p>\n\n\n\n<p class=\"wp-block-paragraph\"><\/p>\n\n\n\n<figure class=\"wp-block-embed is-type-video is-provider-youtube wp-block-embed-youtube wp-embed-aspect-16-9 wp-has-aspect-ratio\"><div class=\"wp-block-embed__wrapper\">\n<iframe loading=\"lazy\" title=\"ISMAEL RIVERA PRESENTACION TV ECUADOR\" width=\"640\" height=\"360\" src=\"https:\/\/www.youtube.com\/embed\/WUkp3k4Bw_M?feature=oembed\" frameborder=\"0\" allow=\"accelerometer; autoplay; clipboard-write; encrypted-media; gyroscope; picture-in-picture; web-share\" referrerpolicy=\"strict-origin-when-cross-origin\" allowfullscreen><\/iframe>\n<\/div><\/figure>\n\n\n\n<p class=\"wp-block-paragraph\">\nD. In quali altri programmi televisivi ha lavorato?<\/p>\n\n\n\n<p class=\"wp-block-paragraph\">R. Ho lavorato a New York nello show di Gaspar Pumarejo. Poi con Myrta Silva (che diventer\u00e0 la manager di Frankie) nel programma &#8220;Una hora contigo&#8221;, che lei presentava. Inoltre con Polito Vega in un programma che si chiamava &#8220;El show de la juventud&#8221;.<\/p>\n\n\n\n<p class=\"wp-block-paragraph\">D. Con quali altre orchestre ha avuto esperienze come cantante e percussionista?<\/p>\n\n\n\n<p class=\"wp-block-paragraph\">R. Dopo aver lavorato con l&#8217;orchestra di Willie Rosario e prima di entrare in quella di C\u00e9sar Concepci\u00f3n ho lavorato con <strong>Kako<\/strong>, <strong>Rey Terrace<\/strong>, <strong>H\u00e9ctor Rivera<\/strong>, <strong>Joe Cotto<\/strong> il cui cantante in quel periodo era <strong>Mon Rivera<\/strong>; ho lavorato anche con <strong>Johnny Pacheco<\/strong>, in sostituzione di <strong>Chivirico D\u00e1vila<\/strong> che cantava con <strong>Monguito el \u00fanico<\/strong>; questi erano i cantanti di Johnny in quel periodo, io cantavo un po&#8217; con tutti quelli che mi chiamavano anche se con nessuna di queste orchestre registrai dischi come cantante.<\/p>\n\n\n<div class=\"wp-block-image size-full wp-image-3231\">\n<figure class=\"aligncenter\"><img loading=\"lazy\" decoding=\"async\" width=\"256\" height=\"320\" src=\"http:\/\/www.lasalsavive.org\/portale\/wp-content\/uploads\/2012\/04\/FOTO_FRANKIE_CORTIJO_ISMAEL.jpg\" alt=\"Frankie Figueroa con Rafael Cortijo e Ismael Rivera\" class=\"wp-image-3231\" srcset=\"https:\/\/www.lasalsavive.org\/portale\/wp-content\/uploads\/2012\/04\/FOTO_FRANKIE_CORTIJO_ISMAEL.jpg 256w, https:\/\/www.lasalsavive.org\/portale\/wp-content\/uploads\/2012\/04\/FOTO_FRANKIE_CORTIJO_ISMAEL-240x300.jpg 240w\" sizes=\"auto, (max-width: 256px) 100vw, 256px\" \/><figcaption class=\"wp-element-caption\">Frankie Figueroa con Rafael Cortijo e Ismael Rivera<\/figcaption><\/figure>\n<\/div>\n\n\n<p class=\"wp-block-paragraph\">D. Con quali altre orchestre ha registrato?<\/p>\n\n\n\n<p class=\"wp-block-paragraph\">Con <strong>Ray Terrace<\/strong> ho registrato suonando le congas e con <strong>Kako<\/strong> facendo i cori e come conguero. Nell&#8217;LP che contiene le canzoni &#8220;Las nenas del barrio&#8221;, &#8220;El jaleo&#8221;, &#8220;El beb\u00e9&#8221;, il cantante era <strong>Juli\u00e1n Llano<\/strong>, tremendo vocalista scomparso.<\/p>\n\n\n\n<p class=\"wp-block-paragraph\">D. Cosa ci pu\u00f2 raccontare del lavoro che registr\u00f2 con Dave Montagne?<\/p>\n\n\n\n<p class=\"wp-block-paragraph\">R. Guarda, io non mi ricordavo di quella registrazione, lui era un pianista e vibrafonista che mi vide cantare con <strong>Ray Terrace<\/strong> e mi invit\u00f2 a registrare, per\u00f2 io non pensavo che l&#8217;avrebbe pubblicata, credevo fosse solo per un suo uso personale, non ho mai avuto l&#8217;opportunit\u00e0 di ascoltare quel disco.<\/p>\n\n\n\n<figure class=\"wp-block-embed is-type-video is-provider-youtube wp-block-embed-youtube wp-embed-aspect-4-3 wp-has-aspect-ratio\"><div class=\"wp-block-embed__wrapper\">\n<iframe loading=\"lazy\" title=\"Dave Montagne y Su Combo - Amalia\" width=\"640\" height=\"480\" src=\"https:\/\/www.youtube.com\/embed\/_jkAG-G5nZA?feature=oembed\" frameborder=\"0\" allow=\"accelerometer; autoplay; clipboard-write; encrypted-media; gyroscope; picture-in-picture; web-share\" referrerpolicy=\"strict-origin-when-cross-origin\" allowfullscreen><\/iframe>\n<\/div><\/figure>\n\n\n\n<p class=\"wp-block-paragraph\">Ti racconto un aneddoto: stavo registrando con l&#8217;orchestra di <strong>P\u00e9rez Prado<\/strong> che era in tour a Portorico, per\u00f2 non riuscii ad accompagnarli perch\u00e8 avevo alcuni impegni con il mio lavoro come paramedico.<\/p>\n\n\n\n<p class=\"wp-block-paragraph\"><\/p>\n\n\n<div class=\"wp-block-image size-full wp-image-3232\">\n<figure class=\"aligncenter\"><img loading=\"lazy\" decoding=\"async\" width=\"315\" height=\"320\" src=\"http:\/\/www.lasalsavive.org\/portale\/wp-content\/uploads\/2012\/04\/DAVE_MONTAGNE_Y_SU_BANDA_SALSA.jpg\" alt=\"Dave Montagne\" class=\"wp-image-3232\" srcset=\"https:\/\/www.lasalsavive.org\/portale\/wp-content\/uploads\/2012\/04\/DAVE_MONTAGNE_Y_SU_BANDA_SALSA.jpg 315w, https:\/\/www.lasalsavive.org\/portale\/wp-content\/uploads\/2012\/04\/DAVE_MONTAGNE_Y_SU_BANDA_SALSA-295x300.jpg 295w\" sizes=\"auto, (max-width: 315px) 100vw, 315px\" \/><figcaption class=\"wp-element-caption\">Dave Montagne<\/figcaption><\/figure>\n<\/div>\n\n\n<p class=\"wp-block-paragraph\">D Come arriv\u00f2 all&#8217;orchestra di Tito Puente?<\/p>\n\n\n\n<p class=\"wp-block-paragraph\">R. Dopo l&#8217;uscita di <strong>Santos Col\u00f3n<\/strong> e <strong>Me\u00f1ique<\/strong>, mi chiam\u00f2 <strong>Charlie Palmieri<\/strong> ed io pensai che era per lavorare con lui, invece lui mi disse che era per l&#8217;orchestra di Tito Puente perch\u00e8 i suoi due cantanti erano andati via. In quel periodo io lavoravo all&#8217;emergenza medica come paramedico, questa professione la iniziai studiando per conto mio e leggendo libri sul tema, poi per prendere il diploma presi delle lezioni in un ospedale di New York e al tempo stesso lavoravo con l&#8217;orchestra di Tito.<\/p>\n\n\n<div class=\"wp-block-image alignnone size-full wp-image-3234\">\n<figure class=\"aligncenter\"><img loading=\"lazy\" decoding=\"async\" width=\"500\" height=\"487\" src=\"http:\/\/www.lasalsavive.org\/portale\/wp-content\/uploads\/2012\/04\/LP_1._TITO_P_FRANKIE.jpg\" alt=\"Lp di Frankie Figueroa\" class=\"wp-image-3234\" srcset=\"https:\/\/www.lasalsavive.org\/portale\/wp-content\/uploads\/2012\/04\/LP_1._TITO_P_FRANKIE.jpg 500w, https:\/\/www.lasalsavive.org\/portale\/wp-content\/uploads\/2012\/04\/LP_1._TITO_P_FRANKIE-300x292.jpg 300w, https:\/\/www.lasalsavive.org\/portale\/wp-content\/uploads\/2012\/04\/LP_1._TITO_P_FRANKIE-400x389.jpg 400w\" sizes=\"auto, (max-width: 500px) 100vw, 500px\" \/><figcaption class=\"wp-element-caption\">Lp di Frankie Figueroa<\/figcaption><\/figure>\n<\/div>\n\n<div class=\"wp-block-image alignnone size-full wp-image-3233\">\n<figure class=\"aligncenter\"><img loading=\"lazy\" decoding=\"async\" width=\"267\" height=\"299\" src=\"http:\/\/www.lasalsavive.org\/portale\/wp-content\/uploads\/2012\/04\/LP_2_TITO_FRANKI.jpg\" alt=\"Lp di Tito Puente\" class=\"wp-image-3233\"\/><figcaption class=\"wp-element-caption\">Lp di Tito Puente<\/figcaption><\/figure>\n<\/div>\n\n<div class=\"wp-block-image alignnone size-full wp-image-3239\">\n<figure class=\"aligncenter\"><img loading=\"lazy\" decoding=\"async\" width=\"320\" height=\"311\" src=\"http:\/\/www.lasalsavive.org\/portale\/wp-content\/uploads\/2012\/04\/LP_3_TITO_FRANKIE.jpg\" alt=\"Lp Tito Puente\" class=\"wp-image-3239\" srcset=\"https:\/\/www.lasalsavive.org\/portale\/wp-content\/uploads\/2012\/04\/LP_3_TITO_FRANKIE.jpg 320w, https:\/\/www.lasalsavive.org\/portale\/wp-content\/uploads\/2012\/04\/LP_3_TITO_FRANKIE-300x291.jpg 300w\" sizes=\"auto, (max-width: 320px) 100vw, 320px\" \/><figcaption class=\"wp-element-caption\">Lp Tito Puente<\/figcaption><\/figure>\n<\/div>\n\n\n<p class=\"wp-block-paragraph\">D. Quanti anni lavor\u00f2 con l&#8217;orchestra di Tito Puente e quale fu il motivo della sua uscita?<\/p>\n\n\n\n<p class=\"wp-block-paragraph\">R. Ho lavorato con Tito Puente per 23 anni, me ne andai nel 1990 quando il manager <strong>Ralph Mercado<\/strong> inizi\u00f2 a lavorare con Tito. Ralph voleva darmi ordini e io non li accettavo n\u00e8 da lui, n\u00e8 da Tito, lui voleva farmi fare il corista nei concerti con <strong>Celia Cruz<\/strong> ed io gli dissi che non ero un corista, che Tito Puente mi aveva messo sotto contratto come cantante della sua orchestra, non come corista; gli dissi anche che facevo cori solo nelle registrazioni dei dischi, non nei concerti. Per questo motivo me ne andai definitivamente dalla sua orchestra e fu cos\u00ec che iniziai a lavorare con il mio gruppo.<\/p>\n\n\n<div class=\"wp-block-image size-full wp-image-3254\">\n<figure class=\"aligncenter\"><img loading=\"lazy\" decoding=\"async\" width=\"250\" height=\"250\" src=\"http:\/\/www.lasalsavive.org\/portale\/wp-content\/uploads\/2012\/04\/LP_TITO_4_FRANKIE.jpg\" alt=\"Lp Tito Puente\" class=\"wp-image-3254\" srcset=\"https:\/\/www.lasalsavive.org\/portale\/wp-content\/uploads\/2012\/04\/LP_TITO_4_FRANKIE.jpg 250w, https:\/\/www.lasalsavive.org\/portale\/wp-content\/uploads\/2012\/04\/LP_TITO_4_FRANKIE-150x150.jpg 150w\" sizes=\"auto, (max-width: 250px) 100vw, 250px\" \/><figcaption class=\"wp-element-caption\">Lp Tito Puente<\/figcaption><\/figure>\n<\/div>\n\n\n<p class=\"wp-block-paragraph\">D. Chi le diede il soprannome di M\u00edster Estilo?<\/p>\n\n\n\n<p class=\"wp-block-paragraph\">R. Fu <strong>Ulises Frenes<\/strong>, un attore di novelas e presentatore di un programma televisivo chiamato &#8220;El show del medio d\u00eda&#8221; a Portorico, nel quale io mi esibivo tutti i giorni con l&#8217;orchestra di C\u00e9sar Concepci\u00f3n; il nomignolo di \u201cM\u00edster Estilo\u201d nacque per il fatto che quando io cantavo mi buttavo per terra e tiravo dei pugni quando le trombe iniziavano a suonare. Anche <strong>\u201cChori\u201d Castro<\/strong>, che era un attore e cantante, mi diede il soprannome di &#8220;il pugile che canta&#8221;, per\u00f2 io non feci mai pugilato, lo praticavo solo per difesa personale, niente di pi\u00f9, per\u00f2 nel mondo musicale mi conoscono di pi\u00f9 come \u201cM\u00edster Estilo\u201d.<\/p>\n\n\n<div class=\"wp-block-image size-full wp-image-3256\">\n<figure class=\"aligncenter\"><img loading=\"lazy\" decoding=\"async\" width=\"270\" height=\"398\" src=\"http:\/\/www.lasalsavive.org\/portale\/wp-content\/uploads\/2012\/04\/FRANKIE_pugile.jpg\" alt=\"Frankie Figueroa fa la mossa del pugile\" class=\"wp-image-3256\" srcset=\"https:\/\/www.lasalsavive.org\/portale\/wp-content\/uploads\/2012\/04\/FRANKIE_pugile.jpg 270w, https:\/\/www.lasalsavive.org\/portale\/wp-content\/uploads\/2012\/04\/FRANKIE_pugile-203x300.jpg 203w\" sizes=\"auto, (max-width: 270px) 100vw, 270px\" \/><figcaption class=\"wp-element-caption\">Frankie Figueroa fa la mossa del pugile.Foto:cortesia di Joe Quijano, Tito Puente, ROAST DVD<\/figcaption><\/figure>\n<\/div>\n\n\n<p class=\"wp-block-paragraph\">D. Quali altri strumenti suonava oltre le percussioni?<\/p>\n\n\n\n<p class=\"wp-block-paragraph\">R. B\u00e8, a quei tempi si ascoltava molto l&#8217;orchestra di P\u00e9rez Prado e mi piaceva molto come suonavano le trombe di questa eccellente band, e iniziai a fare pratica con la tromba, imparai a suonarla ad orecchio, come il flauto, per\u00f2 era solo per divertimento, non a livello professionale.<\/p>\n\n\n\n<p class=\"wp-block-paragraph\">D. Secondo lei perch\u00e8 la maggior parte delle orchestre e cantanti non registrano pi\u00f9 il bolero? E cosa si potrebbe fare per far rinascere questo genere musicale?<\/p>\n\n\n\n<p class=\"wp-block-paragraph\">R. Secondo me ormai nessuno registra pi\u00f9 bolero perch\u00e8 sanno che le radio non li trasmettono, dando la priorit\u00e0 ad altri generi come il reggaeton o la salsa romantica.<\/p>\n\n\n\n<p class=\"wp-block-paragraph\">Per non far morire il bolero tutte le emittenti radiofoniche dovrebbero inserire nella loro programmazione uno spazio dedicato al bolero di almeno un&#8217;ora, questa potrebbe essere una soluzione per non far morire questo genere che io continuo ad interpretare con molta passione.<\/p>\n\n\n\n<figure class=\"wp-block-table\"><table class=\"has-fixed-layout\"><tbody><tr><td><figure><img loading=\"lazy\" decoding=\"async\" class=\"aligncenter size-full wp-image-3259\" title=\"Lp Frankie Figueroa\" src=\"http:\/\/www.lasalsavive.org\/portale\/wp-content\/uploads\/2012\/04\/LP_FRAN_1.jpg\" alt=\"Lp Frankie Figueroa\" width=\"299\" height=\"299\" srcset=\"https:\/\/www.lasalsavive.org\/portale\/wp-content\/uploads\/2012\/04\/LP_FRAN_1.jpg 299w, https:\/\/www.lasalsavive.org\/portale\/wp-content\/uploads\/2012\/04\/LP_FRAN_1-150x150.jpg 150w\" sizes=\"auto, (max-width: 299px) 100vw, 299px\" \/><\/figure><\/td><td><figure><img loading=\"lazy\" decoding=\"async\" class=\"aligncenter size-full wp-image-3260\" title=\"Lp Frankie Figueroa\" src=\"http:\/\/www.lasalsavive.org\/portale\/wp-content\/uploads\/2012\/04\/PL_2_FRANKIE.jpg\" alt=\"Lp Frankie Figueroa\" width=\"320\" height=\"317\" srcset=\"https:\/\/www.lasalsavive.org\/portale\/wp-content\/uploads\/2012\/04\/PL_2_FRANKIE.jpg 320w, https:\/\/www.lasalsavive.org\/portale\/wp-content\/uploads\/2012\/04\/PL_2_FRANKIE-150x150.jpg 150w, https:\/\/www.lasalsavive.org\/portale\/wp-content\/uploads\/2012\/04\/PL_2_FRANKIE-300x297.jpg 300w\" sizes=\"auto, (max-width: 320px) 100vw, 320px\" \/><\/figure><\/td><\/tr><\/tbody><\/table><\/figure>\n\n\n\n<p class=\"wp-block-paragraph\"><\/p>\n\n\n\n<center><figure><img loading=\"lazy\" decoding=\"async\" class=\"aligncenter size-full wp-image-3261\" title=\"Lp Frankie Figueroa\" src=\"http:\/\/www.lasalsavive.org\/portale\/wp-content\/uploads\/2012\/04\/LP_3_FRANKIE.jpg\" alt=\"Lp Frankie Figueroa\" width=\"320\" height=\"320\" srcset=\"https:\/\/www.lasalsavive.org\/portale\/wp-content\/uploads\/2012\/04\/LP_3_FRANKIE.jpg 425w, https:\/\/www.lasalsavive.org\/portale\/wp-content\/uploads\/2012\/04\/LP_3_FRANKIE-150x150.jpg 150w, https:\/\/www.lasalsavive.org\/portale\/wp-content\/uploads\/2012\/04\/LP_3_FRANKIE-300x300.jpg 300w, https:\/\/www.lasalsavive.org\/portale\/wp-content\/uploads\/2012\/04\/LP_3_FRANKIE-400x400.jpg 400w\" sizes=\"auto, (max-width: 320px) 100vw, 320px\" \/><\/figure><\/center>\n\n\n\n<p class=\"wp-block-paragraph\">D. Fra tutte le orchestre di cui ha fatto parte, con quale si \u00e8 sentito pi\u00f9 a suo agio a interpretare bolero?<\/p>\n\n\n\n<p class=\"wp-block-paragraph\">R. E&#8217; stato con l&#8217;orchestra di C\u00e9sar Concepci\u00f3n, perch\u00e8 lui arrangiava i bolero con molta maestria, lui era un vero maestro ed un eccellente trombettista.<\/p>\n\n\n\n<p class=\"wp-block-paragraph\">D. Fra i nuovi cantanti di salsa qual \u00e8 quello che preferisce?<\/p>\n\n\n\n<p class=\"wp-block-paragraph\">R. Io continuo a preferire i cantanti di un tempo che vanno avanti con la loro attivit\u00e0, fra i nuovi non c&#8217;\u00e8 nessuno che mi interessi.<\/p>\n\n\n\n<p class=\"wp-block-paragraph\">D. Che cosa ricorda dei suoi viaggi in Colombia?<\/p>\n\n\n\n<p class=\"wp-block-paragraph\">R. Mi piace molto la Colombia, le sue donne, la cucina ed il tremendo pubblico salsero. Fra le citt\u00e0 dove ho sentito maggiormente il calore e l&#8217;ammirazione del pubblico, mi ricordo in particolare di un concerto nel 1987 a Cali, con <strong>Ismael Rivera Jr.<\/strong>, <strong>Orlando Watussi<\/strong> e <strong>Jr. Gonz\u00e1lez<\/strong>, questo concerto \u00e8 stato uno dei pi\u00f9 belli della mia carriera artistica.<\/p>\n\n\n\n<p class=\"wp-block-paragraph\">D. Ci parli un po&#8217; della sua famiglia.<\/p>\n\n\n\n<p class=\"wp-block-paragraph\">R. Ho tredici figli, otto maschi e cinque femmine e tutti i maschi hanno il mio nome e quello di mio padre, tutti si chiamano F\u00e9lix Frank Figueroa, ho quindici nipoti e vivo felice con la mia attuale moglie, lei si chiama Victoria Jos\u00e9. Sono gi\u00e0 in pensione e continuo a cantare perch\u00e8 \u00e8 la mia passione.<\/p>\n\n\n\n<p class=\"wp-block-paragraph\">D. Come si chiama la sua attuale orchestra e che progetti ha per il futuro?<\/p>\n\n\n\n<p class=\"wp-block-paragraph\">R. Ho due formati, la pi\u00f9 grande si chiama <strong>Orquesta La Madre<\/strong> mentre il gruppo piccolo si chiama <strong>Son de Nariz<\/strong>, gli ho dato questo nome perch\u00e8 alcuni musicisti della mia banda, capisci&#8230;(ride). Attualmente sto terminando di registrare un nuovo cd dove ho incluso alcune canzoni nuove come <strong>Pruebo<\/strong> e <strong>Vivito y coleando<\/strong>.<\/p>\n\n\n\n<h2 class=\"wp-block-heading has-text-align-left\"><span><i class=\"fas fa-arrow-right\"><\/i><\/span><strong>Espa\u00f1ol<\/strong> <\/h2>\n\n\n\n<p class=\"wp-block-paragraph\">ENTREVISTA CON FRANKIE FIGUEROA<\/p>\n\n\n\n<p class=\"wp-block-paragraph\">Por JUAN CARLOS \u00c1NGEL&nbsp;&nbsp;&nbsp;&nbsp;&nbsp;&nbsp;&nbsp;&nbsp;&nbsp;&nbsp;&nbsp;&nbsp;&nbsp;&nbsp;&nbsp;&nbsp;&nbsp;&nbsp;&nbsp;&nbsp;&nbsp;&nbsp;&nbsp;&nbsp;&nbsp;&nbsp;&nbsp;&nbsp;&nbsp;&nbsp;&nbsp;&nbsp;&nbsp;&nbsp;&nbsp;&nbsp;&nbsp;&nbsp;&nbsp;&nbsp;&nbsp;&nbsp;&nbsp;&nbsp;&nbsp;&nbsp;&nbsp;&nbsp;&nbsp;&nbsp;&nbsp;&nbsp;&nbsp;&nbsp;&nbsp;&nbsp;&nbsp; PUBLICADA JUNIO 22. 2010<\/p>\n\n\n\n<p class=\"wp-block-paragraph\">M\u00cdSTER ESTILO<\/p>\n\n\n\n<p class=\"wp-block-paragraph\">Las entrevistas que he realizado, para m\u00ed, todas han sido muy satisfactorias, unas por el carisma de algunos artistas y otras por la importancia de cada personaje. Pero entrevistar a aquellos m\u00fasicos y cantantes que a trav\u00e9s del tiempo se han perdido sin dejar se\u00f1al, es a\u00fan m\u00e1s motivador. Siempre en algunas reuniones en casas de coleccionistas y en los bares cuando suena alguna canci\u00f3n de nuestra preferencia, nos preguntamos, qu\u00e9 hay de la vida del cantante que la interpreta; algunas veces no tenemos una respuesta clara de dicho personaje, lo m\u00e1s com\u00fan que escuchamos decir de alg\u00fan amigo es que posiblemente ya muri\u00f3.<\/p>\n\n\n\n<p class=\"wp-block-paragraph\">Pues me he dado a la tarea de investigar el paradero de cada uno de nuestros \u00eddolos salseros, algunos ya retirados y otros a\u00fan con ganas de seguir trabajando. En esta oportunidad tenemos como invitado en El Sonero de Barrio a Frankie Figueroa, m\u00e1s conocido con el apelativo de \u201cM\u00edster Estilo\u201d, oriundo de la ciudad de Guayama, localizada en la costa sur de Puerto Rico.&nbsp; Se le conoce como el Pueblo de los brujos, por un legendario lanzador del equipo de b\u00e9isbol de Guayama apodado \u201cMoncho el brujo\u201d, tierra donde naci\u00f3 el compositor m\u00e1s prol\u00edfico de la salsa Tite Curet Alonso. Frankie Figueroa es otro hijo del pueblo embrujado, no es para nada la excepci\u00f3n, un extraordinario sonero al que le es f\u00e1cil interpretar tanto un bolero como un guaguanc\u00f3 o un son montuno; integr\u00f3 exitosas orquestas como la de C\u00e9sar Concepci\u00f3n, Jorge Ortega, Willie Rosario, Chucho Rodr\u00edguez, Memo Salamanca y Tito Puente entre otras, dejando un nivel de calidad muy alto en cada una de ellas, tanto como en su propia orquesta. Los invito para que disfruten la siguiente entrevista que sostuve con este gran cantante<\/p>\n\n\n\n<p class=\"wp-block-paragraph\">P.&nbsp;Juan Carlos. \u00bfCu\u00e1les son los nombres de sus padres y en qu\u00e9 se desempe\u00f1aban?<\/p>\n\n\n\n<p class=\"wp-block-paragraph\">R.&nbsp;Frankie. El nombre mis padres son Vicenta L\u00f3pez Villa, fue ama de casa, mi padre se llamaba F\u00e9lix Frank Figueroa y trabajaba de hojalatero de pintura y mec\u00e1nico de autos, tambi\u00e9n se desempe\u00f1\u00f3 muchos a\u00f1os en la pol\u00edtica en Puerto Rico<\/p>\n\n\n\n<p class=\"wp-block-paragraph\"><\/p>\n\n\n\n<p class=\"wp-block-paragraph\">Foto: cortesia de Joe Quijano, Tito Puente, ROAST DVD<\/p>\n\n\n\n<p class=\"wp-block-paragraph\">P. \u00bfCu\u00e1l es su nombre, lugar de nacimiento y fecha? Y, \u00bfcomo fueron sus primeros a\u00f1os de infancia?<\/p>\n\n\n\n<p class=\"wp-block-paragraph\">R.&nbsp;El nombre m\u00edo es F\u00e9lix Frank Figueroa: yo nac\u00ed en Guayama, Puerto Rico, el 27 de enero de 1941; entr\u00e9 a la escuela de la edad de 7 a\u00f1os; de ni\u00f1o trabajaba vendiendo peri\u00f3dicos y frutas, tambi\u00e9n trabaj\u00e9 lustrando botas; s\u00f3lo realic\u00e9 este trabajo por dos a\u00f1os, me sal\u00ed de eso porque me daba verg\u00fcenza de las muchachas de la escuela, ja.ja.ja. &nbsp;Yo empec\u00e9 tocando tarros de lata porque no ten\u00eda para comprar unos tambores, me acuerdo que me met\u00eda a la cocina de mi madre a practicar percusi\u00f3n y utilizaba como tambor el gal\u00f3n donde ella guardaba el combustible para prender la estufa. Luego me llamaron a integrar la Banda Municipal de Guayama; el canto por esa \u00e9poca no me llamaba la atenci\u00f3n, s\u00f3lo cantaba en la escuela m\u00fasica de Navidad, entr\u00e9 a la Banda tocando la bater\u00eda, cuando me estaban dando las indicaciones no fue necesario, porque yo ya sab\u00eda tocar, nadie me ense\u00f1\u00f3 a tocar percusi\u00f3n pues aprend\u00ed de o\u00eddo, escuchando la radio. La primera orquesta que escuch\u00e9 fue la de C\u00e9sar Concepci\u00f3n, fue mi orquesta preferida y nunca cre\u00ed que integrar\u00eda esa gran banda, tambi\u00e9n escuchaba en la radio m\u00fasica de tr\u00edos como Johnny Albino, el tr\u00edo Los Panchos, Felipe Rodr\u00edguez, y orquestas grandes como la de P\u00e9rez Prado y Tito Puente.<\/p>\n\n\n<div class=\"wp-block-image\">\n<figure class=\"aligncenter\"><img loading=\"lazy\" decoding=\"async\" width=\"247\" height=\"302\" src=\"http:\/\/www.lasalsavive.org\/portale\/wp-content\/uploads\/2012\/04\/FRANKIE_NIO.jpg\" alt=\"Frankie Figueroa\" class=\"wp-image-3226\" title=\"Frankie Figueroa\" srcset=\"https:\/\/www.lasalsavive.org\/portale\/wp-content\/uploads\/2012\/04\/FRANKIE_NIO.jpg 247w, https:\/\/www.lasalsavive.org\/portale\/wp-content\/uploads\/2012\/04\/FRANKIE_NIO-245x300.jpg 245w\" sizes=\"auto, (max-width: 247px) 100vw, 247px\" \/><\/figure>\n<\/div>\n\n\n<p class=\"wp-block-paragraph\"><\/p>\n\n\n\n<p class=\"wp-block-paragraph\">Terminados mis estudios viajo en 1959 a Estados Unidos y comienzo a tocar como percusionista con varios grupitos que no eran profesionales, luego tengo un paso fugaz por el grupo de Moncho Le\u00f1a. Y despu\u00e9s por recomendaci\u00f3n de un gran amigo m\u00edo que era pianista apodado \u201cMacucho\u201d integr\u00e9 la orquesta de Paquito L\u00f3pez Vidal el compositor de&nbsp;<strong><em>Esp\u00e9rame en el cielo.<\/em><\/strong> Trabaj\u00e9 por tres a\u00f1os tocando las tumbadoras, el cantante de esa orquesta me daba la oportunidad de cantar una canci\u00f3n en cada presentaci\u00f3n, luego integro la orquesta de Carlos Pizarro, en la cual trabaj\u00e9 casi por dos a\u00f1os en el Broadway Casino; luego nos fuimos a trabajar en el Caravana Club, que por esa \u00e9poca era el mejor club de salsa y pachanga, ah\u00ed fue donde me vieron Willie Rosario y Bobby Valent\u00edn que era el trompetista de su orquesta. .<\/p>\n\n\n\n<p class=\"wp-block-paragraph\">Ellos me oyeron interpretar un n\u00famero que me dejaban cantar en la noche un bolero llamado&nbsp;<strong><em>Negrura <\/em><\/strong>el cual grab\u00f3 Rolando Laserie; ellos me vieron cantar y me invitaron a integrar su nueva orquesta, la cual Willie reform\u00f3 por un inconveniente con el cantante Yayo el Indio, al que la orquesta de Willie lo acompa\u00f1aba en el club Caborroje\u00f1o. Yayo y el pianista H\u00e9ctor Rivera se quedaron con todos los m\u00fasicos, con&nbsp; excepci\u00f3n de Bobby Valent\u00edn.<\/p>\n\n\n\n<p class=\"wp-block-paragraph\">Grabo el primer LP de Willie Rosario, como vocalista pero yo no iba a ser el cantante de la nueva orquesta; \u00e9l ten\u00eda planeado integrar a Alfredo Vargas que era cantante de la orquesta m\u00e1s vieja de Puerto Rico. La orquesta Happy Hills de San Germ\u00e1n, pero a Willie no le gustaba ese cantante y se decidi\u00f3 por m\u00ed<\/p>\n\n\n<div class=\"wp-block-image\">\n<figure class=\"aligncenter\"><img loading=\"lazy\" decoding=\"async\" width=\"300\" height=\"300\" src=\"https:\/\/www.lasalsavive.org\/portale\/wp-content\/uploads\/2012\/05\/LP-2-WILLIE-FRANKIE-300x300.jpg\" alt=\"\" class=\"wp-image-12403\" srcset=\"https:\/\/www.lasalsavive.org\/portale\/wp-content\/uploads\/2012\/05\/LP-2-WILLIE-FRANKIE-300x300.jpg 300w, https:\/\/www.lasalsavive.org\/portale\/wp-content\/uploads\/2012\/05\/LP-2-WILLIE-FRANKIE-150x150.jpg 150w, https:\/\/www.lasalsavive.org\/portale\/wp-content\/uploads\/2012\/05\/LP-2-WILLIE-FRANKIE-768x768.jpg 768w, https:\/\/www.lasalsavive.org\/portale\/wp-content\/uploads\/2012\/05\/LP-2-WILLIE-FRANKIE-144x144.jpg 144w, https:\/\/www.lasalsavive.org\/portale\/wp-content\/uploads\/2012\/05\/LP-2-WILLIE-FRANKIE-120x120.jpg 120w, https:\/\/www.lasalsavive.org\/portale\/wp-content\/uploads\/2012\/05\/LP-2-WILLIE-FRANKIE.jpg 871w\" sizes=\"auto, (max-width: 300px) 100vw, 300px\" \/><\/figure>\n<\/div>\n\n\n<p class=\"wp-block-paragraph\"><\/p>\n\n\n\n<p class=\"wp-block-paragraph\">Con la orquesta de Willie trabaj\u00e9 durante dos temporadas, despu\u00e9s me vinculo a la orquesta de C\u00e9sar Concepci\u00f3n y viajamos a Puerto Rico. &nbsp;Dur\u00e9 dos a\u00f1os con esa orquesta. Despu\u00e9s viajo a M\u00e9xico y firmo con ese gran sello Musart, &nbsp;yo fui el primer cantante puertorrique\u00f1o que grab\u00f3 con &nbsp;esa gloriosa compa\u00f1\u00eda mexicana, tuve el gran honor de grabar con grandes maestros como Memo Salamanca, Nacho Rosales y Bobby Ortega.<\/p>\n\n\n\n<p class=\"wp-block-paragraph\">Bueno, luego de mi estad\u00eda en M\u00e9xico me llamaron de Panam\u00e1 el hijo de Miguelito Vald\u00e9s \u201cMr. Babal\u00fa\u201d que le dec\u00edan \u201cChengue\u201d, para trabajar en un programa de televisi\u00f3n que \u00e9l dirig\u00eda en el canal TV2 el show de Blanquita Amaro, ella era una bailarina, cantante y actriz cubana. Inicialmente mi contrato en el canal fue por diez d\u00edas y me qued\u00e9 trabajando por tres meses.<\/p>\n\n\n<div class=\"wp-block-image\">\n<figure class=\"aligncenter\"><img loading=\"lazy\" decoding=\"async\" width=\"300\" height=\"300\" src=\"https:\/\/www.lasalsavive.org\/portale\/wp-content\/uploads\/2012\/05\/LP-FRANKIE-FIG-300x300.jpg\" alt=\"\" class=\"wp-image-12405\" srcset=\"https:\/\/www.lasalsavive.org\/portale\/wp-content\/uploads\/2012\/05\/LP-FRANKIE-FIG-300x300.jpg 300w, https:\/\/www.lasalsavive.org\/portale\/wp-content\/uploads\/2012\/05\/LP-FRANKIE-FIG-1024x1021.jpg 1024w, https:\/\/www.lasalsavive.org\/portale\/wp-content\/uploads\/2012\/05\/LP-FRANKIE-FIG-150x150.jpg 150w, https:\/\/www.lasalsavive.org\/portale\/wp-content\/uploads\/2012\/05\/LP-FRANKIE-FIG-768x766.jpg 768w, https:\/\/www.lasalsavive.org\/portale\/wp-content\/uploads\/2012\/05\/LP-FRANKIE-FIG-144x144.jpg 144w, https:\/\/www.lasalsavive.org\/portale\/wp-content\/uploads\/2012\/05\/LP-FRANKIE-FIG-120x120.jpg 120w, https:\/\/www.lasalsavive.org\/portale\/wp-content\/uploads\/2012\/05\/LP-FRANKIE-FIG.jpg 1412w\" sizes=\"auto, (max-width: 300px) 100vw, 300px\" \/><\/figure>\n<\/div>\n\n\n<p class=\"wp-block-paragraph\"><\/p>\n\n\n\n<p class=\"wp-block-paragraph\">P. \u00bfCuales son los cantantes que m\u00e1s lo influenciaron?<\/p>\n\n\n\n<p class=\"wp-block-paragraph\">R.El que m\u00e1s me influenci\u00f3 fue Benny More, \u00e9l fue el m\u00e1s grande, pero tambi\u00e9n admiraba a cantantes como Gilberto Monroy, Vit\u00edn Avil\u00e9s, Ismael Rivera y Jose\u00edto Mateo.<\/p>\n\n\n\n<p class=\"wp-block-paragraph\">P. \u00bfEn cu\u00e1les otros programas de televisi\u00f3n trabaj\u00f3?<\/p>\n\n\n\n<p class=\"wp-block-paragraph\">R.&nbsp;Trabaj\u00e9 en Nueva York en el show de Gaspar Pumarejo. Luego con Myrta Silva en el programa Una hora contigo, que ella presentaba. Y con Polito Vega en un programa que se llamaba El show de la juventud.<\/p>\n\n\n\n<p class=\"wp-block-paragraph\">A ra\u00edz de mi trabajo con Myrta Silva firmo con ella un contrato para que sea mi manager, la cual trabaj\u00f3 conmigo hasta el d\u00eda de su muerte.<\/p>\n\n\n\n<p class=\"wp-block-paragraph\">P. \u00bfPor cu\u00e1les orquestas pas\u00f3 fugazmente como percusionista y cantante?<\/p>\n\n\n\n<p class=\"wp-block-paragraph\">R.&nbsp;Despu\u00e9s de trabajar con Willie Rosario y antes de integrarme con C\u00e9sar Concepci\u00f3n yo trabaj\u00e9 con Kako, Rey Terrace, H\u00e9ctor Rivera, Joe Cotto que su cantante por esa \u00e9poca era Mon Rivera; tambi\u00e9n estuve con Johnny Pacheco, reemplac\u00e9 a Chivirico D\u00e1vila que cantaba con Monguito el \u00fanico; esos dos eran los cantantes de Johnny por esa \u00e9poca, yo cantaba con el que me llamara y con estas orquestas no grab\u00e9 como cantante.<\/p>\n\n\n\n<p class=\"wp-block-paragraph\">P. \u00bfCon cu\u00e1les otras orquestas grab\u00f3?<\/p>\n\n\n\n<p class=\"wp-block-paragraph\">Con Ray Terrace grab\u00e9 tocando congas y con Kako grab\u00f3 haciendo coros y como conguero. En el LP donde est\u00e1n los temas <strong><em>Las nenas del barrio<\/em>,&nbsp;<em>El jaleo, El beb\u00e9<\/em><\/strong>, el cantante era Juli\u00e1n Llano, tremendo vocalista fallecido.<\/p>\n\n\n\n<p class=\"wp-block-paragraph\">P. \u00bfQu\u00e9 nos puede contar del trabajo que grab\u00f3 con DAVE MONTAGNE?<\/p>\n\n\n\n<p class=\"wp-block-paragraph\">R.&nbsp;Mira, yo no me acordaba de esa grabaci\u00f3n, \u00e9l era un pianista y vibrafonista que me vio cantando con Ray Terrace y me invit\u00f3 a grabar, pero yo nunca pens\u00e9 que \u00e9l iba a sacar esa grabaci\u00f3n, yo pens\u00e9 que eso era solo para uso personal de \u00e9l, yo nunca he tenido la oportunidad de escuchar ese LP.<\/p>\n\n\n\n<p class=\"wp-block-paragraph\">Te cuento una an\u00e9cdota, estuve ensayando con la orquesta de P\u00e9rez Prado; \u00e9l ten\u00eda una gira para Puerto Rico, pero al final no puede acompa\u00f1arlo porque ten\u00eda unos compromisos en mi trabajo como param\u00e9dico.<\/p>\n\n\n\n<p class=\"wp-block-paragraph\">P \u00bfC\u00f3mo fue la vinculaci\u00f3n suya con Tito Puente?<\/p>\n\n\n\n<p class=\"wp-block-paragraph\">R.&nbsp;Despu\u00e9s de la salida de Santos Col\u00f3n y Me\u00f1ique, me llam\u00f3 Charlie Palmieri y yo pens\u00e9 que era para trabajar con \u00e9l, pero no, \u00e9l me dijo que integrara la orquesta de Tito Puente porque sus dos cantantes se retiraron de su banda. Por esa \u00e9poca yo ya trabajaba en emergencias m\u00e9dicas como param\u00e9dico, esta profesi\u00f3n la empec\u00e9 estudiando por mi propia cuenta leyendo libros relacionados con el tema, luego para tener la licencia tom\u00e9 clases en un hospital de Nueva York y a la par trabajaba con la orquesta de Tito.<\/p>\n\n\n\n<p class=\"wp-block-paragraph\">P. \u00bfCu\u00e1ntos a\u00f1os trabaj\u00f3 con la orquesta de Tito Puente y cu\u00e1l fue el motivo de su salida?<\/p>\n\n\n\n<p class=\"wp-block-paragraph\">R. Trabaj\u00e9 con Tito Puente 23 a\u00f1os, el motivo de mi retiro fue en 1990 cuando el manager Ralph Mercado empez\u00f3 trabajar con Tito. Ralph quer\u00eda darme \u00f3rdenes y ni el propio Tito me las daba, \u00e9l me quer\u00eda imponer que en los conciertos le hiciera coros a Celia Cruz y le dije que yo no era corista, que Tito Puente me contrat\u00f3 como cantante de su orquesta, no como corista; le dije que solo hac\u00eda coros en las grabaciones, no en los conciertos. Eso motiv\u00f3 mi retiro definitivamente de la orquesta. Continu\u00e9 con mi propio grupo trabajando.<\/p>\n\n\n\n<p class=\"wp-block-paragraph\">P. \u00bfQui\u00e9n le puso el apodo de M\u00edster Estilo?<\/p>\n\n\n\n<p class=\"wp-block-paragraph\">R. Eso fue Ulises Frenes un actor de novelas y presentador de un programa de televisi\u00f3n llamado El show del medio d\u00eda, de Puerto Rico, en el cual yo estaba present\u00e1ndome todos los d\u00edas con la orquesta de C\u00e9sar Concepci\u00f3n; el apodo de \u201cM\u00edster Estilo\u201d fue porque cuando yo cantaba me tiraba al piso y tiraba pu\u00f1os cuando empezaban las trompetas a sonar. Tambi\u00e9n \u201cChori\u201d Castro, que era un actor y cantante, me puso el apodo de El boxeador que canta, pero yo nunca fui boxeador, s\u00f3lo lo practicaba para defensa personal, nada m\u00e1s, pero en el mundo musical me conocen m\u00e1s como \u201cM\u00edster Estilo\u201d.<\/p>\n\n\n\n<p class=\"wp-block-paragraph\">Foto:cortesia&nbsp; de Joe Quijano, Tito Puente,&nbsp; ROAST DVD<\/p>\n\n\n\n<p class=\"wp-block-paragraph\">P. \u00bfQu\u00e9 otros instrumentos fuera de la percusi\u00f3n ejecutaba?<\/p>\n\n\n\n<p class=\"wp-block-paragraph\">R. Bueno, por aquellos tiempos se escuchaba mucho la orquesta de P\u00e9rez Prado y me gustaba mucho como sonaban las trompetas de esa excelente banda, y empec\u00e9 a practicar trompeta, la aprend\u00ed a tocar de o\u00eddo, igual que la flauta, pero solo era por hobby, no fue nada profesional.<\/p>\n\n\n\n<p class=\"wp-block-paragraph\">P. \u00bfPor qu\u00e9 crees que la mayor\u00eda de orquestas y cantantes ya no graban bolero? y que soluci\u00f3n tienes para que este genero musical reviva.<\/p>\n\n\n\n<p class=\"wp-block-paragraph\">R. En mi opini\u00f3n las orquestas y los int\u00e9rpretes ya no graban bolero, porque saben que las emisoras no los van a pasar, porque le dan prioridad a otros ritmos como el reggaet\u00f3n y la salsa monga.<\/p>\n\n\n\n<p class=\"wp-block-paragraph\">Para que el bolero no muera todas las emisoras musicales deben de tener en su programaci\u00f3n un espacio de bolero m\u00ednimo de una hora, creo que eso puede ser una soluci\u00f3n para que no muera este lindo g\u00e9nero, que yo siempre interpreto con mucho filin.<\/p>\n\n\n\n<p class=\"wp-block-paragraph\">P. De las orquestas que integraste, \u00bfcon cu\u00e1l de ellas te sentiste m\u00e1s c\u00f3modo interpretando bolero?<\/p>\n\n\n\n<p class=\"wp-block-paragraph\">R.&nbsp;Fue con la orquesta de C\u00e9sar Concepci\u00f3n, porque \u00e9l me marcaba los boleros con mucha maestr\u00eda, \u00e9l era un verdadero maestro y excelente trompetista.<\/p>\n\n\n\n<p class=\"wp-block-paragraph\">P. De los nuevos cantantes de la salsa, \u00bfcu\u00e1l le llama la atenci\u00f3n?<\/p>\n\n\n\n<p class=\"wp-block-paragraph\">R. Yo a\u00fan creo en los cantantes de antes que se mantienen, de los nuevos ninguno me llama la atenci\u00f3n.<\/p>\n\n\n\n<p class=\"wp-block-paragraph\">P. \u00bfQu\u00e9 recuerda de sus viajes a Colombia?<\/p>\n\n\n\n<p class=\"wp-block-paragraph\">R .Bueno, me gusta mucho Colombia, sus mujeres y su comida y el tremendo p\u00fablico salsero. De los pa\u00edses donde m\u00e1s he sentido el cari\u00f1o y la admiraci\u00f3n de su gente, me acuerdo en especial de un concierto en 1987 en Cali, con Ismael Rivera Jr., Orlando Watussi y Jr. Gonz\u00e1lez, esta presentaci\u00f3n fue una de las m\u00e1s gratas de mi carrera art\u00edstica.<\/p>\n\n\n\n<p class=\"wp-block-paragraph\">P. H\u00e1blenos un poco sobre su familia<\/p>\n\n\n\n<p class=\"wp-block-paragraph\">R. Tengo trece hijos, ocho hombres y cinco mujeres y todos los hombres tienen el mismo nombre m\u00edo y el de mi padre, todos se llaman F\u00e9lix Frank Figueroa, tengo quince nietos y vivo feliz con mi esposa actual, ella se llama Victoria Jos\u00e9. Ya &nbsp;estoy jubilado Y&nbsp; sigo cantando porque es mi pasi\u00f3n.<\/p>\n\n\n\n<p class=\"wp-block-paragraph\">P. \u00bfComo se llama su orquesta actualmente y qu\u00e9 nuevos proyectos tiene a futuro?<\/p>\n\n\n\n<p class=\"wp-block-paragraph\">R. Tengo dos formatos, la m\u00e1s grande se llama Orquesta La Madre y el grupo peque\u00f1o Son de Nariz, este nombre se lo puse porque algunos m\u00fasicos de mi banda, t\u00fa sabes, ja.ja.ja, actualmente estoy terminando de grabar un nuevo CD donde inclu\u00ed canciones nuevas como&nbsp;<strong><em>Pruebo<\/em>, y V<em>ivito y coleando<\/em><\/strong><\/p>\n","protected":false},"excerpt":{"rendered":"<p>di JUAN CARLOS \u00c1NGEL per la rivista Sonero de Barrio Le interviste che ho realizzato,&#8230;<\/p>\n","protected":false},"author":1,"featured_media":3223,"comment_status":"open","ping_status":"open","sticky":false,"template":"","format":"standard","meta":{"footnotes":""},"categories":[5,427],"tags":[823,826,822,219,824,825,821,190,827],"class_list":["post-3222","post","type-post","status-publish","format-standard","has-post-thumbnail","hentry","category-interviste","category-news","tag-cesar-concepcion","tag-dave-montagne","tag-felix-frank-figueroa","tag-frankie-figueroa","tag-johnny-albino","tag-los-panchos","tag-mr-estilo","tag-perez-prado","tag-ray-terrace"],"_links":{"self":[{"href":"https:\/\/www.lasalsavive.org\/portale\/wp-json\/wp\/v2\/posts\/3222","targetHints":{"allow":["GET"]}}],"collection":[{"href":"https:\/\/www.lasalsavive.org\/portale\/wp-json\/wp\/v2\/posts"}],"about":[{"href":"https:\/\/www.lasalsavive.org\/portale\/wp-json\/wp\/v2\/types\/post"}],"author":[{"embeddable":true,"href":"https:\/\/www.lasalsavive.org\/portale\/wp-json\/wp\/v2\/users\/1"}],"replies":[{"embeddable":true,"href":"https:\/\/www.lasalsavive.org\/portale\/wp-json\/wp\/v2\/comments?post=3222"}],"version-history":[{"count":55,"href":"https:\/\/www.lasalsavive.org\/portale\/wp-json\/wp\/v2\/posts\/3222\/revisions"}],"predecessor-version":[{"id":14282,"href":"https:\/\/www.lasalsavive.org\/portale\/wp-json\/wp\/v2\/posts\/3222\/revisions\/14282"}],"wp:featuredmedia":[{"embeddable":true,"href":"https:\/\/www.lasalsavive.org\/portale\/wp-json\/wp\/v2\/media\/3223"}],"wp:attachment":[{"href":"https:\/\/www.lasalsavive.org\/portale\/wp-json\/wp\/v2\/media?parent=3222"}],"wp:term":[{"taxonomy":"category","embeddable":true,"href":"https:\/\/www.lasalsavive.org\/portale\/wp-json\/wp\/v2\/categories?post=3222"},{"taxonomy":"post_tag","embeddable":true,"href":"https:\/\/www.lasalsavive.org\/portale\/wp-json\/wp\/v2\/tags?post=3222"}],"curies":[{"name":"wp","href":"https:\/\/api.w.org\/{rel}","templated":true}]}}