{"id":3411,"date":"2012-07-03T09:19:10","date_gmt":"2012-07-03T08:19:10","guid":{"rendered":"http:\/\/www.lasalsavive.org\/portale\/?p=3411"},"modified":"2026-05-21T10:51:55","modified_gmt":"2026-05-21T09:51:55","slug":"ruben-blades-tour-mondiale-2012-le-date","status":"publish","type":"post","link":"https:\/\/www.lasalsavive.org\/portale\/2012\/07\/03\/ruben-blades-tour-mondiale-2012-le-date\/","title":{"rendered":"Ruben Blades tour mondiale 2012: le date"},"content":{"rendered":"<p>Ecco le date del tour 2012 di Ruben Blades.<\/p>\n<figure id=\"attachment_3413\" aria-describedby=\"caption-attachment-3413\" style=\"width: 300px\" class=\"wp-caption aligncenter\"><img loading=\"lazy\" decoding=\"async\" class=\"size-medium wp-image-3413\" title=\"ruben_blades\" src=\"http:\/\/www.lasalsavive.org\/portale\/wp-content\/uploads\/2012\/07\/ruben_blades-300x54.jpg\" alt=\"Ruben Blades\" width=\"300\" height=\"54\" srcset=\"https:\/\/www.lasalsavive.org\/portale\/wp-content\/uploads\/2012\/07\/ruben_blades-300x54.jpg 300w, https:\/\/www.lasalsavive.org\/portale\/wp-content\/uploads\/2012\/07\/ruben_blades-400x72.jpg 400w, https:\/\/www.lasalsavive.org\/portale\/wp-content\/uploads\/2012\/07\/ruben_blades.jpg 1000w\" sizes=\"auto, (max-width: 300px) 100vw, 300px\" \/><figcaption id=\"caption-attachment-3413\" class=\"wp-caption-text\">Ruben Blades<\/figcaption><\/figure>\n<blockquote class=\"twitter-tweet\" data-width=\"550\" data-dnt=\"true\">\n<p lang=\"es\" dir=\"ltr\">Ya est\u00e1n anunciadas las fechas oficiales de Junio, Julio y Agosto  de la gira mundial de Rub\u00e9n <a href=\"https:\/\/twitter.com\/hashtag\/CantosyCuentosUrbanos?src=hash&amp;ref_src=twsrc%5Etfw\">#CantosyCuentosUrbanos<\/a> , <a href=\"http:\/\/t.co\/9HDRuDRZ\">http:\/\/t.co\/9HDRuDRZ<\/a><\/p>\n<p>&mdash; Rub\u00e9n Blades (@rubenblades) <a href=\"https:\/\/twitter.com\/rubenblades\/status\/218824819964256256?ref_src=twsrc%5Etfw\">June 29, 2012<\/a><\/p><\/blockquote>\n<p><script async src=\"https:\/\/platform.twitter.com\/widgets.js\" charset=\"utf-8\"><\/script><\/p>\n<div>\n<h2>29 Junio &#8211; A Coru\u00f1a,\u00a0Espa\u00f1a<\/h2>\n<div><\/div>\n<\/div>\n<div>\n<div id=\"item17164328\">\n<div>\n<h2>30 Junio &#8211; Avil\u00e9s,\u00a0Espa\u00f1a<\/h2>\n<div><\/div>\n<\/div>\n<\/div>\n<\/div>\n<div>\n<div id=\"item17164319\">\n<div>\n<h2>04 Julio &#8211; Darmstadt,\u00a0Alemania<\/h2>\n<div><\/div>\n<\/div>\n<\/div>\n<\/div>\n<div>\n<div id=\"item17164313\">\n<div>\n<h2>06 Julio &#8211; Lugano,\u00a0Suiza<\/h2>\n<div><\/div>\n<\/div>\n<\/div>\n<\/div>\n<div>\n<div id=\"item17164308\">\n<div>\n<h2>08 Julio &#8211; Roskilde,\u00a0Dinamarca<\/h2>\n<div><\/div>\n<\/div>\n<\/div>\n<\/div>\n<div>\n<div id=\"item17164297\">\n<div>\n<h2>10 Julio &#8211; Hamburgo,\u00a0Alemania<\/h2>\n<div><\/div>\n<\/div>\n<\/div>\n<\/div>\n<div>\n<div id=\"item17164289\">\n<div>\n<h2>11 Julio &#8211; Z\u00fcrich,\u00a0Suiza<\/h2>\n<div><\/div>\n<\/div>\n<\/div>\n<\/div>\n<div>\n<div id=\"item17164283\">\n<div>\n<h2>12 Julio &#8211; Amsterdam,\u00a0Holanda<\/h2>\n<div><\/div>\n<\/div>\n<\/div>\n<\/div>\n<div>\n<div id=\"item17164276\">\n<div>\n<h2>14 julio &#8211; La R\u00e1bida (Huelva),\u00a0Espa\u00f1a<\/h2>\n<div><\/div>\n<\/div>\n<\/div>\n<\/div>\n<div>\n<div id=\"item17164263\">\n<div>\n<h2>15 Julio &#8211; Valencia,\u00a0Espa\u00f1a<\/h2>\n<div><\/div>\n<\/div>\n<\/div>\n<\/div>\n<div>\n<div id=\"item16515113\">\n<div>\n<h2>22 Julio &#8211; Caracas,\u00a0Venezuela<\/h2>\n<div>\n<p>MAESTRA VIDA,\u00a0Con la Orquesta Sinf\u00f3nica Sim\u00f3n Bolivar y la Orquesta Latino Caribe\u00f1a Sim\u00f3n Bol\u00edvar.\u00a0Director: GUSTAVO DUDAMEL<\/p>\n<\/div>\n<\/div>\n<\/div>\n<\/div>\n<div>\n<div id=\"item17164153\">\n<div>\n<h2>25 Julio &#8211; Madrid,\u00a0Espa\u00f1a<\/h2>\n<div><\/div>\n<\/div>\n<\/div>\n<\/div>\n<div>\n<div id=\"item17164147\">\n<div>\n<h2>26 Julio &#8211; Barcelona,\u00a0Espa\u00f1a<\/h2>\n<div><\/div>\n<\/div>\n<\/div>\n<\/div>\n<div>\n<div id=\"item17164144\">\n<div>\n<h2>27 Julio &#8211; C\u00e1diz,\u00a0Espa\u00f1a<\/h2>\n<div><\/div>\n<\/div>\n<\/div>\n<\/div>\n<div>\n<div id=\"item17164139\">\n<div>\n<h2>03 Agosto &#8211; Berl\u00edn,\u00a0Alemania<\/h2>\n<div><\/div>\n<\/div>\n<\/div>\n<\/div>\n<div>\n<div id=\"item17164134\">\n<div>\n<h2>04 Agosto &#8211; Malm\u00f6,\u00a0Suecia<\/h2>\n<div><\/div>\n<\/div>\n<\/div>\n<\/div>\n<div>\n<div id=\"item17164127\">\n<div>\n<h2>09 Agosto &#8211; Marciac,\u00a0Francia<\/h2>\n<div><\/div>\n<\/div>\n<\/div>\n<\/div>\n<div>\n<div id=\"item17164115\">\n<div>\n<h2>10 Agosto &#8211; Oslo,\u00a0Noruega<\/h2>\n<div><\/div>\n<\/div>\n<\/div>\n<\/div>\n<div>\n<div id=\"item17164103\">\n<div>\n<h2>11 Agosto &#8211; Estocolmo,\u00a0Suecia<\/h2>\n<div><\/div>\n<\/div>\n<\/div>\n<\/div>\n<div>\n<h2>15 Agosto &#8211; Los Angeles, Estados\u00a0Unidos<\/h2>\n<div>\n<p>Hollywood Bowl<\/p>\n<div>\n<h2>31 Agosto &#8211; Willemstadt,\u00a0Cura\u00e7ao<\/h2>\n<div>\n<p>Cura\u00e7ao North Sea Jazz Festival<\/p>\n<\/div>\n<\/div>\n<\/div>\n<\/div>\n","protected":false},"excerpt":{"rendered":"<p>Ecco le date del tour 2012 di Ruben Blades. Ya est\u00e1n anunciadas las fechas oficiales&#8230;<\/p>\n","protected":false},"author":1,"featured_media":3415,"comment_status":"open","ping_status":"open","sticky":false,"template":"","format":"standard","meta":{"footnotes":""},"categories":[427],"tags":[256,855],"class_list":["post-3411","post","type-post","status-publish","format-standard","has-post-thumbnail","hentry","category-news","tag-ruben-blades","tag-tour-2012-ruben-blades"],"_links":{"self":[{"href":"https:\/\/www.lasalsavive.org\/portale\/wp-json\/wp\/v2\/posts\/3411","targetHints":{"allow":["GET"]}}],"collection":[{"href":"https:\/\/www.lasalsavive.org\/portale\/wp-json\/wp\/v2\/posts"}],"about":[{"href":"https:\/\/www.lasalsavive.org\/portale\/wp-json\/wp\/v2\/types\/post"}],"author":[{"embeddable":true,"href":"https:\/\/www.lasalsavive.org\/portale\/wp-json\/wp\/v2\/users\/1"}],"replies":[{"embeddable":true,"href":"https:\/\/www.lasalsavive.org\/portale\/wp-json\/wp\/v2\/comments?post=3411"}],"version-history":[{"count":5,"href":"https:\/\/www.lasalsavive.org\/portale\/wp-json\/wp\/v2\/posts\/3411\/revisions"}],"predecessor-version":[{"id":12412,"href":"https:\/\/www.lasalsavive.org\/portale\/wp-json\/wp\/v2\/posts\/3411\/revisions\/12412"}],"wp:featuredmedia":[{"embeddable":true,"href":"https:\/\/www.lasalsavive.org\/portale\/wp-json\/wp\/v2\/media\/3415"}],"wp:attachment":[{"href":"https:\/\/www.lasalsavive.org\/portale\/wp-json\/wp\/v2\/media?parent=3411"}],"wp:term":[{"taxonomy":"category","embeddable":true,"href":"https:\/\/www.lasalsavive.org\/portale\/wp-json\/wp\/v2\/categories?post=3411"},{"taxonomy":"post_tag","embeddable":true,"href":"https:\/\/www.lasalsavive.org\/portale\/wp-json\/wp\/v2\/tags?post=3411"}],"curies":[{"name":"wp","href":"https:\/\/api.w.org\/{rel}","templated":true}]}}