{"id":3465,"date":"2012-07-12T10:24:47","date_gmt":"2012-07-12T09:24:47","guid":{"rendered":"http:\/\/www.lasalsavive.org\/portale\/?p=3465"},"modified":"2026-05-31T17:24:56","modified_gmt":"2026-05-31T16:24:56","slug":"9-compleanno-lasalsavive-8-settembre-2012-don-chisciotte-galliera-bo","status":"publish","type":"post","link":"https:\/\/www.lasalsavive.org\/portale\/2012\/07\/12\/9-compleanno-lasalsavive-8-settembre-2012-don-chisciotte-galliera-bo\/","title":{"rendered":"9 anniversario LaSalsaVive 8 settembre 2012 &#8211; Don Chisciotte (Galliera &#8211; BO)"},"content":{"rendered":"\n<p class=\"wp-block-paragraph\">Edit 09 settembre 2012<\/p>\n\n\n\n<p class=\"wp-block-paragraph\">G R A Z I E a tutti voi ragazzi, sto ancora finendo di leggere i vs. commenti su <strong><a title=\"I commenti su facebook del nono compleanno LaSalsaVive al Don Chisciotte di Galliera (BO)\" href=\"http:\/\/www.facebook.com\/events\/266246700147949\/\" target=\"_blank\" rel=\"noopener\">facebook<\/a><\/strong> e sono veramente senza parole, anche perch\u00e8 quelle le avete spese tutte voi. Ieri \u00e8 stata l&#8217;ennesima dimostrazione di quanto la passione possa superare gli ostacoli ed il buon Tommy ne sa qualcosa&#8230; :D. Per sostituirlo ho dovuto correre per due dalle 17 di sabato 8 settembre alle 6:40 del giorno successivo ma ne \u00e8 valsa la pena e nonostante sia ancora distrutto, sono strafelice perch\u00e8 alla fine la nostra amata musica e la voglia di stare insieme hanno vinto ancora una volta.<br \/>Ieri il nostro Tommy Salsero (soprannominato il regista per via della carrozzina sulla quale ha passato la serata) ha dovuto guardare le tante ballerine che gli chiedevano cosa fosse successo e solo grazie allo loro coccole (e se lo avesse fatto apposta??? :D) \u00e8 riuscito a superare la tristezza di non poterci ballare insieme.<br \/>I ns. eventi vivono anche di queste situazioni: <strong>la musica \u00e8 una parte importante ma non basta<\/strong>, ci vuole tanta passione, spirito di sacrificio (penso anche e soprattutto a chi si fa centinaia di chilometri per vivere questo evento di un giorno nonostante la crisi di questi tempi), voglia di condividere un momento che rimarr\u00e0 impresso per sempre nei propri ricordi.<br \/>Quindi non posso non ringraziarvi ancora una volta cari amici malati di sooooooooooooolo salsa classica, TUTTI indistintamente, perch\u00e8 non c&#8217;\u00e8 differenza fra ballerini, dj, maestri di ballo, gestori e organizzatori, alla fine quel che conta \u00e8 portare avanti un&#8217;idea che \u00e8 nata dalla passione di qualche amico in un forum di salsa e che a distanza di quasi DIECI anni continua a&#8230;vivere pi\u00f9 forte che mai.<br \/>Appuntamento al prossimo anno per la festa dei 10 anni LaSalsaVive, intanto, nell&#8217;attesa, vi diamo appuntamento al 21 settembre con la <strong><a title=\"Vai alla pagina della Charanga Moderna\" href=\"http:\/\/wp.me\/PQDTq-wW\" target=\"_blank\" rel=\"noopener\">Charanga Moderna<\/a><\/strong> a Bergamo nel nuovo locale dell&#8217;amico <strong>Vannydj Capoferri<\/strong>.<\/p>\n\n\n\n<p class=\"wp-block-paragraph\">Ed ecco le prime foto!<\/p>\n\n\n\n<p class=\"wp-block-paragraph\"><a title=\"Vai alle foto 9 compleanno LaSalsaVive\" href=\"http:\/\/www.lasalsavive.org\/foto\/lasalsavive.org\/9_compleanno_lasalsavive_foto_web\/\" target=\"_blank\" rel=\"noopener\">Vai alle foto 9 compleanno LaSalsaVive by redazione LSV<\/a><\/p>\n\n\n\n<p class=\"wp-block-paragraph\">edit 22\/9\/12<br \/>E finalmente ecco anche i video!!!:<\/p>\n\n\n\n<figure class=\"wp-block-embed is-type-video is-provider-youtube wp-block-embed-youtube wp-embed-aspect-16-9 wp-has-aspect-ratio\"><div class=\"wp-block-embed__wrapper\">\n<iframe loading=\"lazy\" title=\"Alcuni video del 9 compleanno LaSalsaVive\" width=\"640\" height=\"360\" src=\"https:\/\/www.youtube.com\/embed\/qqbTbhFwJzw?feature=oembed\" frameborder=\"0\" allow=\"accelerometer; autoplay; clipboard-write; encrypted-media; gyroscope; picture-in-picture; web-share\" referrerpolicy=\"strict-origin-when-cross-origin\" allowfullscreen><\/iframe>\n<\/div><\/figure>\n\n\n\n<figure class=\"wp-block-embed is-type-video is-provider-youtube wp-block-embed-youtube wp-embed-aspect-16-9 wp-has-aspect-ratio\"><div class=\"wp-block-embed__wrapper\">\n<iframe loading=\"lazy\" title=\"9 compleanno LaSalsaVive: la presentazione dell&amp;apos;evento e dei dj\" width=\"640\" height=\"360\" src=\"https:\/\/www.youtube.com\/embed\/k69JTkJU5lE?feature=oembed\" frameborder=\"0\" allow=\"accelerometer; autoplay; clipboard-write; encrypted-media; gyroscope; picture-in-picture; web-share\" referrerpolicy=\"strict-origin-when-cross-origin\" allowfullscreen><\/iframe>\n<\/div><\/figure>\n\n\n\n<p class=\"wp-block-paragraph\">Finalmente ci risiamo! Anche quest&#8217;anno LaSalsaVive festeggia il compleanno al <strong>Don Chisciotte<\/strong> di Galliera (BO), questa volta il nono!<br \/>L&#8217;evento degli eventi, come dice qualcuno, semplicemente &#8220;l&#8217;evento&#8221; o &#8220;la madre di tutti gli eventi&#8221; di salsa classica&#8230; \ud83d\ude42 troppo buoni, ci fa un immenso piacere leggere questi commenti e ogni anno cerchiamo sempre di fare qualcosa in pi\u00f9 per rendere la serata al di sopra delle aspettative (che sono sempre molto alte) \ud83d\ude42<\/p>\n\n\n<div class=\"wp-block-image\">\n<figure class=\"aligncenter\"><a href=\"http:\/\/www.lasalsavive.com\/foto\/lasalsavive.org\/lasalsavive_8compleanno_100911_web\"><img loading=\"lazy\" decoding=\"async\" width=\"300\" height=\"200\" src=\"http:\/\/www.lasalsavive.org\/portale\/wp-content\/uploads\/2011\/09\/1412-300x200.jpg\" alt=\"\" class=\"wp-image-1675\" srcset=\"https:\/\/www.lasalsavive.org\/portale\/wp-content\/uploads\/2011\/09\/1412-300x200.jpg 300w, https:\/\/www.lasalsavive.org\/portale\/wp-content\/uploads\/2011\/09\/1412-400x267.jpg 400w, https:\/\/www.lasalsavive.org\/portale\/wp-content\/uploads\/2011\/09\/1412.jpg 898w\" sizes=\"auto, (max-width: 300px) 100vw, 300px\" \/><\/a><figcaption class=\"wp-element-caption\">Una foto tratta dall&#8217;evento LaSalsaVive: 8 compleanno<\/figcaption><\/figure>\n<\/div>\n\n\n<p class=\"wp-block-paragraph\">Anche quest&#8217;anno riproporremo l&#8217;ormai collaudata formula (il Gal\u00e0 della Salsa Classica alla sua settima edizione) dei dj da ogni parte d&#8217;Italia e qualche ospite anche dall&#8217;estero, che suoneranno in coppia su tre piste.<br \/>Inoltre ci sar\u00e0 la quarta edizione della mostra dei vinili di salsa classica con collezionisti e appassionati da ogni parte d&#8217;Italia.<\/p>\n\n\n\n<p class=\"wp-block-paragraph\">Quindi, se ami la salsa classica e vuoi passare una notte completamente diversa dalle altre, l&#8217;8 settembre 2012 non puoi mancare, ti aspettiamo per il nostro 9 compleanno!<\/p>\n\n\n\n<p class=\"wp-block-paragraph\">E come ogni anno c&#8217;\u00e8 la possibilit\u00e0 di cenare dentro il locale! Ecco il men\u00f9 che potrete degustare al Don Chisciotte previa prenotazione (Max Chevere (tel. 392.1047764) o Tommy Salsero (tel. 392.1047764) e vi daremo tutti i dettagli).<\/p>\n\n\n\n<p class=\"wp-block-paragraph\"><strong>PROGRAMMA<\/strong><\/p>\n\n\n\n<p class=\"wp-block-paragraph\">Ore 17: <strong>Apertura mostra\/scambio del vinile.<\/strong> (la mostra \u00e8 aperta al pubblico gratuitamente)<\/p>\n\n\n\n<p class=\"wp-block-paragraph\">Ore 20: <strong>CENA:<\/strong><\/p>\n\n\n\n<p class=\"wp-block-paragraph\">pennette tricolore<br \/>grigliata mista di carne con patate al forno<br \/>creme caramel<br \/>caff\u00e8<br \/>acqua e vino<\/p>\n\n\n\n<p class=\"wp-block-paragraph\">Per le persone con problemi alimentari tipo celiaci c&#8217;\u00e8 la possibilit\u00e0 di avere un men\u00f9 specifico, vi preghiamo solo di farcelo sapere per tempo in modo da non creare problemi alla cucina. GRAZIE!<\/p>\n\n\n\n<p class=\"wp-block-paragraph\">Ore 23: <strong>Inizio pre-serata con i dj<\/strong><\/p>\n\n\n\n<p class=\"wp-block-paragraph\">Questi i dj invitati che hanno partecipato: (in ordine alfabetico)<\/p>\n\n\n\n<p class=\"wp-block-paragraph\"><strong>Andrew Rusig<\/strong> (Gorizia) &#8211; <strong>Sesar Dj<\/strong> (Napoli)<br \/><strong>Antonio Fei<\/strong> (Avellino) &#8211; <strong>Francesco &#8220;Frankaly Lavoe&#8221;<\/strong> (Napoli)<br \/><strong>El Temba<\/strong> (Los Calvos) (Genova) &#8211; <strong>Norberto Rios<\/strong> (Ascoli)<br \/><strong>Fabio El Barrio<\/strong> (Bologna) &#8211; <strong>Ivan El Conde<\/strong> (Taranto)<br \/><strong>Giancarlo Coppo<\/strong> &#8211; <strong>Paolo Falzetti<\/strong> (Salsa 7o y Guaguanco) (Torino)<br \/><strong>Max &#8220;El Bac\u00e1n&#8221;<\/strong><strong> (Ancona) &#8211; Pio4te<\/strong> (Roma)<br \/><strong>Mascalzone Latino<\/strong> (Lucca) &#8211; <strong>Claude dj<\/strong> (Milano)<strong><br \/><\/strong><strong>Pupo<\/strong> (Milano) &#8211; <strong>Fabrizio Zoro<\/strong> (Milano) &#8211; <strong>Franco Monte<\/strong> (Milano)<br \/><strong>Vannydj Capoferri<\/strong> (Bergamo) &#8211; <strong>Paolo &#8220;El Chino&#8221;<\/strong> (Bolzano)<\/p>\n\n\n\n<p class=\"wp-block-paragraph\">Altri dj in attesa di conferma&#8230;<\/p>\n\n\n\n<p class=\"wp-block-paragraph\">Ore 24: <strong>Presentazione e partenza con i dj a coppie che si alterneranno nelle due postazioni.<br \/><\/strong><\/p>\n\n\n\n<p class=\"wp-block-paragraph\">Ore 02: <strong>Torta di compleanno Lasalsavive!<br \/><\/strong><\/p>\n\n\n\n<p class=\"wp-block-paragraph\">La festa andr\u00e0 avanti fino all&#8217;alba e saranno dispensati brioche e cappuccino ai sopravvissuti alla maratona!<\/p>\n\n\n\n<p class=\"wp-block-paragraph\">Per avere un&#8217;idea dell&#8217;evento:<\/p>\n\n\n\n<center><iframe loading=\"lazy\" src=\"http:\/\/www.youtube.com\/embed\/G9QKeJEDZ90\" width=\"560\" height=\"315\" frameborder=\"0\" allowfullscreen=\"allowfullscreen\"><\/iframe><\/center>\n\n\n\n<p class=\"wp-block-paragraph\">Ed ecco alcuni video della scorsa edizione a cura di <strong>Pietro Naldi<\/strong>:<\/p>\n\n\n\n<figure class=\"wp-block-embed is-type-video is-provider-youtube wp-block-embed-youtube wp-embed-aspect-16-9 wp-has-aspect-ratio\"><div class=\"wp-block-embed__wrapper\">\n<iframe loading=\"lazy\" title=\"Compleanno La Salsa Vive prima parte.mov\" width=\"640\" height=\"360\" src=\"https:\/\/www.youtube.com\/embed\/Bi5Iq25djW4?feature=oembed\" frameborder=\"0\" allow=\"accelerometer; autoplay; clipboard-write; encrypted-media; gyroscope; picture-in-picture; web-share\" referrerpolicy=\"strict-origin-when-cross-origin\" allowfullscreen><\/iframe>\n<\/div><\/figure>\n\n\n\n<figure class=\"wp-block-embed is-type-video is-provider-youtube wp-block-embed-youtube wp-embed-aspect-16-9 wp-has-aspect-ratio\"><div class=\"wp-block-embed__wrapper\">\n<iframe loading=\"lazy\" title=\"Compleanno la salsa vive seconda parte.mov\" width=\"640\" height=\"360\" src=\"https:\/\/www.youtube.com\/embed\/AiOBAn_9MDA?feature=oembed\" frameborder=\"0\" allow=\"accelerometer; autoplay; clipboard-write; encrypted-media; gyroscope; picture-in-picture; web-share\" referrerpolicy=\"strict-origin-when-cross-origin\" allowfullscreen><\/iframe>\n<\/div><\/figure>\n\n\n\n<figure class=\"wp-block-embed is-type-video is-provider-youtube wp-block-embed-youtube wp-embed-aspect-16-9 wp-has-aspect-ratio\"><div class=\"wp-block-embed__wrapper\">\n<iframe loading=\"lazy\" title=\"Compleanno La Salsa Vive terza parte.mov\" width=\"640\" height=\"360\" src=\"https:\/\/www.youtube.com\/embed\/hjmzy9M-a9g?feature=oembed\" frameborder=\"0\" allow=\"accelerometer; autoplay; clipboard-write; encrypted-media; gyroscope; picture-in-picture; web-share\" referrerpolicy=\"strict-origin-when-cross-origin\" allowfullscreen><\/iframe>\n<\/div><\/figure>\n\n\n\n<p class=\"wp-block-paragraph\">Per scaricare il banner ufficiale del 9 compleanno LaSalsaVive <a title=\"Banner Ufficiale 9 compleanno LaSalsaVive\" href=\"http:\/\/www.lasalsavive.org\/portale\/wp-includes\/images\/Banner\/lsv_compleanno9.gif\" target=\"_blank\" rel=\"noopener\">clicca qui<\/a>:<\/p>\n\n\n\n<figure class=\"wp-block-image\"><img decoding=\"async\" src=\"http:\/\/www.lasalsavive.org\/portale\/wp-includes\/images\/Banner\/lsv_compleanno9.gif\" alt=\"Banner Ufficiale LaSalsaVive 9 compleanno\"\/><\/figure>\n\n\n\n<p class=\"wp-block-paragraph\"><\/p>\n\n\n\n<p class=\"wp-block-paragraph\"><strong>HOTEL CONVENZIONATI:<\/strong><br \/>&#8212;&#8212;&#8212;&#8212;&#8212;&#8212;&#8212;&#8212;&#8212;&#8212;&#8212;&#8212;&#8212;&#8212;&#8212;&#8212;-<br \/><strong>HOTEL PAMELA<\/strong><\/p>\n\n\n\n<p class=\"wp-block-paragraph\">Hotel Pamela &#8211; Via Galliera Sud, 74 &#8211; 40018 San Pietro in Casale (BO) Italy<br \/>Tel. +39 051 810754 (6 Linee) &#8211; Fax +39 051 817202 info@hotelpamela.it<\/p>\n\n\n\n<p class=\"wp-block-paragraph\">Quando prenotate ricordate di dire convenzione LASALSAVIVE, persona da contattare: Gianni.<\/p>\n\n\n\n<p class=\"wp-block-paragraph\">Tariffe convenzionate:<\/p>\n\n\n\n<p class=\"wp-block-paragraph\">Singola: 45 EURO con prima colazione (caff\u00e8,succo e brioche)<br \/>Doppia o matrimoniale: 52 EURO (caff\u00e8,succo e brioche)<br \/>Tripla: 67 EURO (caff\u00e8,succo e brioche)<br \/>Quadrupla: 79 EURO (caff\u00e8,succo e brioche)<\/p>\n\n\n\n<p class=\"wp-block-paragraph\">&#8212;&#8212;&#8212;&#8212;&#8212;&#8212;&#8212;&#8212;&#8212;&#8212;&#8212;&#8212;&#8212;&#8212;&#8212;&#8212;-<br \/><strong><a href=\"https:\/\/hotellunablu.it\/\">HOTEL LUNA BLU<\/a><\/strong> di CASUMARO (FE)<br \/>44041 Casumaro (FE) &#8211; Via Del Lavoro, 1\/B<br \/>Tel.051 6849994<br \/><\/p>\n\n\n\n<p class=\"wp-block-paragraph\"><strong>L&#8217;hotel sar\u00e0 chiuso dal 1 al 31 Agosto, per prenotare potete inviare un sms al N. 338.8523858 (Silvia) inviare una mail a info@hotellunablu.it oppure telefonare dopo il 1 Settembre.<\/strong><\/p>\n\n\n\n<p class=\"wp-block-paragraph\">Quando prenotate ricordate di dire convenzione LASALSAVIVE.<\/p>\n\n\n\n<p class=\"wp-block-paragraph\">&#8212;&#8212;&#8212;&#8212;&#8212;&#8212;&#8212;&#8212;&#8212;&#8212;&#8212;&#8212;&#8212;&#8212;&#8212;&#8212;&#8212;<br \/><strong>HOTEL GALLIERA<\/strong><br \/>40010 Galliera (BO) &#8211; Via Dante Alighieri, 2\/C<br \/>051 812148<a title=\"Hotel Galliera web site\" href=\" http:\/\/www.hotelgalliera.it\/\" target=\"_blank\" rel=\"noopener\"><br \/>http:\/\/www.hotelgalliera.it\/<\/a><\/p>\n\n\n\n<p class=\"wp-block-paragraph\">Camera singola 34 Euro<br \/>Camera doppia 50 Euro<br \/>Camera tripla 65 Euro<\/p>\n\n\n\n<p class=\"wp-block-paragraph\">Quando prenotate ricordate di dire convenzione LASALSAVIVE.<br \/>&#8212;&#8212;&#8212;&#8212;&#8212;&#8212;&#8212;&#8212;&#8212;&#8212;&#8212;&#8212;&#8212;&#8212;&#8212;&#8212;&#8212;&#8212;-<\/p>\n\n\n\n<p class=\"wp-block-paragraph\"><strong>Come arrivare al Don Chisciotte:<\/strong><\/p>\n\n\n\n<p class=\"wp-block-paragraph\">1. Prendere A13 (direzione Padova ).<br \/>2. Uscire ad Altedo (uscita dopo Bologna Interporto e prima di Ferrara sud).<br \/>3. Seguire per San Pietro in Casale (girando a destra usciti dal casello continuare 4 km).<br \/>4. All&#8217;incrocio prima di entrare a San Pietro girare a destra verso Ferrara.<br \/>5. Dopo circa 50 mt a sinistra e seguite le indicazioni &#8220;POGGETTO&#8221; &#8220;MASSUMATICO&#8221;.<br \/>6. Percorrere questa stradina senza mai lasciarla, oltrepassando &#8220;MASSUMATICO&#8221;.<br \/>7. Dopo circa 8 km troverete le indicazioni &#8220;Sant&#8217;Agostino&#8221; (girate a sinistra poi a destra).<br \/>8. Dopo circa 1km sulla destra troverete il Don Chisciotte.<\/p>\n\n\n\n<p class=\"wp-block-paragraph\"><strong>Don Chisciotte<\/strong><br \/>S. Agostino &#8211; Galliera (BO)<br \/>Via Confine, 1 &#8211;<br \/>Info: 051\/814340<br \/>Vai alla mappa:<\/p>\n","protected":false},"excerpt":{"rendered":"<p>Edit 09 settembre 2012 G R A Z I E a tutti voi ragazzi, sto&#8230;<\/p>\n","protected":false},"author":1,"featured_media":3468,"comment_status":"open","ping_status":"open","sticky":false,"template":"","format":"standard","meta":{"footnotes":""},"categories":[1055,427],"tags":[868,865,866,867,863,864],"class_list":["post-3465","post","type-post","status-publish","format-standard","has-post-thumbnail","hentry","category-eventi","category-news","tag-8-settembre-2012-9-compleanno-lasalsavive","tag-gala-della-salsa-classica","tag-la-salsa-vive-2012","tag-la-salsa-vive-don-chisciotte","tag-lasalsavive-9-compleanno","tag-lasalsavive-nono-anniversario"],"_links":{"self":[{"href":"https:\/\/www.lasalsavive.org\/portale\/wp-json\/wp\/v2\/posts\/3465","targetHints":{"allow":["GET"]}}],"collection":[{"href":"https:\/\/www.lasalsavive.org\/portale\/wp-json\/wp\/v2\/posts"}],"about":[{"href":"https:\/\/www.lasalsavive.org\/portale\/wp-json\/wp\/v2\/types\/post"}],"author":[{"embeddable":true,"href":"https:\/\/www.lasalsavive.org\/portale\/wp-json\/wp\/v2\/users\/1"}],"replies":[{"embeddable":true,"href":"https:\/\/www.lasalsavive.org\/portale\/wp-json\/wp\/v2\/comments?post=3465"}],"version-history":[{"count":43,"href":"https:\/\/www.lasalsavive.org\/portale\/wp-json\/wp\/v2\/posts\/3465\/revisions"}],"predecessor-version":[{"id":12688,"href":"https:\/\/www.lasalsavive.org\/portale\/wp-json\/wp\/v2\/posts\/3465\/revisions\/12688"}],"wp:featuredmedia":[{"embeddable":true,"href":"https:\/\/www.lasalsavive.org\/portale\/wp-json\/wp\/v2\/media\/3468"}],"wp:attachment":[{"href":"https:\/\/www.lasalsavive.org\/portale\/wp-json\/wp\/v2\/media?parent=3465"}],"wp:term":[{"taxonomy":"category","embeddable":true,"href":"https:\/\/www.lasalsavive.org\/portale\/wp-json\/wp\/v2\/categories?post=3465"},{"taxonomy":"post_tag","embeddable":true,"href":"https:\/\/www.lasalsavive.org\/portale\/wp-json\/wp\/v2\/tags?post=3465"}],"curies":[{"name":"wp","href":"https:\/\/api.w.org\/{rel}","templated":true}]}}