{"id":3532,"date":"2012-07-18T20:35:07","date_gmt":"2012-07-18T19:35:07","guid":{"rendered":"http:\/\/www.lasalsavive.org\/portale\/?p=3532"},"modified":"2026-05-23T10:48:21","modified_gmt":"2026-05-23T09:48:21","slug":"ray-perez-suonera-a-londra-con-la-orquesta-ondatropica-il-prossimo-20-luglio-2012","status":"publish","type":"post","link":"https:\/\/www.lasalsavive.org\/portale\/2012\/07\/18\/ray-perez-suonera-a-londra-con-la-orquesta-ondatropica-il-prossimo-20-luglio-2012\/","title":{"rendered":"Ray Perez suoner\u00e0 a Londra con la Orquesta Ondatropica il prossimo 20 luglio 2012"},"content":{"rendered":"\n<p class=\"wp-block-paragraph\"><strong>Ray Perez<\/strong> presenzier\u00e0 al concerto dei &#8220;<strong>Los Irreales de Ondatr\u00f3pica<\/strong>&#8221; insieme ad altri artisti fra i quali <strong>Alfredito Linares<\/strong> e <strong>Michi Sarmiento<\/strong>, il prossimo 20 luglio 2012 per un concerto che si terr\u00e0 il giorno dell&#8217;indipendenza della Colombia a Londra.<br \/>Fra i brani scelti ce ne sono due di Ray Perez, uno dei quali \u00e8 Pal 23.<\/p>\n\n\n\n<figure class=\"wp-block-embed is-type-video is-provider-youtube wp-block-embed-youtube wp-embed-aspect-4-3 wp-has-aspect-ratio\"><div class=\"wp-block-embed__wrapper\">\n<iframe loading=\"lazy\" title=\"Ondatropica Bogota June 2012.AVI\" width=\"640\" height=\"480\" src=\"https:\/\/www.youtube.com\/embed\/VAU5d9NmcOI?feature=oembed\" frameborder=\"0\" allow=\"accelerometer; autoplay; clipboard-write; encrypted-media; gyroscope; picture-in-picture; web-share\" referrerpolicy=\"strict-origin-when-cross-origin\" allowfullscreen><\/iframe>\n<\/div><\/figure>\n\n\n\n<p class=\"wp-block-paragraph\">Ecco un video sul progetto musicale di Ondatr\u00f3pica:<\/p>\n\n\n\n<figure class=\"wp-block-embed is-type-video is-provider-youtube wp-block-embed-youtube wp-embed-aspect-16-9 wp-has-aspect-ratio\"><div class=\"wp-block-embed__wrapper\">\n<iframe loading=\"lazy\" title=\"Ondatr\u00f3pica - the Making of: Trailer\" width=\"640\" height=\"360\" src=\"https:\/\/www.youtube.com\/embed\/9Z2Cmn4qRSg?feature=oembed\" frameborder=\"0\" allow=\"accelerometer; autoplay; clipboard-write; encrypted-media; gyroscope; picture-in-picture; web-share\" referrerpolicy=\"strict-origin-when-cross-origin\" allowfullscreen><\/iframe>\n<\/div><\/figure>\n\n\n\n<p class=\"wp-block-paragraph\"><strong>Espa<em>\u00f1<\/em>ol<\/strong><\/p>\n\n\n\n<p class=\"wp-block-paragraph\">Esta es la lista de artistas que conforman la orquesta &#8220;Los Irreales de Ondatr\u00f3pica&#8221; que estar\u00e1 tocando su 1er concierto internacional el pr\u00f3ximo 20 de julio (D\u00eda de la independencia de Colombia) en la ciudad de Londres y para su 2do concierto estar\u00e1n en el escenario de las Americas en <a href=\"http:\/\/www.facebook.com\/BTRiverOfMusic\" data-hovercard=\"\/ajax\/hovercard\/page.php?id=216140941822114\">BT River of Music<\/a>.<\/p>\n\n\n\n<figure class=\"wp-block-image size-full\"><img loading=\"lazy\" decoding=\"async\" width=\"960\" height=\"591\" src=\"https:\/\/www.lasalsavive.org\/portale\/wp-content\/uploads\/2012\/07\/ray_ondatropica.jpg\" alt=\"Ray Perez y la Orquesta Ondatropica\" class=\"wp-image-12414\" srcset=\"https:\/\/www.lasalsavive.org\/portale\/wp-content\/uploads\/2012\/07\/ray_ondatropica.jpg 960w, https:\/\/www.lasalsavive.org\/portale\/wp-content\/uploads\/2012\/07\/ray_ondatropica-300x185.jpg 300w, https:\/\/www.lasalsavive.org\/portale\/wp-content\/uploads\/2012\/07\/ray_ondatropica-768x473.jpg 768w\" sizes=\"auto, (max-width: 960px) 100vw, 960px\" \/><\/figure>\n\n\n\n<p class=\"wp-block-paragraph\"><\/p>\n\n\n\n<p class=\"wp-block-paragraph\">&#8211; Nidia Gongora (Voz)<br \/>&#8211; Wilson Viveros (Timbales)<br \/>&#8211; Juan Carlos Puello (Percusi\u00f3n,Alegre, Caja)<br \/>&#8211; Mario Galeano Toro (Bajo)<br \/>&#8211; Pedro Ojeda (Bater\u00eda)<br \/>&#8211; Will Holland (Acorde\u00f3n, guitarra)<br \/>&#8211; Alfredito Linares (Piano)<br \/>&#8211; Ramaya (Flauta de Millo)<br \/>&#8211; Michi Sarmiento (Saxo Alto)<br \/>&#8211; Markitos Mikolta (Voz)<br \/>&#8211; Jorge Gaviria (Trompeta)<br \/>&#8211; Marco Fajardo (Clarinete y Saxo)<\/p>\n\n\n\n<p class=\"wp-block-paragraph\">Artistas invitados:<br \/>&#8211; Ray Perez (Venezuela)<br \/>&#8211; Casimiro Granillo (M\u00e9xico)<\/p>\n\n\n\n<p class=\"wp-block-paragraph\">Fotograf\u00eda por: <a href=\"http:\/\/www.facebook.com\/pages\/Maria-Elisa-Duque-FOTOGRAFIA-PHOTOGRAPHY\/124256624263224\" data-hovercard=\"\/ajax\/hovercard\/page.php?id=124256624263224\">Maria Elisa Duque FOTOGRAFIA \/ PHOTOGRAPHY<\/a> \u2014 con <a href=\"http:\/\/www.facebook.com\/juancarlos.p.chongo\" data-ft=\"{&quot;tn&quot;:&quot;;&quot;}\" data-hovercard=\"\/ajax\/hovercard\/user.php?id=555974108\">Juan Carlos Puello<\/a> e <a title=\"Will Holland&lt;br \/&gt;\nMario Galeano Toro&lt;br \/&gt;\nPedro Ojeda\" href=\"http:\/\/www.facebook.com\/browse\/participants\/?q=AeLbEtuqXsrCrw6n_aa8HkfWO5jWQkxMfGc5R2MXKU_TFTedCh_mMUPI-fq7cyeAVsuJs9ZsK19Tjx67JVE5rczDoYXjM6AJ6MxSrxYsu82l3GXJhGoNj6iVBqpilizs4WljKi2Xy3lnWgxGz3gkx59uZrC2TLOJDN7o0O_QiuLWIxFASQu3r-Q3vpJvo0X38NIAP3yyMMSLeKuTyN7MMBAf1Yq7Qd5jkC9wE4o40-52AA\" rel=\"dialog\" data-hover=\"tooltip\" data-tooltip-position=\"below\">altre 3 persone<\/a> presso <a href=\"http:\/\/www.facebook.com\/pages\/Bogot%C3%A1\/102194039822307?ref=stream\" data-ft=\"{&quot;tn&quot;:&quot;P&quot;}\" data-hovercard=\"\/ajax\/hovercard\/page.php?id=102194039822307\">Bogot\u00e1<\/a>.<\/p>\n","protected":false},"excerpt":{"rendered":"<p>Ray Perez presenzier\u00e0 al concerto dei &#8220;Los Irreales de Ondatr\u00f3pica&#8221; insieme ad altri artisti fra&#8230;<\/p>\n","protected":false},"author":1,"featured_media":3534,"comment_status":"open","ping_status":"open","sticky":false,"template":"","format":"standard","meta":{"footnotes":""},"categories":[427],"tags":[882,883,881,23],"class_list":["post-3532","post","type-post","status-publish","format-standard","has-post-thumbnail","hentry","category-news","tag-alfredito-linares","tag-los-irreales-de-ondatropica","tag-michi-sarmiento","tag-ray-perez"],"_links":{"self":[{"href":"https:\/\/www.lasalsavive.org\/portale\/wp-json\/wp\/v2\/posts\/3532","targetHints":{"allow":["GET"]}}],"collection":[{"href":"https:\/\/www.lasalsavive.org\/portale\/wp-json\/wp\/v2\/posts"}],"about":[{"href":"https:\/\/www.lasalsavive.org\/portale\/wp-json\/wp\/v2\/types\/post"}],"author":[{"embeddable":true,"href":"https:\/\/www.lasalsavive.org\/portale\/wp-json\/wp\/v2\/users\/1"}],"replies":[{"embeddable":true,"href":"https:\/\/www.lasalsavive.org\/portale\/wp-json\/wp\/v2\/comments?post=3532"}],"version-history":[{"count":8,"href":"https:\/\/www.lasalsavive.org\/portale\/wp-json\/wp\/v2\/posts\/3532\/revisions"}],"predecessor-version":[{"id":12435,"href":"https:\/\/www.lasalsavive.org\/portale\/wp-json\/wp\/v2\/posts\/3532\/revisions\/12435"}],"wp:featuredmedia":[{"embeddable":true,"href":"https:\/\/www.lasalsavive.org\/portale\/wp-json\/wp\/v2\/media\/3534"}],"wp:attachment":[{"href":"https:\/\/www.lasalsavive.org\/portale\/wp-json\/wp\/v2\/media?parent=3532"}],"wp:term":[{"taxonomy":"category","embeddable":true,"href":"https:\/\/www.lasalsavive.org\/portale\/wp-json\/wp\/v2\/categories?post=3532"},{"taxonomy":"post_tag","embeddable":true,"href":"https:\/\/www.lasalsavive.org\/portale\/wp-json\/wp\/v2\/tags?post=3532"}],"curies":[{"name":"wp","href":"https:\/\/api.w.org\/{rel}","templated":true}]}}