{"id":3540,"date":"2012-07-22T18:15:15","date_gmt":"2012-07-22T17:15:15","guid":{"rendered":"http:\/\/www.lasalsavive.org\/portale\/?p=3540"},"modified":"2012-08-01T10:26:41","modified_gmt":"2012-08-01T09:26:41","slug":"il-bacio-di-ruben-blades-a-ismael-rivera","status":"publish","type":"post","link":"https:\/\/www.lasalsavive.org\/portale\/2012\/07\/22\/il-bacio-di-ruben-blades-a-ismael-rivera\/","title":{"rendered":"Il bacio di Ruben Blades a Ismael Rivera"},"content":{"rendered":"<p>In questo video Ruben Blades racconta la sua storia per avere il permesso di soggiorno negli Stati Uniti.<br \/>\nNel 1977 Ruben ottenne la residenza dopo essere stato illegale per due anni, la notte prima di riceverla<br \/>\ndoveva tornare a Panama e la sua paura era quella di non poter rientrare negli Stati Uniti per continuare il suo lavoro di musicista, qualora il permesso non gli fosse stato concesso.<\/p>\n<figure id=\"attachment_3541\" aria-describedby=\"caption-attachment-3541\" style=\"width: 462px\" class=\"wp-caption aligncenter\"><img loading=\"lazy\" decoding=\"async\" src=\"http:\/\/www.lasalsavive.org\/portale\/wp-content\/uploads\/2012\/07\/ismael_rivera_ruben_blades.jpg\" alt=\"Ismael Rivera e Ruben Blades\" title=\"ismael_rivera_ruben_blades\" width=\"462\" height=\"349\" class=\"size-full wp-image-3541\" srcset=\"https:\/\/www.lasalsavive.org\/portale\/wp-content\/uploads\/2012\/07\/ismael_rivera_ruben_blades.jpg 462w, https:\/\/www.lasalsavive.org\/portale\/wp-content\/uploads\/2012\/07\/ismael_rivera_ruben_blades-300x226.jpg 300w, https:\/\/www.lasalsavive.org\/portale\/wp-content\/uploads\/2012\/07\/ismael_rivera_ruben_blades-400x302.jpg 400w\" sizes=\"auto, (max-width: 462px) 100vw, 462px\" \/><figcaption id=\"caption-attachment-3541\" class=\"wp-caption-text\">Ismael Rivera e Ruben Blades<\/figcaption><\/figure>\n<p>Ismael Rivera che viveva nello stesso quartiere si present\u00f2 a casa di Ruben con una bottiglia di vino rosso e gli disse di non preoccuparsi, di viaggiare sereno che tutto sarebbe andato bene e che il Nazareno lo avrebbe protetto.<br \/>\nE fu cos\u00ec che Ruben viaggi\u00f2 e tutto and\u00f2 bene, per questo alla fine del discorso abbraccia Ismael Rivera e lo bacia.<br \/>\nUn video molto bello che ritrae due fra i pi\u00f9 grandi salseri di tutti i tempi.<\/p>\n<p><center><iframe loading=\"lazy\" width=\"420\" height=\"315\" src=\"http:\/\/www.youtube.com\/embed\/BsdTXUW1S3Y\" frameborder=\"0\" allowfullscreen><\/iframe><\/center><\/p>\n","protected":false},"excerpt":{"rendered":"<p>In questo video Ruben Blades racconta la sua storia per avere il permesso di soggiorno&#8230;<\/p>\n","protected":false},"author":1,"featured_media":3541,"comment_status":"open","ping_status":"open","sticky":false,"template":"","format":"standard","meta":{"footnotes":""},"categories":[427],"tags":[885,884],"class_list":["post-3540","post","type-post","status-publish","format-standard","has-post-thumbnail","hentry","category-news","tag-el-beso-de-ruben-blades-a-ismael-rivera","tag-ismael-rivera-y-ruben-blades"],"_links":{"self":[{"href":"https:\/\/www.lasalsavive.org\/portale\/wp-json\/wp\/v2\/posts\/3540","targetHints":{"allow":["GET"]}}],"collection":[{"href":"https:\/\/www.lasalsavive.org\/portale\/wp-json\/wp\/v2\/posts"}],"about":[{"href":"https:\/\/www.lasalsavive.org\/portale\/wp-json\/wp\/v2\/types\/post"}],"author":[{"embeddable":true,"href":"https:\/\/www.lasalsavive.org\/portale\/wp-json\/wp\/v2\/users\/1"}],"replies":[{"embeddable":true,"href":"https:\/\/www.lasalsavive.org\/portale\/wp-json\/wp\/v2\/comments?post=3540"}],"version-history":[{"count":3,"href":"https:\/\/www.lasalsavive.org\/portale\/wp-json\/wp\/v2\/posts\/3540\/revisions"}],"predecessor-version":[{"id":3639,"href":"https:\/\/www.lasalsavive.org\/portale\/wp-json\/wp\/v2\/posts\/3540\/revisions\/3639"}],"wp:featuredmedia":[{"embeddable":true,"href":"https:\/\/www.lasalsavive.org\/portale\/wp-json\/wp\/v2\/media\/3541"}],"wp:attachment":[{"href":"https:\/\/www.lasalsavive.org\/portale\/wp-json\/wp\/v2\/media?parent=3540"}],"wp:term":[{"taxonomy":"category","embeddable":true,"href":"https:\/\/www.lasalsavive.org\/portale\/wp-json\/wp\/v2\/categories?post=3540"},{"taxonomy":"post_tag","embeddable":true,"href":"https:\/\/www.lasalsavive.org\/portale\/wp-json\/wp\/v2\/tags?post=3540"}],"curies":[{"name":"wp","href":"https:\/\/api.w.org\/{rel}","templated":true}]}}