{"id":3704,"date":"2012-08-11T22:15:57","date_gmt":"2012-08-11T21:15:57","guid":{"rendered":"http:\/\/www.lasalsavive.org\/portale\/?p=3704"},"modified":"2012-08-11T22:15:57","modified_gmt":"2012-08-11T21:15:57","slug":"ritorna-la-puerto-rico-all-stars","status":"publish","type":"post","link":"https:\/\/www.lasalsavive.org\/portale\/2012\/08\/11\/ritorna-la-puerto-rico-all-stars\/","title":{"rendered":"Ritorna la Puerto Rico All Stars!"},"content":{"rendered":"<p>Messico, 11 agosto 2012<\/p>\n<p>Dopo 30 anni di assenza dai palcoscenici internazionali, la formazione stellare della <strong>Puerto Rico All Stars<\/strong> si \u00e8 riunita per iniziare una nuova serie di concerti in America Latina, Stati Uniti ed Europa, che segneranno un nuovo capitolo nella sua storia.<\/p>\n<p>Formata da 24 musicisti di famose orchestre come <strong>Fania All Stars<\/strong>, <strong>La Orquesta de Eddie Palmieri<\/strong>, <strong>El Gran Combo de Puerto Rico<\/strong> e <strong>La Sonora Ponce\u00f1a<\/strong>, la Puerto Rico All Stars \u00e8 la formazione delle stelle della salsa portoricana. Il primo concerto si \u00e8 tenuto in Messico dove sono stati presentati i nuovi integranti della SUPER orchestra.<\/p>\n<p><center><iframe loading=\"lazy\" width=\"560\" height=\"315\" src=\"http:\/\/www.youtube.com\/embed\/XaUGnqcY7NM\" frameborder=\"0\" allowfullscreen><\/iframe><\/center><\/p>\n<p><strong>Papo Lucca<\/strong>: &#8220;La Puerto Rico All Stars \u00e8 un&#8217;organizzazione che ha molte difficolt\u00e0 a riunirsi, a causa degli impegni che ognuno dei suoi componenti ha con i propri progetti, per\u00f2 c&#8217;\u00e8 sempre la massima volont\u00e0 di presentarci affinch\u00e8 il pubblico possa apprezzare il nostro ritorno cos\u00ec come noi stessi lo abbiamo voluto&#8221;. <\/p>\n<p>Fra i grandi nomi che compongono questa orchestre di stelle, <strong>Louis Garc\u00eda<\/strong> dirige la Puerto Rico All Stars, mentre <strong>Papo Lucca<\/strong> \u00e8 al piano e <strong>Paquito Guzm\u00e1n<\/strong>, <strong>Domingo Qui\u00f1ones<\/strong>, <strong>Luigi Texidor<\/strong>, <strong>Frankie V\u00e1zquez<\/strong>, <strong>Pedro Brull<\/strong>, <strong>Luisito Carri\u00f3n<\/strong>, <strong>Deddie Romero<\/strong> e <strong>Darvel Garc\u00eda<\/strong> sono le voci.<\/p>\n<p>Gli album della &#8220;Puerto Rico All Stars&#8221;, &#8220;<strong>Los Profesionales<\/strong>&#8221; e &#8220;<strong>Homenaje al Mes\u00edas<\/strong>&#8221; sono stati lanciati fra il 1977 e il 1979. Il quarto dico, &#8220;<strong>De Regreso<\/strong>&#8220;, ha visto la luce nel 1996.<\/p>\n<figure id=\"attachment_3705\" aria-describedby=\"caption-attachment-3705\" style=\"width: 300px\" class=\"wp-caption aligncenter\"><img loading=\"lazy\" decoding=\"async\" src=\"http:\/\/www.lasalsavive.org\/portale\/wp-content\/uploads\/2012\/08\/puerto_rico_all_stars-300x297.jpg\" alt=\"Puerto Rico All Stars\" title=\"puerto_rico_all_stars\" width=\"300\" height=\"297\" class=\"size-medium wp-image-3705\" srcset=\"https:\/\/www.lasalsavive.org\/portale\/wp-content\/uploads\/2012\/08\/puerto_rico_all_stars-300x297.jpg 300w, https:\/\/www.lasalsavive.org\/portale\/wp-content\/uploads\/2012\/08\/puerto_rico_all_stars-150x150.jpg 150w, https:\/\/www.lasalsavive.org\/portale\/wp-content\/uploads\/2012\/08\/puerto_rico_all_stars.jpg 369w\" sizes=\"auto, (max-width: 300px) 100vw, 300px\" \/><figcaption id=\"caption-attachment-3705\" class=\"wp-caption-text\">Puerto Rico All Stars<\/figcaption><\/figure>\n","protected":false},"excerpt":{"rendered":"<p>Messico, 11 agosto 2012 Dopo 30 anni di assenza dai palcoscenici internazionali, la formazione stellare&#8230;<\/p>\n","protected":false},"author":1,"featured_media":3705,"comment_status":"open","ping_status":"open","sticky":false,"template":"","format":"standard","meta":{"footnotes":""},"categories":[427],"tags":[209,916,919,918,917],"class_list":["post-3704","post","type-post","status-publish","format-standard","has-post-thumbnail","hentry","category-news","tag-papo-lucca","tag-puerto-rico-all-stars","tag-puerto-rico-all-stars-gira-2012","tag-regresa-la-puerto-rico-all-stars","tag-reunion-de-la-puerto-rico-all-stars"],"_links":{"self":[{"href":"https:\/\/www.lasalsavive.org\/portale\/wp-json\/wp\/v2\/posts\/3704","targetHints":{"allow":["GET"]}}],"collection":[{"href":"https:\/\/www.lasalsavive.org\/portale\/wp-json\/wp\/v2\/posts"}],"about":[{"href":"https:\/\/www.lasalsavive.org\/portale\/wp-json\/wp\/v2\/types\/post"}],"author":[{"embeddable":true,"href":"https:\/\/www.lasalsavive.org\/portale\/wp-json\/wp\/v2\/users\/1"}],"replies":[{"embeddable":true,"href":"https:\/\/www.lasalsavive.org\/portale\/wp-json\/wp\/v2\/comments?post=3704"}],"version-history":[{"count":2,"href":"https:\/\/www.lasalsavive.org\/portale\/wp-json\/wp\/v2\/posts\/3704\/revisions"}],"predecessor-version":[{"id":3707,"href":"https:\/\/www.lasalsavive.org\/portale\/wp-json\/wp\/v2\/posts\/3704\/revisions\/3707"}],"wp:featuredmedia":[{"embeddable":true,"href":"https:\/\/www.lasalsavive.org\/portale\/wp-json\/wp\/v2\/media\/3705"}],"wp:attachment":[{"href":"https:\/\/www.lasalsavive.org\/portale\/wp-json\/wp\/v2\/media?parent=3704"}],"wp:term":[{"taxonomy":"category","embeddable":true,"href":"https:\/\/www.lasalsavive.org\/portale\/wp-json\/wp\/v2\/categories?post=3704"},{"taxonomy":"post_tag","embeddable":true,"href":"https:\/\/www.lasalsavive.org\/portale\/wp-json\/wp\/v2\/tags?post=3704"}],"curies":[{"name":"wp","href":"https:\/\/api.w.org\/{rel}","templated":true}]}}