{"id":389,"date":"2026-08-22T13:56:30","date_gmt":"2026-08-22T12:56:30","guid":{"rendered":"http:\/\/www.lasalsavive.org\/portale\/?p=389"},"modified":"2026-08-24T09:18:01","modified_gmt":"2026-08-24T08:18:01","slug":"ruben-blades-e-son-de-tikizia-a-milano-per-il-latinoamericando-expo-19-luglio-2008","status":"publish","type":"post","link":"https:\/\/www.lasalsavive.org\/portale\/2026\/08\/22\/ruben-blades-e-son-de-tikizia-a-milano-per-il-latinoamericando-expo-19-luglio-2008\/","title":{"rendered":"Rub\u00e9n Blades e Son de Tikizia a Milano per il LatinoAmericando Exp\u00f2 19 luglio 2008"},"content":{"rendered":"\n<figure class=\"wp-block-image size-large is-resized\"><img loading=\"lazy\" decoding=\"async\" width=\"1024\" height=\"389\" src=\"https:\/\/www.lasalsavive.org\/portale\/wp-content\/uploads\/2026\/08\/LaSalsaVive_presenta_logo_per_articoli-1024x389.png\" alt=\"\" class=\"wp-image-14371\" style=\"aspect-ratio:2.5;width:400px;height:auto\" srcset=\"https:\/\/www.lasalsavive.org\/portale\/wp-content\/uploads\/2026\/08\/LaSalsaVive_presenta_logo_per_articoli-1024x389.png 1024w, https:\/\/www.lasalsavive.org\/portale\/wp-content\/uploads\/2026\/08\/LaSalsaVive_presenta_logo_per_articoli-300x114.png 300w, https:\/\/www.lasalsavive.org\/portale\/wp-content\/uploads\/2026\/08\/LaSalsaVive_presenta_logo_per_articoli-768x292.png 768w, https:\/\/www.lasalsavive.org\/portale\/wp-content\/uploads\/2026\/08\/LaSalsaVive_presenta_logo_per_articoli-1536x583.png 1536w, https:\/\/www.lasalsavive.org\/portale\/wp-content\/uploads\/2026\/08\/LaSalsaVive_presenta_logo_per_articoli.png 2035w\" sizes=\"auto, (max-width: 1024px) 100vw, 1024px\" \/><\/figure>\n\n\n\n<h2 class=\"wp-block-heading\"><span><i class=\"fas fa-arrow-right\"><\/i><\/span>Le recensioni de LaSalsaVive <\/h2>\n\n\n\n<p class=\"wp-block-paragraph\"><strong>A cura di Tommy Salsero<\/strong><\/p>\n\n\n\n<p class=\"wp-block-paragraph\"><strong>19 luglio 2008<\/strong><\/p>\n\n\n\n<p class=\"wp-block-paragraph\">L&#8217;ultima volta che vidi&nbsp;<strong>Rub\u00e9n<\/strong> <strong>Blades<\/strong>&nbsp;fu a Roma durante un concerto strepitoso, dove Rub\u00e9n partecipava al tour della Spanish Harlem Orchestra.<\/p>\n\n\n\n<p class=\"wp-block-paragraph\">Ricordo ancora la piazza strapiena di una moltitudine di colori, persone provenienti da ogni paese latinoamericano che cantavano a squarciagola le canzoni, simboli immortali della storia latinoamericana.<br \/>Assistere ad un concerto di Rub\u00e9n Blades va ben al di l\u00e0 di un normale concerto di salsa, per quanto bello.<br \/>\u00c8 un appuntamento con la storia stessa della musica latina, un gigante di questa cultura ammirato ovunque; nessun altro salsero infatti gode dell&#8217;unanime approvazione di musicisti, intellettuali e del popolo della strada.<\/p>\n\n\n\n<p class=\"wp-block-paragraph\">Musicista, autore, compositore ha esplorato ogni tipo di ritmo e che ha superato gli stretti ambiti della salsa.<br \/>Con queste prerogative il timore di vederlo cambiato dopo diversi anni di politica e di inattivit\u00e0 musicale era forte.<br \/>E invece la voce dell&#8217;America Latina ha parlato, cantato e incantato per pi\u00f9 di due ore alla bella et\u00e0 di 60 anni compiuti il 16 luglio.<\/p>\n\n\n\n<p class=\"wp-block-paragraph\">La voce, e che voce! Riesce ancora a trasmettere brividi ed emozioni.<br \/>Praticamente identica a quella di 30 anni fa, una cosa che ha dell&#8217;incredibile, a 60 anni canta come ne avesse 30!<br \/>Tutte le caratteristiche della sua voce, dal vibrato all&#8217;intensit\u00e0 da pianissimo a forte, con tutte le sfumature intermedie, erano ancora l\u00ec a farci sognare.<br \/>Quando doppiava i tromboni con la sua voce, quando imitava la chitarra, quando cantava sdoppiando la voce con due voci differenti!<br \/>Semplicemente unico.<\/p>\n\n\n\n<p class=\"wp-block-paragraph\">All\u2019altezza della sua performance \u00e8 stata anche l\u2019orchestra che ha accompagnato Ruben Blades in questo tour: i\u00a0<a href=\"https:\/\/www.instagram.com\/sondetikizia\/?hl=es\" target=\"_blank\" rel=\"noopener\"><strong>Son de Tikizia<\/strong><\/a>.<br \/>Ebbene, non ho mai ascoltato una band di salsa al\u00a0<strong>Latino Americando Exp\u00f2<\/strong>\u00a0suonare con questa precisione e pulizia sin dal primo brano!<br \/>Un affiatamento assoluto e una precisione sorprendente per una formazione di salsa che, dal vivo, pu\u00f2 spesso incontrare problemi di sovrapposizione sonora.<br \/>Un&#8217;orchestra che ha accompagnato Rub\u00e9n senza mai rubargli la scena, senza eccessivi assoli, ma dimostrando l&#8217;estremo valore musicale facendo risaltare ogni minima sfumatura nelle varie composizioni.<br \/>Sembrava un disco&#8230; e il gruppo un&#8217;immagine olografica tanto erano perfetti.<br \/>Al piano il grande\u00a0<strong><a href=\"https:\/\/www.instagram.com\/walterflorescr\/\" target=\"_blank\" rel=\"noopener\">Walter Flores<\/a><\/strong>, direttore dell&#8217;orchestra e vincitore di ben tre premi Grammy come ingegnere del suono!!!<br \/>E questo spiega il suono assolutamente perfetto del concerto.<\/p>\n\n\n\n<p class=\"wp-block-paragraph\">Flores era gi\u00e0 membro del gruppo Editus, insieme al trombonista e seconda voce&nbsp;<strong>Alfredo Poveda<\/strong>, che ha accompagnato Ruben negli ultimi anni, sia dal vivo che in studio.<br \/>Completano l&#8217;orchestra&nbsp;<strong>Leo Rodr\u00edguez<\/strong>&nbsp;e&nbsp;<strong>Marcial Flores<\/strong>&nbsp;ai tromboni e ai cori,&nbsp;<strong>Fabrizio<\/strong>&nbsp;(bravissimo turnista di Milano) al basso,&nbsp;<strong>Alonso L\u00f3pez<\/strong>&nbsp;ai timbales,&nbsp;<strong>Miguel Rojas<\/strong>&nbsp;alle congas, e&nbsp;<strong>Riqui Wint Scott<\/strong>&nbsp;alla voce, bong\u00f2, campana, g\u00fcira e g\u00fciro.<\/p>\n\n\n\n<p class=\"wp-block-paragraph\">Si alza il telo del palco e inizia il gruppo da solo con un bel brano di Latin Jazz che mette subito in evidenza la dinamica e la pulizia sonora.<\/p>\n\n\n\n<figure class=\"wp-block-embed is-type-video is-provider-youtube wp-block-embed-youtube wp-embed-aspect-4-3 wp-has-aspect-ratio\"><div class=\"wp-block-embed__wrapper\">\n<iframe loading=\"lazy\" title=\"Son de Tikizia Milano 19 Luglio 2008\" width=\"640\" height=\"480\" src=\"https:\/\/www.youtube.com\/embed\/6QosxwFYfD0?feature=oembed\" frameborder=\"0\" allow=\"accelerometer; autoplay; clipboard-write; encrypted-media; gyroscope; picture-in-picture; web-share\" referrerpolicy=\"strict-origin-when-cross-origin\" allowfullscreen><\/iframe>\n<\/div><\/figure>\n\n\n\n<p class=\"wp-block-paragraph\">Tutti i ragazzi sono diplomati al conservatorio come spiegano sul loro sito, e questo spiega la dinamica eccezionale per un gruppo di salsa, visto che la musica classica \u00e8 la massima espressione della dinamica in musica.<br \/>I tre tromboni calibrano pianissimi e fortissimi \u2014 e continueranno a farlo per l\u2019intera durata del concerto \u2014 modulando l\u2019intensit\u00e0 sonora in funzione dei cambi di voce di Rub\u00e9n e sottolineando cos\u00ec i momenti pi\u00f9 importanti delle sue poesie in musica.<br \/>Ottimo anche l&#8217;assolo del bravissimo timbalero Alonso. Entra Ruben e comincia uno dei concerti pi\u00f9 belli ed importanti per chi ama e conosce davvero la salsa.<br \/>Si inizia alla grande con&nbsp;<strong>&#8220;Juan Pachanga&#8221;<\/strong>&nbsp;e qui onore e gloria al grande Walter Flores che riprende nota per nota tutto l&#8217;assolo originale di Papo Lucca, incluso anche il suono di Fender Rhodes!!!<\/p>\n\n\n\n<figure class=\"wp-block-embed is-type-video is-provider-youtube wp-block-embed-youtube wp-embed-aspect-4-3 wp-has-aspect-ratio\"><div class=\"wp-block-embed__wrapper\">\n<iframe loading=\"lazy\" title=\"Ruben Blades e Son de Tikizia &quot;Juan Pachanga&quot; 19\/07\/08\" width=\"640\" height=\"480\" src=\"https:\/\/www.youtube.com\/embed\/RdgS6wF4n5E?feature=oembed\" frameborder=\"0\" allow=\"accelerometer; autoplay; clipboard-write; encrypted-media; gyroscope; picture-in-picture; web-share\" referrerpolicy=\"strict-origin-when-cross-origin\" allowfullscreen><\/iframe>\n<\/div><\/figure>\n\n\n\n<p class=\"wp-block-paragraph\">\u00c8 come se all&#8217;improvviso non fossimo pi\u00f9 a Milano ma nel cuore del Bronx&#8230;<br \/>La sua voce fa ancora venire i brividi, non poteva scegliere brano migliore per iniziare.<br \/>Ogni stacco \u00e8 fedelmente riprodotto, inclusa anche la parte finale di funk dove duettano Rhodes e basso, e questo musicista italiano merita davvero i complimenti, perch\u00e9 ha dimostrato di essere davvero bravo con questo repertorio.<\/p>\n\n\n\n<p class=\"wp-block-paragraph\">Non abbiamo neppure il tempo di riprenderci che parte uno dei pezzi pi\u00f9 importanti di tutta la storia della salsa:&nbsp;<strong>&#8220;Pablo Pueblo&#8221;<\/strong>.<\/p>\n\n\n\n<figure class=\"wp-block-embed is-type-video is-provider-youtube wp-block-embed-youtube wp-embed-aspect-4-3 wp-has-aspect-ratio\"><div class=\"wp-block-embed__wrapper\">\n<iframe loading=\"lazy\" title=\"Ruben Blades e Son de Tikizia &quot;Pablo Pueblo&quot; 19\/07\/08 Milano\" width=\"640\" height=\"480\" src=\"https:\/\/www.youtube.com\/embed\/89qPPjXhs0M?feature=oembed\" frameborder=\"0\" allow=\"accelerometer; autoplay; clipboard-write; encrypted-media; gyroscope; picture-in-picture; web-share\" referrerpolicy=\"strict-origin-when-cross-origin\" allowfullscreen><\/iframe>\n<\/div><\/figure>\n\n\n\n<p class=\"wp-block-paragraph\">Nel sentire le bellissime armonie mi viene da pensare che questo concerto avrebbe meritato il palco di un teatro, ma il suo &#8220;pueblo&#8221; lo vive sicuramente meglio in una piazza.<br \/>Splendidi gli interventi di Miguel alla guira dominicana alternati ai bong\u00f3, per sottolineare i cambi di ritmo tra una parte e l&#8217;altra.<\/p>\n\n\n\n<p class=\"wp-block-paragraph\">Si continua con&nbsp;<strong>&#8220;Buscando Guayaba&#8221;<\/strong>&nbsp;un altro brano storico tratto dall&#8217;album culto&nbsp;&#8220;Siembra&#8221;, nel quale Blades ripropone il &#8220;solo de boca&#8221; imitando la chitarra cuatro di&nbsp;<strong>Yomo Toro<\/strong>&nbsp;che non arriv\u00f2 in tempo per la registrazione.<\/p>\n\n\n\n<p class=\"wp-block-paragraph\">Una breve introduzione al piano introduce la successiva&nbsp;<strong>&#8220;Decisiones&#8221;<\/strong>&nbsp;unico brano forse un po&#8217; sottotono.<br \/>Un afro in 6\/8 annuncia invece il bellissimo&nbsp;<strong>&#8220;El Padre Antonio Y su <\/strong><strong>Monaguillo Andr\u00e9s<\/strong>&#8220;<br \/>&#8220;El Pueblo&#8221; la canta all&#8217;unisono con Ruben che da grande sonero improvvisa frasi come &#8220;matan a la gente, pero no matan a las ideas&#8221; (ndr: uccidono le persone ma non le idee) o come nel finale che nel coro modifica la frase originaria con &#8220;Suenan las campanas (a festa) en Colombia..por Ingrid Betancourt&#8221;!<br \/>I colombiani gli dedicano un lungo applauso, solo lui pu\u00f2 fare certe cose.<\/p>\n\n\n\n<p class=\"wp-block-paragraph\">Seguono&nbsp;<strong>&#8220;Amor y Control&#8221;<\/strong>&nbsp;e il grande classico di Rub\u00e9n e&nbsp;<strong>Willie Col\u00f3n<\/strong>&nbsp;<strong>&#8220;Te Est\u00e1n Buscando<\/strong>&#8221;&nbsp;dove i fiati strabiliano e&nbsp;<strong>Rub\u00e9n Blades<\/strong>&nbsp;suona il trombone imitandolo con la voce.<\/p>\n\n\n\n<p class=\"wp-block-paragraph\">Si passa ad un grande classico&nbsp;<strong>&#8220;Plantaci\u00f3n Adentro&#8221;<\/strong>&nbsp;di&nbsp;<strong>Tite Curet Alonso<\/strong>&nbsp;citato da Rub\u00e9n come il pi\u00f9 grande autore della storia della salsa.<\/p>\n\n\n\n<p class=\"wp-block-paragraph\">A met\u00e0 pezzo quando i personaggi della storia sono nella giungla,  imita Rub\u00e9ntutti i suoni della foresta, strappando un applauso a scena aperta da parte del suo pubblico.<br \/>Questo pezzo riserva un sacco di sorprese, alla fine, infatti, Rub\u00e9n chiama i tre grandi trombonisti che si mettono davanti al centro del palco e cominciano una sfida tra loro, alternandosi al microfono!<br \/>L&#8217;adrenalina \u00e8 ormai alle stelle, io canto, ballo e filmo contemporaneamente!<\/p>\n\n\n\n<p class=\"wp-block-paragraph\">Si continua con&nbsp;<strong>&#8220;Sin tu cari\u00f1o&#8221;<\/strong>, con un bell&#8217;assolo di&nbsp;<strong>Walter Flores<\/strong>,&nbsp;<strong>&#8220;Ligia Elena&#8221;<\/strong>&nbsp;dove Rub\u00e9n canta con due voci completamente diverse, con lo splendido controcanto dei trombonisti.<\/p>\n\n\n\n<figure class=\"wp-block-embed is-type-video is-provider-youtube wp-block-embed-youtube wp-embed-aspect-4-3 wp-has-aspect-ratio\"><div class=\"wp-block-embed__wrapper\">\n<iframe loading=\"lazy\" title=\"Ruben Blades - Sin Tu Cari\u00f1o\" width=\"640\" height=\"480\" src=\"https:\/\/www.youtube.com\/embed\/pWRl8cunVB0?feature=oembed\" frameborder=\"0\" allow=\"accelerometer; autoplay; clipboard-write; encrypted-media; gyroscope; picture-in-picture; web-share\" referrerpolicy=\"strict-origin-when-cross-origin\" allowfullscreen><\/iframe>\n<\/div><\/figure>\n\n\n\n<p class=\"wp-block-paragraph\">Anticipato da un piccolo omaggio a&nbsp;<strong>Bach<\/strong>&nbsp;e alle variazioni&nbsp;<a href=\"http:\/\/it.wikipedia.org\/wiki\/Variazioni_Goldberg\" target=\"_blank\" rel=\"noopener\"><strong>Goldberg<\/strong><\/a>, dove&nbsp;<strong>Walter Flores<\/strong>&nbsp;si esibisce al flauto, si passa a&nbsp;<strong>&#8220;Juan Gonzalez&#8221;<\/strong>&nbsp;canzone tratta dal primo album di Ruben&nbsp;&#8220;From Panama To New York&#8221;&nbsp;del 1970 e che cost\u00f2 la radiazione dai circuiti radiofonici americani del brano per i contenuti politici.<\/p>\n\n\n\n<p class=\"wp-block-paragraph\">Splendido l&#8217;assolo del timbalero, vero mattatore della serata assieme ai trombonisti.<\/p>\n\n\n\n<p class=\"wp-block-paragraph\">Arriva il periodo dei primi anni &#8217;80 con le bellissime&nbsp;<strong>&#8220;El Nacimiento de Ramiro&#8221;<\/strong>,&nbsp;<strong>&#8220;Todos Vuelven&#8221;<\/strong>&nbsp;e&nbsp;<strong>&#8220;Maestra Vida&#8221;<\/strong>.<br \/>Tutto il pubblico canta all&#8217;unisono Maestra vida, camar\u00e0, te da y te quita, te quita y te da!!!<br \/>A quel punto Ruben gira il microfono e fa cantare noi!!!<br \/>Un intro di conga fa saltare per aria tutti i presenti&#8230;\u00e8 arrivato&nbsp;<strong>&#8220;Pedro Navaja&#8221;<\/strong>!<br \/>Ormai in delirio il canto della piazza sovrasta quello di Ruben, i tromboni danno il meglio di s\u00e9 in questo pezzo trascinante che ha segnato un&#8217;epoca.<br \/>Anche qui il nostro gioca con il soneo e sul pi\u00f9 bello dice: \u00ab\u00a1Qu\u00e9 sorpresa, en Estados Unidos, un negro presidente!\u00bb.<\/p>\n\n\n\n<p class=\"wp-block-paragraph\">Si arriva all&#8217;ultimo pezzo previsto, si tratta di&nbsp;<strong>&#8220;Patria&#8221;<\/strong>, bellissimo inno ai valori della propria cultura. La sua voce calda ed intensa fa il resto.<\/p>\n\n\n\n<p class=\"wp-block-paragraph\">Il pubblico lo riporta a furor di popolo sul palco e si comincia a ballare un po&#8217; di Hustle.<br \/>Arriva finalmente&nbsp;<strong>&#8220;Pl\u00e1stico&#8221;<\/strong>, bandiera del popolo latino, queste parole sono scritte anche sui muri, cosa vista di persona durante i miei viaggi.<br \/>Per me questo \u00e8 il momento pi\u00f9 bello del concerto.<\/p>\n\n\n\n<p class=\"wp-block-paragraph\">Ma poteva finire cos\u00ec?<\/p>\n\n\n\n<p class=\"wp-block-paragraph\">Dopo &#8220;solo&#8221; due ore di concerto?<br \/>Ruben non \u00e8&nbsp;<strong>Marc Anthony<\/strong>&nbsp;e pur avendo il doppio degli anni, resta sul palco il doppio del tempo!<\/p>\n\n\n\n<p class=\"wp-block-paragraph\">Arriva l&#8217;ultimo bis,&nbsp;<strong>&#8220;Mu\u00e9vete&#8221;<\/strong>, un brano dei&nbsp;<strong>Los Van Van<\/strong>&nbsp;che Ruben riprese nel 1985 con una base simile a&nbsp;<strong>&#8220;All Night Long&#8221;<\/strong>&nbsp;di&nbsp;<strong>Lionel Richie<\/strong>&nbsp;e che infatti Ruben canticchia prima del pezzo, con grande autoironia.<\/p>\n\n\n\n<p class=\"wp-block-paragraph\">Gli assoli dei tromboni e del timbalero chiudono un concerto di oltre due ore, segnando il ritorno di un&#8217;artista che ha contribuito in modo decisivo alla nascita della salsa socialmente impegnata, sia nei testi che nelle idee musicali che rivoluzionarono l\u2019ambiente salsero alla fine degli anni Settanta.<\/p>\n\n\n\n<p class=\"wp-block-paragraph\">Dopo Milano avrebbe suonato a Roma per poi proseguire la sua tourn\u00e9e mondiale.<br \/>Per chi volesse conoscerlo meglio consigliamo di visitare il suo sito e di seguire le sue trasmissioni che trovate anche nel nostro portale.<\/p>\n\n\n\n<p class=\"wp-block-paragraph\"><a href=\"http:\/\/www.lasalsavive.org\/portale\/?p=755\">El Show de Rub\u00e9n Blades<\/a><\/p>\n\n\n\n<p class=\"wp-block-paragraph\"><a href=\"http:\/\/www.rubenblades.com\/\">www.rubenblades.com<\/a><\/p>\n\n\n\n<p class=\"wp-block-paragraph\"><strong>Si ringrazia l&#8217;organizzazione del&nbsp;Latino Americando Exp\u00f2<\/strong><\/p>\n\n\n\n<h2 class=\"wp-block-heading\"><span><i class=\"fas fa-arrow-right\"><\/i><\/span>Espa\u00f1ol <\/h2>\n\n\n\n<h2 class=\"wp-block-heading\"><span><i class=\"fas fa-arrow-right\"><\/i><\/span><strong>Las rese\u00f1as de LaSalsaVive<\/strong> <\/h2>\n\n\n\n<p class=\"wp-block-paragraph\"><strong>Por Tommy Salsero<\/strong><\/p>\n\n\n\n<p class=\"wp-block-paragraph\"><strong>19 de julio de 2008<\/strong><\/p>\n\n\n\n<p class=\"wp-block-paragraph\">La \u00faltima vez que vi a <strong>Rub\u00e9n Blades<\/strong> fue en Roma, durante un concierto extraordinario en el que Rub\u00e9n participaba en la gira de la Spanish Harlem Orchestra. Recuerdo todav\u00eda la plaza repleta de una multitud de colores, con personas procedentes de todos los pa\u00edses latinoamericanos que cantaban a todo pulm\u00f3n canciones convertidas en s\u00edmbolos inmortales de la historia latinoamericana.<\/p>\n\n\n\n<p class=\"wp-block-paragraph\">Asistir a un concierto de Rub\u00e9n Blades va mucho m\u00e1s all\u00e1 de un concierto de salsa normal, por muy bueno que sea.<\/p>\n\n\n\n<p class=\"wp-block-paragraph\">Es una cita con la historia misma de la m\u00fasica latina, con un gigante de esta cultura admirado en todas partes; de hecho, ning\u00fan otro salsero goza de la aprobaci\u00f3n un\u00e1nime de m\u00fasicos, intelectuales y gente de la calle. M\u00fasico, autor y compositor, ha explorado todo tipo de ritmos y ha superado los estrechos l\u00edmites de la salsa.<\/p>\n\n\n\n<p class=\"wp-block-paragraph\">Con estos antecedentes, era l\u00f3gico preguntarse c\u00f3mo estar\u00eda despu\u00e9s de varios a\u00f1os dedicados a la pol\u00edtica y alejado de la actividad musical.<\/p>\n\n\n\n<p class=\"wp-block-paragraph\">Y, sin embargo, la voz de Am\u00e9rica Latina habl\u00f3, cant\u00f3 y encant\u00f3 durante m\u00e1s de dos horas, a la hermosa edad de 60 a\u00f1os, reci\u00e9n cumplidos el 16 de julio. \u00a1La voz, y qu\u00e9 voz! Todav\u00eda consigue transmitir escalofr\u00edos y emociones.<\/p>\n\n\n\n<p class=\"wp-block-paragraph\">Pr\u00e1cticamente id\u00e9ntica a la de hace 30 a\u00f1os: algo incre\u00edble. \u00a1A los 60 a\u00f1os canta como si tuviera 30!<\/p>\n\n\n\n<p class=\"wp-block-paragraph\">Todas las caracter\u00edsticas de su voz, desde el vibrato hasta la intensidad, del pianissimo al forte, con todos los matices intermedios, segu\u00edan all\u00ed, haci\u00e9ndonos so\u00f1ar.<\/p>\n\n\n\n<p class=\"wp-block-paragraph\">\u00a1Cuando doblaba los trombones con su voz, cuando imitaba la guitarra, cuando cantaba haciendo dos partes con dos voces distintas!<\/p>\n\n\n\n<p class=\"wp-block-paragraph\">Simplemente \u00fanico. A la altura de su actuaci\u00f3n estuvo tambi\u00e9n la orquesta que acompa\u00f1\u00f3 a Rub\u00e9n Blades en esta gira: los <strong><a href=\"https:\/\/www.instagram.com\/sondetikizia\/?hl=es\">Son de Tikizia<\/a><\/strong>.<\/p>\n\n\n\n<p class=\"wp-block-paragraph\">Pues bien, \u00a1nunca hab\u00eda escuchado a una banda de salsa tocar con esta precisi\u00f3n y limpieza desde el primer tema en el <strong>Latino Americando Exp\u00f2<\/strong>!<\/p>\n\n\n\n<p class=\"wp-block-paragraph\">Una compenetraci\u00f3n absoluta y una precisi\u00f3n incre\u00edble para una formaci\u00f3n de salsa que, en directo, suele plantear problemas de superposici\u00f3n de sonidos.<\/p>\n\n\n\n<p class=\"wp-block-paragraph\">Una orquesta que acompa\u00f1\u00f3 a Rub\u00e9n sin robarle nunca protagonismo, sin excesivos solos, pero demostrando un enorme valor musical al hacer resaltar cada matiz de las distintas composiciones.<\/p>\n\n\n\n<p class=\"wp-block-paragraph\">Parec\u00eda un disco\u2026 y el grupo, una imagen hologr\u00e1fica, tal era su perfecci\u00f3n.<\/p>\n\n\n\n<p class=\"wp-block-paragraph\">Al piano, el gran <strong><a href=\"https:\/\/www.instagram.com\/walterflorescr\/\">Walter Flores<\/a><\/strong>, director de la orquesta y ganador de tres premios Grammy como ingeniero de sonido.<\/p>\n\n\n\n<p class=\"wp-block-paragraph\">Y eso explica el sonido absolutamente perfecto del concierto. Ya era miembro del grupo Editus, junto al trombonista y segunda voz <strong>Alfredo Poveda<\/strong>, quien ha acompa\u00f1ado a Rub\u00e9n en los \u00faltimos a\u00f1os, tanto en directo como en estudio.<\/p>\n\n\n\n<p class=\"wp-block-paragraph\">Completan la orquesta <strong>Leo Rodr\u00edguez<\/strong> y <strong>Marcial Flores<\/strong> en los trombones y coros; <strong>Fabrizio<\/strong>, excelente m\u00fasico de sesi\u00f3n de Mil\u00e1n, al bajo; <strong>Alonso L\u00f3pez<\/strong> en los timbales; <strong>Miguel Rojas<\/strong> en las congas; y <strong>Riqui Wint Scott<\/strong> en la voz, bong\u00f3, campana, g\u00fcira y g\u00fciro.<\/p>\n\n\n\n<p class=\"wp-block-paragraph\">Se levanta el tel\u00f3n del escenario y el grupo comienza solo con una bella pieza de latin jazz que pone inmediatamente de relieve la din\u00e1mica y la limpieza sonora.<\/p>\n\n\n\n<figure class=\"wp-block-embed is-type-video is-provider-youtube wp-block-embed-youtube wp-embed-aspect-4-3 wp-has-aspect-ratio\"><div class=\"wp-block-embed__wrapper\">\n<iframe loading=\"lazy\" title=\"Son de Tikizia Milano 19 Luglio 2008\" width=\"640\" height=\"480\" src=\"https:\/\/www.youtube.com\/embed\/6QosxwFYfD0?feature=oembed\" frameborder=\"0\" allow=\"accelerometer; autoplay; clipboard-write; encrypted-media; gyroscope; picture-in-picture; web-share\" referrerpolicy=\"strict-origin-when-cross-origin\" allowfullscreen><\/iframe>\n<\/div><\/figure>\n\n\n\n<p class=\"wp-block-paragraph\">Como explican en su sitio web, todos los m\u00fasicos son diplomados de conservatorio, y eso permite entender la din\u00e1mica excepcional de este grupo de salsa, puesto que la m\u00fasica cl\u00e1sica es la m\u00e1xima expresi\u00f3n de la din\u00e1mica musical.<\/p>\n\n\n\n<p class=\"wp-block-paragraph\">Los tres trombones regulan, y seguir\u00e1n haci\u00e9ndolo durante todo el concierto, pianissimi y fortissimi, modificando la intensidad sonora seg\u00fan los cambios de voz de Rub\u00e9n y subrayando as\u00ed los momentos m\u00e1s importantes de las poes\u00edas convertidas en m\u00fasica por el gran cantautor paname\u00f1o.<\/p>\n\n\n\n<p class=\"wp-block-paragraph\">Excelente tambi\u00e9n el solo del magn\u00edfico timbalero Alonso. Entra Rub\u00e9n y comienza uno de los conciertos m\u00e1s bellos e importantes para quien ama y conoce de verdad la salsa.<\/p>\n\n\n\n<p class=\"wp-block-paragraph\">Se empieza a lo grande con <strong>\u201cJuan Pachanga\u201d<\/strong>, y aqu\u00ed honor y gloria al gran Walter Flores, que reproduce nota por nota todo el solo original de Papo Lucca, incluido el sonido del Fender Rhodes.<\/p>\n\n\n\n<figure class=\"wp-block-embed is-type-video is-provider-youtube wp-block-embed-youtube wp-embed-aspect-4-3 wp-has-aspect-ratio\"><div class=\"wp-block-embed__wrapper\">\n<iframe loading=\"lazy\" title=\"Ruben Blades e Son de Tikizia &quot;Juan Pachanga&quot; 19\/07\/08\" width=\"640\" height=\"480\" src=\"https:\/\/www.youtube.com\/embed\/RdgS6wF4n5E?feature=oembed\" frameborder=\"0\" allow=\"accelerometer; autoplay; clipboard-write; encrypted-media; gyroscope; picture-in-picture; web-share\" referrerpolicy=\"strict-origin-when-cross-origin\" allowfullscreen><\/iframe>\n<\/div><\/figure>\n\n\n\n<p class=\"wp-block-paragraph\">Es como si de repente ya no estuvi\u00e9ramos en Mil\u00e1n, sino en el coraz\u00f3n del Bronx\u2026<\/p>\n\n\n\n<p class=\"wp-block-paragraph\">Su voz sigue poniendo la piel de gallina; no pod\u00eda haber elegido una canci\u00f3n mejor para comenzar.<\/p>\n\n\n\n<p class=\"wp-block-paragraph\">Cada corte se reproduce fielmente, incluida la parte final de funk, donde dialogan el Rhodes y el bajo. Hay que felicitar a este m\u00fasico italiano, porque ha demostrado ser realmente bueno con este repertorio.<\/p>\n\n\n\n<p class=\"wp-block-paragraph\">No tenemos siquiera tiempo de recuperarnos cuando comienza una de las piezas m\u00e1s importantes de toda la historia de la salsa: <strong>\u201cPablo Pueblo\u201d<\/strong>.<\/p>\n\n\n\n<figure class=\"wp-block-embed is-type-video is-provider-youtube wp-block-embed-youtube wp-embed-aspect-4-3 wp-has-aspect-ratio\"><div class=\"wp-block-embed__wrapper\">\n<iframe loading=\"lazy\" title=\"Ruben Blades e Son de Tikizia &quot;Pablo Pueblo&quot; 19\/07\/08 Milano\" width=\"640\" height=\"480\" src=\"https:\/\/www.youtube.com\/embed\/89qPPjXhs0M?feature=oembed\" frameborder=\"0\" allow=\"accelerometer; autoplay; clipboard-write; encrypted-media; gyroscope; picture-in-picture; web-share\" referrerpolicy=\"strict-origin-when-cross-origin\" allowfullscreen><\/iframe>\n<\/div><\/figure>\n\n\n\n<p class=\"wp-block-paragraph\">Al escuchar las bell\u00edsimas armon\u00edas, pienso que este concierto habr\u00eda merecido el escenario de un teatro, pero su \u201cpueblo\u201d seguramente lo vive mejor en una plaza.<\/p>\n\n\n\n<p class=\"wp-block-paragraph\">Espl\u00e9ndidas las intervenciones de Miguel con la g\u00fcira dominicana, alternadas con el bong\u00f3, para subrayar los cambios de ritmo entre una parte y otra.<\/p>\n\n\n\n<p class=\"wp-block-paragraph\">Se contin\u00faa con <strong>\u201cBuscando Guayaba\u201d<\/strong>, otra pieza hist\u00f3rica extra\u00edda del \u00e1lbum de culto <strong>\u201cSiembra\u201d<\/strong>, donde Rub\u00e9n rehace el \u201csolo de boca\u201d imitando la guitarra cuatro de <strong>Yomo Toro<\/strong>, que no lleg\u00f3 a tiempo para la grabaci\u00f3n.<\/p>\n\n\n\n<p class=\"wp-block-paragraph\">Una breve introducci\u00f3n al piano presenta la siguiente <strong>\u201cDecisiones\u201d<\/strong>, quiz\u00e1 la \u00fanica canci\u00f3n ligeramente por debajo del nivel del resto.<\/p>\n\n\n\n<p class=\"wp-block-paragraph\">Un afro en 6\/8 anuncia, en cambio, la bell\u00edsima <strong>\u201cEl Padre Antonio y su Monaguillo Andr\u00e9s\u201d<\/strong>.<\/p>\n\n\n\n<p class=\"wp-block-paragraph\">\u201cEl Pueblo\u201d la canta al un\u00edsono con Rub\u00e9n, quien, como gran sonero, improvisa frases como \u201cmatan a la gente, pero no matan las ideas\u201d o, como en el final, modifica en el coro la frase original con: \u201cSuenan las campanas de fiesta en Colombia\u2026 por Ingrid Betancourt\u201d.<\/p>\n\n\n\n<p class=\"wp-block-paragraph\">Los colombianos le dedican un largo aplauso; solo \u00e9l puede hacer ciertas cosas.<\/p>\n\n\n\n<p class=\"wp-block-paragraph\">Siguen <strong>\u201cAmor y Control\u201d<\/strong> y el gran cl\u00e1sico de Rub\u00e9n y <strong>Willie Col\u00f3n<\/strong>, <strong>\u201cTe Est\u00e1n Buscando\u201d<\/strong>, donde los metales maravillan y <strong>Rub\u00e9n Blades<\/strong> toca el tromb\u00f3n imit\u00e1ndolo con la voz.<\/p>\n\n\n\n<p class=\"wp-block-paragraph\">Se pasa a un gran cl\u00e1sico, <strong>\u201cPlantaci\u00f3n Adentro\u201d<\/strong>, de <strong>Tite Curet Alonso<\/strong>, citado por Rub\u00e9n como el mayor autor de la historia de la salsa.<\/p>\n\n\n\n<p class=\"wp-block-paragraph\">A mitad de la pieza, cuando los personajes de la historia se encuentran en la selva, Rub\u00e9n imita todos los sonidos del bosque y arranca un aplauso entusiasta de su p\u00fablico.<\/p>\n\n\n\n<p class=\"wp-block-paragraph\">Esta pieza reserva muchas sorpresas. Al final, Rub\u00e9n llama a los tres grandes trombonistas, que se colocan en el centro del escenario y comienzan un desaf\u00edo entre ellos, altern\u00e1ndose en el micr\u00f3fono.<\/p>\n\n\n\n<p class=\"wp-block-paragraph\">La adrenalina ya est\u00e1 por las nubes: \u00a1yo canto, bailo y filmo al mismo tiempo!<\/p>\n\n\n\n<p class=\"wp-block-paragraph\">Se contin\u00faa con <strong>\u201cSin tu cari\u00f1o\u201d<\/strong>, con un hermoso solo de <strong>Walter Flores<\/strong>, y <strong>\u201cLigia Elena\u201d<\/strong>, donde Rub\u00e9n canta con dos voces completamente distintas, acompa\u00f1ado por el espl\u00e9ndido contrapunto de los trombonistas.<\/p>\n\n\n\n<figure class=\"wp-block-embed is-type-video is-provider-youtube wp-block-embed-youtube wp-embed-aspect-4-3 wp-has-aspect-ratio\"><div class=\"wp-block-embed__wrapper\">\n<iframe loading=\"lazy\" title=\"Ruben Blades - Sin Tu Cari\u00f1o\" width=\"640\" height=\"480\" src=\"https:\/\/www.youtube.com\/embed\/pWRl8cunVB0?feature=oembed\" frameborder=\"0\" allow=\"accelerometer; autoplay; clipboard-write; encrypted-media; gyroscope; picture-in-picture; web-share\" referrerpolicy=\"strict-origin-when-cross-origin\" allowfullscreen><\/iframe>\n<\/div><\/figure>\n\n\n\n<p class=\"wp-block-paragraph\">Precedido por un peque\u00f1o homenaje a <strong>Bach<\/strong> y a las variaciones <a href=\"http:\/\/it.wikipedia.org\/wiki\/Variazioni_Goldberg\"><strong>Goldberg<\/strong><\/a>, donde <strong>Walter Flores<\/strong> se luce en la flauta, se pasa a <strong>\u201cJuan Gonz\u00e1lez\u201d<\/strong>, incluida en el primer \u00e1lbum de Rub\u00e9n, <strong>\u201cFrom Panama To New York\u201d<\/strong>, de 1970. Por su contenido pol\u00edtico, la canci\u00f3n fue excluida de los circuitos radiof\u00f3nicos estadounidenses.<\/p>\n\n\n\n<p class=\"wp-block-paragraph\">Espl\u00e9ndido el solo del timbalero, verdadero protagonista de la noche junto con los trombonistas.<\/p>\n\n\n\n<p class=\"wp-block-paragraph\">Llega el per\u00edodo de los primeros a\u00f1os ochenta con las bell\u00edsimas <strong>\u201cEl Nacimiento de Ramiro\u201d<\/strong>, <strong>\u201cTodos Vuelven\u201d<\/strong> y <strong>\u201cMaestra Vida\u201d<\/strong>.<\/p>\n\n\n\n<p class=\"wp-block-paragraph\">Todo el p\u00fablico canta al un\u00edsono: \u201cMaestra vida, camar\u00e0, te da y te quita, te quita y te da\u201d.<\/p>\n\n\n\n<p class=\"wp-block-paragraph\">En ese momento Rub\u00e9n gira el micr\u00f3fono y nos hace cantar a nosotros.<\/p>\n\n\n\n<p class=\"wp-block-paragraph\">Una introducci\u00f3n de conga hace saltar a todos los presentes\u2026 \u00a1ha llegado <strong>\u201cPedro Navaja\u201d<\/strong>!<\/p>\n\n\n\n<p class=\"wp-block-paragraph\">Ya en pleno delirio, el canto de la plaza supera al de Rub\u00e9n; los trombones dan lo mejor de s\u00ed en esta pieza arrolladora que marc\u00f3 una \u00e9poca.<\/p>\n\n\n\n<p class=\"wp-block-paragraph\">Tambi\u00e9n aqu\u00ed juega con el soneo y, en el momento culminante, dice: \u201c\u00a1Qu\u00e9 sorpresa, en Estados Unidos un negro presidente!\u201d.<\/p>\n\n\n\n<p class=\"wp-block-paragraph\">Se llega a la \u00faltima canci\u00f3n prevista: <strong>\u201cPatria\u201d<\/strong>, un bell\u00edsimo himno a los valores de la propia cultura. Su voz c\u00e1lida e intensa hace el resto.<\/p>\n\n\n\n<p class=\"wp-block-paragraph\">\u00bfPero pod\u00eda terminar as\u00ed? El p\u00fablico lo devuelve al escenario por aclamaci\u00f3n popular y se empieza a bailar un poco de hustle.<\/p>\n\n\n\n<p class=\"wp-block-paragraph\">Llega finalmente <strong>\u201cPl\u00e1stico\u201d<\/strong>, bandera del pueblo latino. Estas palabras est\u00e1n escritas tambi\u00e9n en las paredes, algo que he visto personalmente durante mis viajes.<\/p>\n\n\n\n<p class=\"wp-block-paragraph\">Para m\u00ed, este es el momento m\u00e1s bello del concierto.<\/p>\n\n\n\n<p class=\"wp-block-paragraph\">\u00bfPero pod\u00eda terminar as\u00ed? \u00bfDespu\u00e9s de \u201csolo\u201d dos horas de concierto?<\/p>\n\n\n\n<p class=\"wp-block-paragraph\">Rub\u00e9n no es <strong>Marc Anthony<\/strong> y, pese a tener el doble de a\u00f1os, \u00a1permanece en escena el doble de tiempo!<\/p>\n\n\n\n<p class=\"wp-block-paragraph\">Llega el \u00faltimo bis, <strong>\u201cMu\u00e9vete\u201d<\/strong>, una canci\u00f3n de <strong>Los Van Van<\/strong> que Rub\u00e9n retom\u00f3 en 1985 con una base similar a <strong>\u201cAll Night Long\u201d<\/strong> de <strong>Lionel Richie<\/strong>, que de hecho Rub\u00e9n tararea antes de la pieza con gran autoiron\u00eda.<\/p>\n\n\n\n<p class=\"wp-block-paragraph\">Grandes solos de los trombones y del timbalero cierran este incre\u00edble concierto de m\u00e1s de dos horas, que marc\u00f3 el regreso de quien cre\u00f3, de hecho, la corriente de la salsa socialmente comprometida, tanto por la profundidad de sus letras como por las nuevas ideas musicales que revolucionaron el ambiente de la salsa a finales de los a\u00f1os setenta.<\/p>\n\n\n\n<p class=\"wp-block-paragraph\">Despu\u00e9s de Mil\u00e1n, actuar\u00eda en Roma antes de continuar su gira mundial.<\/p>\n\n\n\n<p class=\"wp-block-paragraph\">Para quien quiera conocerlo mejor, recomendamos visitar su sitio web y seguir sus programas, que tambi\u00e9n pueden encontrarse en nuestro portal.<\/p>\n\n\n\n<p class=\"wp-block-paragraph\"><a href=\"http:\/\/www.lasalsavive.org\/portale\/?p=755\">El Show de Ruben Blades<\/a><\/p>\n\n\n\n<p class=\"wp-block-paragraph\"><a href=\"http:\/\/www.rubenblades.com\/\">www.rubenblades.com<\/a><\/p>\n\n\n\n<p class=\"wp-block-paragraph\"><strong>Se agradece a la organizaci\u00f3n del Latino Americando Exp\u00f2<\/strong><\/p>\n","protected":false},"excerpt":{"rendered":"<p>Le recensioni de LaSalsaVive A cura di Tommy Salsero 19 luglio 2008 L&#8217;ultima volta che&#8230;<\/p>\n","protected":false},"author":1,"featured_media":14643,"comment_status":"open","ping_status":"open","sticky":true,"template":"","format":"standard","meta":{"footnotes":""},"categories":[6],"tags":[256],"class_list":["post-389","post","type-post","status-publish","format-standard","has-post-thumbnail","hentry","category-recensioni","tag-ruben-blades"],"_links":{"self":[{"href":"https:\/\/www.lasalsavive.org\/portale\/wp-json\/wp\/v2\/posts\/389","targetHints":{"allow":["GET"]}}],"collection":[{"href":"https:\/\/www.lasalsavive.org\/portale\/wp-json\/wp\/v2\/posts"}],"about":[{"href":"https:\/\/www.lasalsavive.org\/portale\/wp-json\/wp\/v2\/types\/post"}],"author":[{"embeddable":true,"href":"https:\/\/www.lasalsavive.org\/portale\/wp-json\/wp\/v2\/users\/1"}],"replies":[{"embeddable":true,"href":"https:\/\/www.lasalsavive.org\/portale\/wp-json\/wp\/v2\/comments?post=389"}],"version-history":[{"count":87,"href":"https:\/\/www.lasalsavive.org\/portale\/wp-json\/wp\/v2\/posts\/389\/revisions"}],"predecessor-version":[{"id":14697,"href":"https:\/\/www.lasalsavive.org\/portale\/wp-json\/wp\/v2\/posts\/389\/revisions\/14697"}],"wp:featuredmedia":[{"embeddable":true,"href":"https:\/\/www.lasalsavive.org\/portale\/wp-json\/wp\/v2\/media\/14643"}],"wp:attachment":[{"href":"https:\/\/www.lasalsavive.org\/portale\/wp-json\/wp\/v2\/media?parent=389"}],"wp:term":[{"taxonomy":"category","embeddable":true,"href":"https:\/\/www.lasalsavive.org\/portale\/wp-json\/wp\/v2\/categories?post=389"},{"taxonomy":"post_tag","embeddable":true,"href":"https:\/\/www.lasalsavive.org\/portale\/wp-json\/wp\/v2\/tags?post=389"}],"curies":[{"name":"wp","href":"https:\/\/api.w.org\/{rel}","templated":true}]}}