{"id":404,"date":"2026-08-31T09:35:49","date_gmt":"2026-08-31T08:35:49","guid":{"rendered":"http:\/\/www.lasalsavive.org\/portale\/?p=404"},"modified":"2026-08-31T09:35:50","modified_gmt":"2026-08-31T08:35:50","slug":"el-flaco-de-la-salsa-gorda","status":"publish","type":"post","link":"https:\/\/www.lasalsavive.org\/portale\/2026\/08\/31\/el-flaco-de-la-salsa-gorda\/","title":{"rendered":"El Flaco de la Salsa Gorda"},"content":{"rendered":"\n<figure class=\"wp-block-image size-large is-resized\"><img loading=\"lazy\" decoding=\"async\" width=\"1024\" height=\"389\" src=\"https:\/\/www.lasalsavive.org\/portale\/wp-content\/uploads\/2026\/08\/LaSalsaVive_presenta_logo_per_articoli-1024x389.png\" alt=\"\" class=\"wp-image-14371\" style=\"aspect-ratio:2.5;width:400px;height:auto\" srcset=\"https:\/\/www.lasalsavive.org\/portale\/wp-content\/uploads\/2026\/08\/LaSalsaVive_presenta_logo_per_articoli-1024x389.png 1024w, https:\/\/www.lasalsavive.org\/portale\/wp-content\/uploads\/2026\/08\/LaSalsaVive_presenta_logo_per_articoli-300x114.png 300w, https:\/\/www.lasalsavive.org\/portale\/wp-content\/uploads\/2026\/08\/LaSalsaVive_presenta_logo_per_articoli-768x292.png 768w, https:\/\/www.lasalsavive.org\/portale\/wp-content\/uploads\/2026\/08\/LaSalsaVive_presenta_logo_per_articoli-1536x583.png 1536w, https:\/\/www.lasalsavive.org\/portale\/wp-content\/uploads\/2026\/08\/LaSalsaVive_presenta_logo_per_articoli.png 2035w\" sizes=\"auto, (max-width: 1024px) 100vw, 1024px\" \/><\/figure>\n\n\n\n<h2 class=\"wp-block-heading\"><span><i class=\"fas fa-arrow-right\"><\/i><\/span>Le recensioni de LaSalsaVive <\/h2>\n\n\n\n<p class=\"wp-block-paragraph\"><strong>di Enrique Romero<\/strong><\/p>\n\n\n\n<p class=\"wp-block-paragraph\"><strong>Traduzione di Paola &#8220;Calleluna&#8221; Sampaolo<\/strong><\/p>\n\n\n\n<p class=\"wp-block-paragraph\">Hector Juan Perez, &#8220;<strong>La voz<\/strong>&#8220;, &#8220;<strong>El cantante de los cantantes<\/strong>&#8220;, &#8220;<strong>El rey de la puntualidad<\/strong>&#8220;, &#8220;<strong>El jibarito de Machuelito<\/strong>&#8221; <strong>HECTOR LAVOE<\/strong>. Questo \u00e8 un nome che bisogna scrivere in maiuscolo perch\u00e9 appartiene al cantante salsero per eccellenza, cio\u00e8 a un eroe che sintetizza nella sua opera e nella vita la tragedia latina con tutti gli ingredienti: povert\u00e0, ricchezza, amanti, tradimenti, droga, rumba, disperazione, incomprensione, <span class=\"arancio\">&#8220;risas y penas&#8221;<\/span>, <span class=\"arancio\">&#8220;el barrio&#8221;<\/span>, fama e breve esistenza.<\/p>\n\n\n\n<p class=\"wp-block-paragraph\">Questo \u00e8 il men\u00f9 dei suoi 47 anni di vita, per\u00f2 soprattutto dei suoi 30 come cantante del &#8220;Barrio&#8221;.<\/p>\n\n\n\n<p class=\"wp-block-paragraph\">Lavoe nacque il 30 settembre 1946 a Ponce, Portorico, e mor\u00ec il 29 giugno 1993 a New York, citt\u00e0 nella quale arriv\u00f2 a 17 anni, disposto a trionfare come cantante. Come molti giovani caraibici, Hector si avvicin\u00f2 ai segreti del tambor ma la sua ammirazione per cantanti come Daniel Santos lo port\u00f2 a dedicarsi al canto. Dallo stile di Daniel Santos,&#8221;El Jefe&#8221;, Lavoe assimil\u00f2 il &#8220;tumbao callejero&#8221; e malandrino che, nel suo caso, lo avrebbe distinto dagli altri cantanti salseri. Lavoe svilupp\u00f2 un proprio stile inimitabile che, di certo, corrispondeva alla tendenza canora degli anni &#8217;60, quella della strada, quella che esigeva dal cantante semplicit\u00e0 e capacit\u00e0 di stupire, melodia e sfrontatezza.<\/p>\n\n\n\n<p class=\"wp-block-paragraph\">Tra il 1963 e il 1967 Lavoe affil\u00f2 il suo montuno con le orchestre di <strong>Francisco Angel Bastar &#8220;Kako&#8221;<\/strong>, <strong>Tito Puente<\/strong> e <strong>Tito Rodriguez<\/strong>, cio\u00e8 la vecchia guardia che all&#8217;epoca gi\u00e0 stava andando in decadenza: questi erano i musicisti che conoscevano i segreti del mambo, per\u00f2 non quelli del &#8220;barrio&#8221; e questi ultimi erano proprio quelli che Lavoe conosceva a memoria.<br \/>Secondo Jorge Luis Borges &#8220;Il caso non esiste, tutti gli incontri casuali sono un appuntamento&#8221; e questo avviene appunto nell&#8217;incontro tra <strong>Hector Lavoe<\/strong> e <strong>Willie Col\u00f3n<\/strong>, altro principe che aveva le chiavi del quartiere, un personaggio con le stesse caratteristiche di Lavoe.<\/p>\n\n\n\n<p class=\"wp-block-paragraph\">Insieme a Col\u00f3n, Lavoe si fece conoscere nel Barrio e internazionalmente. Registrarono il loro primo disco <span class=\"arancio\">&#8220;El Malo&#8221;<\/span>, nel 1967 e con questo contrassegnarono in modo chiaro le caratteristiche fondamentali del &#8220;sonido Nueva York&#8221; della musica latina che, qualche anno dopo, si conoscer\u00e0 come salsa.<\/p>\n\n\n\n<figure class=\"wp-block-embed is-type-video is-provider-youtube wp-block-embed-youtube wp-embed-aspect-16-9 wp-has-aspect-ratio\"><div class=\"wp-block-embed__wrapper\">\n<iframe loading=\"lazy\" title=\"H\u00e9ctor Lavoe y Willie Col\u00f3n - Presentaci\u00f3n en Panam\u00e1 (1973)\" width=\"640\" height=\"360\" src=\"https:\/\/www.youtube.com\/embed\/ETCfONLDprs?feature=oembed\" frameborder=\"0\" allow=\"accelerometer; autoplay; clipboard-write; encrypted-media; gyroscope; picture-in-picture; web-share\" referrerpolicy=\"strict-origin-when-cross-origin\" allowfullscreen><\/iframe>\n<\/div><figcaption class=\"wp-element-caption\">Hector Lavoe y Willie Colon &#8211; Panama 1973 &#8211; Se\u00f1ora Lola y La Maria<\/figcaption><\/figure>\n\n\n\n<p class=\"wp-block-paragraph\">Con l&#8217;orchestra di Col\u00f3n rest\u00f2 fino al 1973 e registr\u00f2 10 album. Dieci anni dopo torn\u00f2 a cantare per l&#8217;orchestra di Col\u00f3n nell&#8217;album &#8220;Vigilante&#8221;.<\/p>\n\n\n\n<p class=\"wp-block-paragraph\">Come stella di Fania partecip\u00f2 al leggendario concerto del Cheetah (agosto 1971) oltre alle tourn\u00e9e internazionali in America, Africa ed Europa, registrando in totale 10 Lp. Nel 1975 si lanci\u00f2 come solista e pubblic\u00f2 <span class=\"arancio\">&#8220;la voz&#8221;<\/span>, un disco prodotto da Willie Col\u00f3n, e un anno dopo <span class=\"arancio\">&#8220;De ti depende&#8221;<\/span>, dalla lunga durata, che comprendeva uno dei suoi successi &#8220;Periodico de ayer&#8221;, composto da <strong>Tite Curet<\/strong>.<br \/><\/p>\n\n\n\n<figure class=\"wp-block-embed is-type-video is-provider-youtube wp-block-embed-youtube wp-embed-aspect-4-3 wp-has-aspect-ratio\"><div class=\"wp-block-embed__wrapper\">\n<iframe loading=\"lazy\" title=\"Hector Lavoe - Periodico de Ayer (1976) - Show en Venevision 1981 Con Orquesta La Cr\u00edtica\" width=\"640\" height=\"480\" src=\"https:\/\/www.youtube.com\/embed\/Tj_GohxvqjM?feature=oembed\" frameborder=\"0\" allow=\"accelerometer; autoplay; clipboard-write; encrypted-media; gyroscope; picture-in-picture; web-share\" referrerpolicy=\"strict-origin-when-cross-origin\" allowfullscreen><\/iframe>\n<\/div><\/figure>\n\n\n\n<p class=\"wp-block-paragraph\"><strong>Hector Lavoe &#8221; PERIODICO DE AYER&#8221;<\/strong><\/p>\n\n\n\n<p class=\"wp-block-paragraph\">Come solista, Lavoe registr\u00f2 10 Lp fino al 1987 e qui fin\u00ec la sua carriera. In realt\u00e0 era gi\u00e0 finita prima poich\u00e9 i disordini della sua vita personale, la tragedia familiare e la situazione lo braccavano da quasi 20 anni.<\/p>\n\n\n\n<p class=\"wp-block-paragraph\">La storia personale ed artistica di Lavoe ha gli stessi sintomi delle storie di altri eroi della cultura popolare come Carlos Gardel, Jimmy Hendrix, Beny Mor\u00e9, Janis Joplin, Camar\u00f3n de la Isla, Franco (il cantante africano non il dittatore), Billie Holiday, Bob Marley, Peter Tosh e&#8230; non vi spaventate, Diego Armando Maradona.<\/p>\n\n\n\n<h2 class=\"wp-block-heading\"><span><i class=\"fas fa-arrow-right\"><\/i><\/span>Espa\u00f1ol <\/h2>\n\n\n\n<h1 class=\"wp-block-heading\"><span><i class=\"fas fa-arrow-right\"><\/i><\/span>El Flaco de la Salsa Gorda <\/h1>\n\n\n\n<figure class=\"wp-block-image size-large is-resized\"><img loading=\"lazy\" decoding=\"async\" width=\"1024\" height=\"389\" src=\"https:\/\/www.lasalsavive.org\/portale\/wp-content\/uploads\/2026\/08\/LaSalsaVive_presenta_logo_per_articoli-1024x389.png\" alt=\"\" class=\"wp-image-14371\" style=\"aspect-ratio:2.5;width:400px;height:auto\" srcset=\"https:\/\/www.lasalsavive.org\/portale\/wp-content\/uploads\/2026\/08\/LaSalsaVive_presenta_logo_per_articoli-1024x389.png 1024w, https:\/\/www.lasalsavive.org\/portale\/wp-content\/uploads\/2026\/08\/LaSalsaVive_presenta_logo_per_articoli-300x114.png 300w, https:\/\/www.lasalsavive.org\/portale\/wp-content\/uploads\/2026\/08\/LaSalsaVive_presenta_logo_per_articoli-768x292.png 768w, https:\/\/www.lasalsavive.org\/portale\/wp-content\/uploads\/2026\/08\/LaSalsaVive_presenta_logo_per_articoli-1536x583.png 1536w, https:\/\/www.lasalsavive.org\/portale\/wp-content\/uploads\/2026\/08\/LaSalsaVive_presenta_logo_per_articoli.png 2035w\" sizes=\"auto, (max-width: 1024px) 100vw, 1024px\" \/><\/figure>\n\n\n\n<figure class=\"wp-block-image size-large\">\n    <!-- Inserisci qui l'immagine\/logo -->\n<\/figure>\n\n\n\n<h2 class=\"wp-block-heading\"><span><i class=\"fas fa-arrow-right\"><\/i><\/span><strong>Las rese\u00f1as de LaSalsaVive<\/strong> <\/h2>\n\n\n\n<p class=\"wp-block-paragraph\"><strong>El Flaco de la Salsa Gorda<\/strong><br \/><strong>por Enrique Romero<\/strong><br \/><strong>Traducci\u00f3n de Paola \u201cCalleluna\u201d Sampaolo<\/strong><\/p>\n\n\n\n<p class=\"wp-block-paragraph\">H\u00e9ctor Juan P\u00e9rez, <strong>\u201cLa Voz\u201d<\/strong>, <strong>\u201cEl cantante de los cantantes\u201d<\/strong>, <strong>\u201cEl rey de la puntualidad\u201d<\/strong>, <strong>\u201cEl jibarito de Machuelito\u201d<\/strong>: <strong>H\u00c9CTOR LAVOE<\/strong>. Es un nombre que debe escribirse en may\u00fasculas, porque pertenece al cantante salsero por excelencia; a un h\u00e9roe que sintetiza, en su obra y en su vida, la tragedia latina con todos sus ingredientes: pobreza, riqueza, amantes, traiciones, droga, rumba, desesperaci\u00f3n, incomprensi\u00f3n, \u201crisas y penas\u201d, \u201cel barrio\u201d, fama y una vida breve.<\/p>\n\n\n\n<p class=\"wp-block-paragraph\">Este es el men\u00fa de sus 47 a\u00f1os de vida, pero sobre todo de sus 30 a\u00f1os como cantante del \u201cBarrio\u201d.<\/p>\n\n\n\n<p class=\"wp-block-paragraph\">Lavoe naci\u00f3 el 30 de septiembre de 1946 en Ponce, Puerto Rico, y muri\u00f3 el 29 de junio de 1993 en Nueva York, ciudad a la que lleg\u00f3 a los 17 a\u00f1os, dispuesto a triunfar como cantante. Como muchos j\u00f3venes caribe\u00f1os, H\u00e9ctor se inici\u00f3 en los secretos del tambor, pero su admiraci\u00f3n por cantantes como Daniel Santos lo llev\u00f3 a dedicarse al canto.<\/p>\n\n\n\n<p class=\"wp-block-paragraph\">Del estilo de Daniel Santos, \u201cEl Jefe\u201d, Lavoe asimil\u00f3 el \u201ctumbao callejero\u201d y maleante que, en su caso, lo diferenciaron del resto de los cantantes salseros. Lavoe desarroll\u00f3 un estilo propio e inimitable que, sin duda, respond\u00eda a la tendencia vocal de los a\u00f1os sesenta: la de la calle, la que exig\u00eda del cantante sencillez y capacidad de sorprender, melod\u00eda y desenfado.<\/p>\n\n\n\n<p class=\"wp-block-paragraph\">Entre 1963 y 1967, Lavoe afil\u00f3 su montuno con las orquestas de <strong>Francisco \u00c1ngel Bastar \u201cKako\u201d<\/strong>, <strong>Tito Puente<\/strong> y <strong>Tito Rodr\u00edguez<\/strong>; es decir, la vieja guardia que por entonces ya comenzaba a decaer. Eran m\u00fasicos que conoc\u00edan los secretos del mambo, pero no los del \u201cbarrio\u201d, y estos \u00faltimos eran precisamente los que Lavoe conoc\u00eda de memoria.<\/p>\n\n\n\n<p class=\"wp-block-paragraph\">Seg\u00fan Jorge Luis Borges, \u201cel azar no existe, todos los encuentros casuales son citas\u201d, y eso ocurri\u00f3 precisamente en el encuentro entre <strong>H\u00e9ctor Lavoe<\/strong> y <strong>Willie Col\u00f3n<\/strong>, otro pr\u00edncipe que pose\u00eda las llaves del barrio, un personaje con las mismas caracter\u00edsticas de Lavoe.<\/p>\n\n\n\n<p class=\"wp-block-paragraph\">Junto a Col\u00f3n, Lavoe se dio a conocer en el Barrio y a nivel internacional. Grabaron su primer disco, <em>El Malo<\/em>, en 1967, y con \u00e9l marcaron claramente las caracter\u00edsticas fundamentales del \u201csonido Nueva York\u201d de la m\u00fasica latina, que algunos a\u00f1os despu\u00e9s se conocer\u00eda como salsa.<\/p>\n\n\n\n<figure class=\"wp-block-embed is-type-video is-provider-youtube wp-block-embed-youtube wp-embed-aspect-16-9 wp-has-aspect-ratio\"><div class=\"wp-block-embed__wrapper\">\n<iframe loading=\"lazy\" title=\"H\u00e9ctor Lavoe y Willie Col\u00f3n - Presentaci\u00f3n en Panam\u00e1 (1973)\" width=\"640\" height=\"360\" src=\"https:\/\/www.youtube.com\/embed\/ETCfONLDprs?feature=oembed\" frameborder=\"0\" allow=\"accelerometer; autoplay; clipboard-write; encrypted-media; gyroscope; picture-in-picture; web-share\" referrerpolicy=\"strict-origin-when-cross-origin\" allowfullscreen><\/iframe>\n<\/div><figcaption class=\"wp-element-caption\">Hector Lavoe y Willie Colon &#8211; Panama 1973 &#8211; Se\u00f1ora Lola y La Maria<\/figcaption><\/figure>\n\n\n\n<p class=\"wp-block-paragraph\">Con la orquesta de Col\u00f3n permaneci\u00f3 hasta 1973 y grab\u00f3 diez \u00e1lbumes. Diez a\u00f1os m\u00e1s tarde volvi\u00f3 a cantar con la orquesta de Col\u00f3n en el \u00e1lbum <em>Vigilante<\/em>.<\/p>\n\n\n\n<p class=\"wp-block-paragraph\">Como estrella de Fania particip\u00f3 en el legendario concierto del Cheetah, en agosto de 1971, adem\u00e1s de realizar giras internacionales por Am\u00e9rica, \u00c1frica y Europa, grabando en total diez LP.<\/p>\n\n\n\n<p class=\"wp-block-paragraph\">En 1975 se lanz\u00f3 como solista y public\u00f3 <em>La Voz<\/em>, un disco producido por Willie Col\u00f3n. Un a\u00f1o despu\u00e9s apareci\u00f3 <em>De Ti Depende<\/em>, de larga duraci\u00f3n, que inclu\u00eda uno de sus \u00e9xitos, <em>Peri\u00f3dico de Ayer<\/em>, compuesto por <strong>Tite Curet<\/strong>.<\/p>\n\n\n\n<figure class=\"wp-block-embed is-type-video is-provider-youtube wp-block-embed-youtube wp-embed-aspect-4-3 wp-has-aspect-ratio\"><div class=\"wp-block-embed__wrapper\">\n<iframe loading=\"lazy\" title=\"Hector Lavoe - Periodico de Ayer (1976) - Show en Venevision 1981 Con Orquesta La Cr\u00edtica\" width=\"640\" height=\"480\" src=\"https:\/\/www.youtube.com\/embed\/Tj_GohxvqjM?feature=oembed\" frameborder=\"0\" allow=\"accelerometer; autoplay; clipboard-write; encrypted-media; gyroscope; picture-in-picture; web-share\" referrerpolicy=\"strict-origin-when-cross-origin\" allowfullscreen><\/iframe>\n<\/div><\/figure>\n\n\n\n<p class=\"wp-block-paragraph\">Como solista, Lavoe grab\u00f3 diez LP hasta 1987, y all\u00ed termin\u00f3 su carrera. En realidad, hab\u00eda terminado antes, pues los des\u00f3rdenes de su vida personal, la tragedia familiar y las circunstancias lo acosaban desde hac\u00eda casi veinte a\u00f1os.<\/p>\n\n\n\n<p class=\"wp-block-paragraph\">La historia personal y art\u00edstica de Lavoe presenta los mismos s\u00edntomas que las historias de otros h\u00e9roes de la cultura popular, como Carlos Gardel, Jimi Hendrix, Beny Mor\u00e9, Janis Joplin, Camar\u00f3n de la Isla, Franco \u2014el cantante africano, no el dictador\u2014, Billie Holiday, Bob Marley, Peter Tosh y\u2026 no se asusten, Diego Armando Maradona.<\/p>\n","protected":false},"excerpt":{"rendered":"<p>Le recensioni de LaSalsaVive di Enrique Romero Traduzione di Paola &#8220;Calleluna&#8221; Sampaolo Hector Juan Perez,&#8230;<\/p>\n","protected":false},"author":1,"featured_media":14805,"comment_status":"open","ping_status":"open","sticky":false,"template":"","format":"standard","meta":{"footnotes":""},"categories":[6],"tags":[134,135,57,113],"class_list":["post-404","post","type-post","status-publish","format-standard","has-post-thumbnail","hentry","category-recensioni","tag-el-flaco-de-la-salsa-gorda","tag-enrique-romero","tag-hector-lavoe","tag-intervista-a-willie-colon"],"_links":{"self":[{"href":"https:\/\/www.lasalsavive.org\/portale\/wp-json\/wp\/v2\/posts\/404","targetHints":{"allow":["GET"]}}],"collection":[{"href":"https:\/\/www.lasalsavive.org\/portale\/wp-json\/wp\/v2\/posts"}],"about":[{"href":"https:\/\/www.lasalsavive.org\/portale\/wp-json\/wp\/v2\/types\/post"}],"author":[{"embeddable":true,"href":"https:\/\/www.lasalsavive.org\/portale\/wp-json\/wp\/v2\/users\/1"}],"replies":[{"embeddable":true,"href":"https:\/\/www.lasalsavive.org\/portale\/wp-json\/wp\/v2\/comments?post=404"}],"version-history":[{"count":29,"href":"https:\/\/www.lasalsavive.org\/portale\/wp-json\/wp\/v2\/posts\/404\/revisions"}],"predecessor-version":[{"id":14830,"href":"https:\/\/www.lasalsavive.org\/portale\/wp-json\/wp\/v2\/posts\/404\/revisions\/14830"}],"wp:featuredmedia":[{"embeddable":true,"href":"https:\/\/www.lasalsavive.org\/portale\/wp-json\/wp\/v2\/media\/14805"}],"wp:attachment":[{"href":"https:\/\/www.lasalsavive.org\/portale\/wp-json\/wp\/v2\/media?parent=404"}],"wp:term":[{"taxonomy":"category","embeddable":true,"href":"https:\/\/www.lasalsavive.org\/portale\/wp-json\/wp\/v2\/categories?post=404"},{"taxonomy":"post_tag","embeddable":true,"href":"https:\/\/www.lasalsavive.org\/portale\/wp-json\/wp\/v2\/tags?post=404"}],"curies":[{"name":"wp","href":"https:\/\/api.w.org\/{rel}","templated":true}]}}