{"id":4112,"date":"2012-10-07T10:59:42","date_gmt":"2012-10-07T09:59:42","guid":{"rendered":"http:\/\/www.lasalsavive.org\/portale\/?p=4112"},"modified":"2012-10-07T10:59:42","modified_gmt":"2012-10-07T09:59:42","slug":"ruben-blades-e-cheo-feliciano-nominati-al-grammy-per-il-miglior-album-di-salsa","status":"publish","type":"post","link":"https:\/\/www.lasalsavive.org\/portale\/2012\/10\/07\/ruben-blades-e-cheo-feliciano-nominati-al-grammy-per-il-miglior-album-di-salsa\/","title":{"rendered":"Ruben Blades e Cheo Feliciano nominati al Grammy per il miglior album di salsa"},"content":{"rendered":"<p><strong>Ruben Blades<\/strong> e <strong>Cheo Feliciano<\/strong> hanno ricevuto la prestigiosa candidatura alla XIII consegna annuale dei Latin Grammy, premiazione che si svolger\u00e0 a Los Angeles al <strong>Mandalay Bay Events Center<\/strong> il prossimo 15 novembre 2012.<\/p>\n<figure id=\"attachment_4113\" aria-describedby=\"caption-attachment-4113\" style=\"width: 300px\" class=\"wp-caption aligncenter\"><img loading=\"lazy\" decoding=\"async\" src=\"http:\/\/www.lasalsavive.org\/portale\/wp-content\/uploads\/2012\/10\/cheo_ruben-300x200.jpg\" alt=\"Cheo Feliciano e Ruben Blades\" title=\"cheo_ruben\" width=\"300\" height=\"200\" class=\"size-medium wp-image-4113\" srcset=\"https:\/\/www.lasalsavive.org\/portale\/wp-content\/uploads\/2012\/10\/cheo_ruben-300x200.jpg 300w, https:\/\/www.lasalsavive.org\/portale\/wp-content\/uploads\/2012\/10\/cheo_ruben.jpg 320w\" sizes=\"auto, (max-width: 300px) 100vw, 300px\" \/><figcaption id=\"caption-attachment-4113\" class=\"wp-caption-text\">Cheo Feliciano e Ruben Blades<\/figcaption><\/figure>\n<p>La categoria nella quale sono stati nominati \u00e8 quella per il miglior album di Salsa, per la recente produzione \u201cEba Say Aj\u00e1\u201d, uscita lo scorso 29 maggio 2012, e che \u00e8 gi\u00e0 in testa alle classifiche settoriali.<\/p>\n<p><center><iframe loading=\"lazy\" width=\"560\" height=\"315\" src=\"http:\/\/www.youtube.com\/embed\/7Z5XLpgunHM\" frameborder=\"0\" allowfullscreen><\/iframe><\/center><\/p>\n<p><center><iframe loading=\"lazy\" width=\"420\" height=\"315\" src=\"http:\/\/www.youtube.com\/embed\/P9ePI7i07pY\" frameborder=\"0\" allowfullscreen><\/iframe><\/center><\/p>\n<p><center><iframe loading=\"lazy\" width=\"560\" height=\"315\" src=\"http:\/\/www.youtube.com\/embed\/YjM-3_Z1O_Y\" frameborder=\"0\" allowfullscreen><\/iframe><\/center><\/p>\n<p><b>Espa\u00f1ol<\/b><\/p>\n<p>En la ciudad de Los \u00c1ngeles se dieron a conocer las nominaciones para la XIII Entrega Anual del Latin Grammy.  Premios que dan reconocimiento a lo mejor de nuestra m\u00fasica latina, y es por eso que orgullosamente celebramos la nominaci\u00f3n de \u201cEba Say Aj\u00e1\u201d en la categor\u00eda de Mejor \u00c1lbum de Salsa.<\/p>\n<p>Esta reciente producci\u00f3n de Rub\u00e9n Blades y Cheo Feliciano sigue haciendo historia. Desde su lanzamiento el pasado 29 de Mayo, se ha situado en los primeros lugares de venta en el g\u00e9nero tropical y su primer sencillo ha tenido miles de descargas digitales.<\/p>\n<p>La premiaci\u00f3n se llevar\u00e1 a cabo el pr\u00f3ximo 15 de noviembre en el Mandalay Bay Events Center de Las Vegas, Nevada.<\/p>\n<p>&#8220;Eba Say Aj\u00e1&#8221; Es una producci\u00f3n de Rub\u00e9n Blades Productions<br \/>\ndistribuida por Ariel Rivas Music.<\/p>\n","protected":false},"excerpt":{"rendered":"<p>Ruben Blades e Cheo Feliciano hanno ricevuto la prestigiosa candidatura alla XIII consegna annuale dei&#8230;<\/p>\n","protected":false},"author":1,"featured_media":4113,"comment_status":"open","ping_status":"open","sticky":false,"template":"","format":"standard","meta":{"footnotes":""},"categories":[427],"tags":[],"class_list":["post-4112","post","type-post","status-publish","format-standard","has-post-thumbnail","hentry","category-news"],"_links":{"self":[{"href":"https:\/\/www.lasalsavive.org\/portale\/wp-json\/wp\/v2\/posts\/4112","targetHints":{"allow":["GET"]}}],"collection":[{"href":"https:\/\/www.lasalsavive.org\/portale\/wp-json\/wp\/v2\/posts"}],"about":[{"href":"https:\/\/www.lasalsavive.org\/portale\/wp-json\/wp\/v2\/types\/post"}],"author":[{"embeddable":true,"href":"https:\/\/www.lasalsavive.org\/portale\/wp-json\/wp\/v2\/users\/1"}],"replies":[{"embeddable":true,"href":"https:\/\/www.lasalsavive.org\/portale\/wp-json\/wp\/v2\/comments?post=4112"}],"version-history":[{"count":8,"href":"https:\/\/www.lasalsavive.org\/portale\/wp-json\/wp\/v2\/posts\/4112\/revisions"}],"predecessor-version":[{"id":4121,"href":"https:\/\/www.lasalsavive.org\/portale\/wp-json\/wp\/v2\/posts\/4112\/revisions\/4121"}],"wp:featuredmedia":[{"embeddable":true,"href":"https:\/\/www.lasalsavive.org\/portale\/wp-json\/wp\/v2\/media\/4113"}],"wp:attachment":[{"href":"https:\/\/www.lasalsavive.org\/portale\/wp-json\/wp\/v2\/media?parent=4112"}],"wp:term":[{"taxonomy":"category","embeddable":true,"href":"https:\/\/www.lasalsavive.org\/portale\/wp-json\/wp\/v2\/categories?post=4112"},{"taxonomy":"post_tag","embeddable":true,"href":"https:\/\/www.lasalsavive.org\/portale\/wp-json\/wp\/v2\/tags?post=4112"}],"curies":[{"name":"wp","href":"https:\/\/api.w.org\/{rel}","templated":true}]}}