{"id":4488,"date":"2013-01-16T11:56:24","date_gmt":"2013-01-16T10:56:24","guid":{"rendered":"http:\/\/www.lasalsavive.org\/portale\/?p=4488"},"modified":"2013-01-16T12:00:33","modified_gmt":"2013-01-16T11:00:33","slug":"auguri-roberto-roena","status":"publish","type":"post","link":"https:\/\/www.lasalsavive.org\/portale\/2013\/01\/16\/auguri-roberto-roena\/","title":{"rendered":"Auguri Roberto Roena!"},"content":{"rendered":"<p>Oggi, 16 gennaio 2013, il grande <strong>Roberto Roena<\/strong> festeggia 73 anni.<br \/>\nTanti auguri Roberto! Feliz cumple Roberto!<\/p>\n<p><a href=\"http:\/\/www.lasalsavive.org\/portale\/2011\/08\/02\/la-biografia-di-roberto-roena\/\" title=\"La biografia di Roberto Roena\" target=\"_blank\"><br \/>\nVai alla biografia di Roberto Roena.<\/a><\/p>\n<figure id=\"attachment_4491\" aria-describedby=\"caption-attachment-4491\" style=\"width: 300px\" class=\"wp-caption aligncenter\"><img loading=\"lazy\" decoding=\"async\" src=\"http:\/\/www.lasalsavive.org\/portale\/wp-content\/uploads\/2013\/01\/max_tommy_roberto_roena-300x226.jpg\" alt=\"Roberto Roena con Max e Tommy de LaSalsaVive durante il concerto del festival Latino Americando\" width=\"300\" height=\"226\" class=\"size-medium wp-image-4491\" srcset=\"https:\/\/www.lasalsavive.org\/portale\/wp-content\/uploads\/2013\/01\/max_tommy_roberto_roena-300x226.jpg 300w, https:\/\/www.lasalsavive.org\/portale\/wp-content\/uploads\/2013\/01\/max_tommy_roberto_roena-400x301.jpg 400w, https:\/\/www.lasalsavive.org\/portale\/wp-content\/uploads\/2013\/01\/max_tommy_roberto_roena.jpg 812w\" sizes=\"auto, (max-width: 300px) 100vw, 300px\" \/><figcaption id=\"caption-attachment-4491\" class=\"wp-caption-text\">Roberto Roena con Max e Tommy de LaSalsaVive durante il concerto del festival Latino Americando<\/figcaption><\/figure>\n<p><center><iframe loading=\"lazy\" width=\"420\" height=\"315\" src=\"http:\/\/www.youtube.com\/embed\/llo7_w-yTLo\" frameborder=\"0\" allowfullscreen><\/iframe><\/center><\/p>\n<p><center><iframe loading=\"lazy\" width=\"420\" height=\"315\" src=\"http:\/\/www.youtube.com\/embed\/MeuTIJRezok\" frameborder=\"0\" allowfullscreen><\/iframe><\/center><\/p>\n<p>Ed ecco il commento di Tommy Salsero del concerto di Roberto Roena al Festival Latino Americando del 28 giugno 2009 tratto dal forum LaSalsaVive:<\/p>\n<p>Grande Beppe!<br \/>\nConfermo le tue impressioni.<br \/>\nAggiungo anche alcune cose che faranno capire meglio come sono andate le cose.<br \/>\nEntro un paio di giorni finir\u00f2 la mia recensione,perch\u00e8 st\u00f2 aspettando alcuni dati sui musicisti che mi devono inviare via mail e poi andr\u00e0 nel portale con le foto del concerto.<\/p>\n<p>Io e Max eravamo gli unici sul palco, a parte gli altri addetti del festival, tra quelli sul palco assieme a Jorge Santana e la moglie di Roberto Roena!<br \/>\nLavoriamo con l&#8217;ufficio stampa del festival e facciamo sempre le recensioni,video e foto oramai da 5 anni.<br \/>\nSono sempre gentilissimi, per\u00f2 sul palco non si pu\u00f2 stare e questa \u00e8 stata la prima volta anche per noi!!!<br \/>\nA volerci sul palco \u00e8 stata la moglie di Roena che si \u00e8 ricordata delle volte che uscivamo insieme per San Juan.<br \/>\nNon pensavo che dopo 4 anni si ricordasse di noi e quando ci ha chiesto di salire ci siamo rimasti di sasso.<br \/>\nLo ammetto da qui il concerto era stratosferico, i cantanti si sentivano benissimo e tutto era splendidamente bilanciato.<br \/>\nSezione voci davanti, sezione ritmica perfetta e la SUBLIME sezione dei fiati indietro, assolutamente la migliore sezione fiati che ho sentito al Festival con tre trombe, un trombone ed un sax che si alternava al flauto.<br \/>\nUn grandissimo peccato che tutta questa meraviglia sia stata rovinata dal missaggio esterno.<br \/>\nQuindi il problema era oltre le spie, ed infatti anche i nostri amici mi hanno detto che sotto il palco i cantanti non si sentivano.<\/p>\n<p>Il problema del concerto per\u00f2 \u00e8 arrivato purtroppo a met\u00e0 concerto per un malore del timbalero ufficiale del gruppo <strong>Endel Due\u00f1o<\/strong>.<br \/>\nUn GIGANTE dei Timbales che alla fine del suo assolo si \u00e8 sentito male, ha avuto un problema ai tendini delle braccia ed un piccolo problema cardiaco.<br \/>\nAbbiamo temuto il peggio io ero proprio li davanti a lui quando lo hanno portato via, per fortuna c&#8217;era il Chato, un grandissimo percussionista peruviano che suona nei <strong>Mercado Negro<\/strong> e che era l\u00ec sul palco per omaggiare Roena.<br \/>\nIl Manager gli ha chiesto di continuare il concerto e lui ha accettato.<br \/>\nDa quel momento per\u00f2 nonostante la bravura di Chato, il gruppo era con la testa al loro compagno e questo si \u00e8 percepito molto chiaramente.<br \/>\nDopo tre pezzi, se non ricordo male, hanno chiuso il concerto.<br \/>\nC&#8217;erano alcuni brani che necessitavano di Endel tra cui il pezzo finale con il ballo di Roena assieme a Jorge Santana e non era possibile continuare.<br \/>\nHanno portato via Endel con il gruppo, io ero li con loro Endel che tremava come una foglia con ghiaccio sul cuore.<br \/>\nSono scappati tutti via con lui,\u00e8 rimasto solo Roena per 5 minuti a fare i saluti alla radio e poi \u00e8 andato via anche lui con il resto del gruppo.<br \/>\nPochi minuti fa mi hanno avvisato che st\u00e0 meglio e che per fortuna dopo le cure si \u00e8 ripreso.<br \/>\nOggi suonavano in Spagna e poi andavano in Svizzera.<br \/>\nA presto con altre notizie.<br \/>\nE&#8217; stato un grandissimo concerto&#8230; e che bello rivedere tanti amici sotto il palco!<\/p>\n<p>P.S. Gli altri sul palco erano i due ballerini appassionatissimi, Giacomo Frassica e Alessandra Ferri che hanno ballato per tutto il tempo dietro le quinte e che conoscevano a memoria tutti i pezzi.<br \/>\nTra tanti ballerini interessati solo al ballo fatemi fare i complimenti a loro due che hanno dimostrato di amare tantissimo la musica di Roena.<\/p>\n","protected":false},"excerpt":{"rendered":"<p>Oggi, 16 gennaio 2013, il grande Roberto Roena festeggia 73 anni. Tanti auguri Roberto! Feliz&#8230;<\/p>\n","protected":false},"author":1,"featured_media":4491,"comment_status":"open","ping_status":"open","sticky":false,"template":"","format":"standard","meta":{"footnotes":""},"categories":[427],"tags":[998,999],"class_list":["post-4488","post","type-post","status-publish","format-standard","has-post-thumbnail","hentry","category-news","tag-compleanno-roberto-roena","tag-cumpleano-roberto-roena"],"_links":{"self":[{"href":"https:\/\/www.lasalsavive.org\/portale\/wp-json\/wp\/v2\/posts\/4488","targetHints":{"allow":["GET"]}}],"collection":[{"href":"https:\/\/www.lasalsavive.org\/portale\/wp-json\/wp\/v2\/posts"}],"about":[{"href":"https:\/\/www.lasalsavive.org\/portale\/wp-json\/wp\/v2\/types\/post"}],"author":[{"embeddable":true,"href":"https:\/\/www.lasalsavive.org\/portale\/wp-json\/wp\/v2\/users\/1"}],"replies":[{"embeddable":true,"href":"https:\/\/www.lasalsavive.org\/portale\/wp-json\/wp\/v2\/comments?post=4488"}],"version-history":[{"count":10,"href":"https:\/\/www.lasalsavive.org\/portale\/wp-json\/wp\/v2\/posts\/4488\/revisions"}],"predecessor-version":[{"id":4497,"href":"https:\/\/www.lasalsavive.org\/portale\/wp-json\/wp\/v2\/posts\/4488\/revisions\/4497"}],"wp:featuredmedia":[{"embeddable":true,"href":"https:\/\/www.lasalsavive.org\/portale\/wp-json\/wp\/v2\/media\/4491"}],"wp:attachment":[{"href":"https:\/\/www.lasalsavive.org\/portale\/wp-json\/wp\/v2\/media?parent=4488"}],"wp:term":[{"taxonomy":"category","embeddable":true,"href":"https:\/\/www.lasalsavive.org\/portale\/wp-json\/wp\/v2\/categories?post=4488"},{"taxonomy":"post_tag","embeddable":true,"href":"https:\/\/www.lasalsavive.org\/portale\/wp-json\/wp\/v2\/tags?post=4488"}],"curies":[{"name":"wp","href":"https:\/\/api.w.org\/{rel}","templated":true}]}}