{"id":4978,"date":"2013-06-26T22:56:40","date_gmt":"2013-06-26T21:56:40","guid":{"rendered":"http:\/\/www.lasalsavive.org\/portale\/?p=4978"},"modified":"2013-06-26T22:56:40","modified_gmt":"2013-06-26T21:56:40","slug":"cheo-feliciano-dichiara-di-essere-in-cura-per-un-cancro","status":"publish","type":"post","link":"https:\/\/www.lasalsavive.org\/portale\/2013\/06\/26\/cheo-feliciano-dichiara-di-essere-in-cura-per-un-cancro\/","title":{"rendered":"Cheo Feliciano dichiara di essere in cura per un cancro"},"content":{"rendered":"<p>26 giugno 2013<\/p>\n<p>Il cantante <strong>Cheo Feliciano<\/strong> oggi pomeriggio con un comunicato stampa ha confermato che due mesi fa gli \u00e8 stato diagnosticato un tumore, fortunatamente curabile e che conta di recuperare presto la piena forma.<br \/>\nAttualmente \u00e8 seguito da un&#8217;equipe di specialisti e si sta curando con un trattamento di chemioterapia.<br \/>\nCheo ha anche assicurato che i medici gli hanno confermato che potr\u00e0 tornare presto alla sua attivit\u00e0 artistica.<br \/>\nDa parte nostra gli facciamo tanti auguri di pronta guarigione.<\/p>\n<figure id=\"attachment_4371\" aria-describedby=\"caption-attachment-4371\" style=\"width: 300px\" class=\"wp-caption aligncenter\"><img loading=\"lazy\" decoding=\"async\" src=\"http:\/\/www.lasalsavive.org\/portale\/wp-content\/uploads\/2012\/12\/cheo_feliciano-300x248.jpg\" alt=\"Cheo Feliciano\" width=\"300\" height=\"248\" class=\"size-medium wp-image-4371\" srcset=\"https:\/\/www.lasalsavive.org\/portale\/wp-content\/uploads\/2012\/12\/cheo_feliciano-300x248.jpg 300w, https:\/\/www.lasalsavive.org\/portale\/wp-content\/uploads\/2012\/12\/cheo_feliciano-400x331.jpg 400w, https:\/\/www.lasalsavive.org\/portale\/wp-content\/uploads\/2012\/12\/cheo_feliciano.jpg 425w\" sizes=\"auto, (max-width: 300px) 100vw, 300px\" \/><figcaption id=\"caption-attachment-4371\" class=\"wp-caption-text\">Cheo Feliciano<\/figcaption><\/figure>\n<p><iframe loading=\"lazy\" title=\"Cheo Feliciano, saluta Lasalsavive\" width=\"640\" height=\"480\" src=\"https:\/\/www.youtube.com\/embed\/10PxmHZ5-aM?feature=oembed\" frameborder=\"0\" allow=\"accelerometer; autoplay; clipboard-write; encrypted-media; gyroscope; picture-in-picture; web-share\" referrerpolicy=\"strict-origin-when-cross-origin\" allowfullscreen><\/iframe><\/p>\n<p><strong>Espanol<\/strong><\/p>\n<p>El cantante   Cheo  Feliciano confirm\u00f3  en la tarde  de  hoy  que fue  diagnosticado  con  c\u00e1ncer hace dos  meses, seg\u00fan   sus  declaraciones  en un comunicado  de  prensa.<\/p>\n<p>El  vocalista  de 77 a\u00f1os se\u00f1al\u00f3  que  se trata   de  un c\u00e1ncer tratable  y  que conf\u00eda  en una  pronta  recuperaci\u00f3n, ya  que  recibe  tratamiento  m\u00e9dico  por  un grupo  de  especialistas entre los que  figura su  onc\u00f3loga y  radiol\u00f3gos.<\/p>\n<p>A  continuaci\u00f3n  carta  de Feliciano a  los  medios  de comunicaci\u00f3n:<\/p>\n<p>Hace dos meses fui diagnosticado con una forma de c\u00e1ncer tratable. Gracias a mi Dios que nunca me ha abandonado en  estos 77 a\u00f1os de vida y al grupo excelentes m\u00e9dicos, a cargo del cuidado de mi salud, estoy en plena recuperacion.  <\/p>\n<p>En la actualidad estoy recibiendo tratamiento de quimioterapia en forma de pastillas, que permiten un mayor funcionamiento y flexibilidad.  Mi onc\u00f3loga, radiol\u00f3gos y especialistas, todos galenos a la vanguardia de los  \u00faltimos avances en la medicina, est\u00e1n sumamente optimistas con mi cuadro cl\u00ednico y me han asegurado que en los pr\u00f3ximos meses podr\u00e9 volver a laborar en mi  m\u00fasica y reanudar mis presentaciones art\u00edsticas. Desfortunadamente, la semana pasada me hospitalizaron por una pulmon\u00eda. Estuve internado en el hospital hasta el d\u00eda de ayer martes y ahora me encuentro en reposo en mi hogar.<\/p>\n<p>Aprovecho la oportunidad para agradecer p\u00fablicamente el apoyo incondicional que he recibido, primeramente de mi familia, mis hijos, nietos, biznieta y de mi roca, mi amada esposa Coc\u00f3.<\/p>\n<p>A todos los fan\u00e1ticos alrededor del mundo que se han vertido en llamadas y atenciones y a mis hermanos colegas de la m\u00fasica  que me han brindado su apoyo en esta etapa de mi vida.<\/p>\n<p>Gracias por tanto amor. Sigan orando por mi pronta recuperaci\u00f3n.<\/p>\n<p>Lo que me resta es pedirles que por favor respeten mi privacidad y la de mi familia mientras contin\u00fao este proceso de recuperaci\u00f3n. Espero con ansias poder estar muy pronto con todos ustedes. \u00a1Gracias familia !&#8221;<\/p>\n<p>Cheo Feliciano<\/p>\n","protected":false},"excerpt":{"rendered":"<p>26 giugno 2013 Il cantante Cheo Feliciano oggi pomeriggio con un comunicato stampa ha confermato&#8230;<\/p>\n","protected":false},"author":1,"featured_media":4371,"comment_status":"open","ping_status":"open","sticky":false,"template":"","format":"standard","meta":{"footnotes":""},"categories":[427],"tags":[261,1102,1103],"class_list":["post-4978","post","type-post","status-publish","format-standard","has-post-thumbnail","hentry","category-news","tag-cheo-feliciano","tag-cheo-feliciano-cancer","tag-tumore-cheo-feliciano"],"_links":{"self":[{"href":"https:\/\/www.lasalsavive.org\/portale\/wp-json\/wp\/v2\/posts\/4978","targetHints":{"allow":["GET"]}}],"collection":[{"href":"https:\/\/www.lasalsavive.org\/portale\/wp-json\/wp\/v2\/posts"}],"about":[{"href":"https:\/\/www.lasalsavive.org\/portale\/wp-json\/wp\/v2\/types\/post"}],"author":[{"embeddable":true,"href":"https:\/\/www.lasalsavive.org\/portale\/wp-json\/wp\/v2\/users\/1"}],"replies":[{"embeddable":true,"href":"https:\/\/www.lasalsavive.org\/portale\/wp-json\/wp\/v2\/comments?post=4978"}],"version-history":[{"count":2,"href":"https:\/\/www.lasalsavive.org\/portale\/wp-json\/wp\/v2\/posts\/4978\/revisions"}],"predecessor-version":[{"id":4980,"href":"https:\/\/www.lasalsavive.org\/portale\/wp-json\/wp\/v2\/posts\/4978\/revisions\/4980"}],"wp:featuredmedia":[{"embeddable":true,"href":"https:\/\/www.lasalsavive.org\/portale\/wp-json\/wp\/v2\/media\/4371"}],"wp:attachment":[{"href":"https:\/\/www.lasalsavive.org\/portale\/wp-json\/wp\/v2\/media?parent=4978"}],"wp:term":[{"taxonomy":"category","embeddable":true,"href":"https:\/\/www.lasalsavive.org\/portale\/wp-json\/wp\/v2\/categories?post=4978"},{"taxonomy":"post_tag","embeddable":true,"href":"https:\/\/www.lasalsavive.org\/portale\/wp-json\/wp\/v2\/tags?post=4978"}],"curies":[{"name":"wp","href":"https:\/\/api.w.org\/{rel}","templated":true}]}}