{"id":4981,"date":"2013-06-27T17:55:27","date_gmt":"2013-06-27T16:55:27","guid":{"rendered":"http:\/\/www.lasalsavive.org\/portale\/?p=4981"},"modified":"2013-06-27T17:55:27","modified_gmt":"2013-06-27T16:55:27","slug":"cheo-feliciano-ricoverato-in-ospedale","status":"publish","type":"post","link":"https:\/\/www.lasalsavive.org\/portale\/2013\/06\/27\/cheo-feliciano-ricoverato-in-ospedale\/","title":{"rendered":"Cheo Feliciano ricoverato in ospedale"},"content":{"rendered":"<p>27 giugno 2013<\/p>\n<p>Il cantante <strong>Cheo Feliciano<\/strong> \u00e8 stato ricoverato d&#8217;urgenza al pronto soccorso ieri notte a causa della febbre alta derivata da una ricaduta ad un problema polmonare del quale aveva sofferto marted\u00ec scorso.<br \/>\nLa notizia \u00e8 stata data direttamente sulla sua pagina ufficiale su facebook.<br \/>\nQuesta volta Cheo rester\u00e0 in osservazione e sar\u00e0 curato fino a completa guarigione, ha affermato il suo agente Richie Viera.<br \/>\nProprio ieri vi avevamo dato la notizia di quanto aveva dichiarato Cheo in merito alla <a href=\"http:\/\/www.lasalsavive.org\/portale\/2013\/06\/26\/cheo-feliciano-dichiara-di-essere-in-cura-per-un-cancro\/\" title=\"Cheo Feliciano dichiara di essere in cura per un cancro\">malattia<\/a> da cui si stava curando da un paio di mesi.<\/p>\n<p>La nostra redazione augura al grande cantante di Ponce (Portorico) una prontissima guarigione.<br \/>\nPa&#8217;lante Cheo!<\/p>\n<p><strong>Espa\u00f1ol<\/strong><\/p>\n<p>CHEO FELICIANO DE NUEVO HOSPITALIZADO<br \/>\nSAN JUAN, PR ( Jueves, 27 de junio de 2013 ) \u2013 El artista Cheo Feliciano fue llevado de emergencia al hospital ayer mi\u00e9rcoles en la noche por fiebre alta y fue hospitalizado nuevamente.<\/p>\n<p>Desfortunadamente, tuvo una reca\u00edda concerniente a la pulmon\u00eda de la cual hab\u00eda sido dado de alta el pasado martes. Esta vez Cheo estar\u00e1 unos d\u00edas en observaci\u00f3n y cuidado hasta que salga completamente recuperado de la pulmon\u00eda &#8211; asegur\u00f3 su agente art\u00edstico Richie Viera.<\/p>\n<p>Reiteramos su privacidad y la de su familia mientras contin\u00faa este<br \/>\nproceso de recuperaci\u00f3n. Agradecemos todas y cada una de las muestras de admiraci\u00f3n, respeto y cari\u00f1o que hemos recibido de todos los fans, amigos y colegas y pedimos que<br \/>\nsigan orando por su pronta recuperaci\u00f3n.<\/p>\n<p><img loading=\"lazy\" decoding=\"async\" class=\"size-full wp-image-4982\" alt=\"cheo noticia hospital\" src=\"http:\/\/www.lasalsavive.org\/portale\/wp-content\/uploads\/2013\/06\/cheo_noticia_hospital.jpg\" width=\"654\" height=\"241\" srcset=\"https:\/\/www.lasalsavive.org\/portale\/wp-content\/uploads\/2013\/06\/cheo_noticia_hospital.jpg 850w, https:\/\/www.lasalsavive.org\/portale\/wp-content\/uploads\/2013\/06\/cheo_noticia_hospital-300x110.jpg 300w, https:\/\/www.lasalsavive.org\/portale\/wp-content\/uploads\/2013\/06\/cheo_noticia_hospital-400x147.jpg 400w\" sizes=\"auto, (max-width: 654px) 100vw, 654px\" \/><\/p>\n","protected":false},"excerpt":{"rendered":"<p>27 giugno 2013 Il cantante Cheo Feliciano \u00e8 stato ricoverato d&#8217;urgenza al pronto soccorso ieri&#8230;<\/p>\n","protected":false},"author":1,"featured_media":4982,"comment_status":"open","ping_status":"open","sticky":false,"template":"","format":"standard","meta":{"footnotes":""},"categories":[427],"tags":[1105,1104],"class_list":["post-4981","post","type-post","status-publish","format-standard","has-post-thumbnail","hentry","category-news","tag-cheo-feliciano-de-nuevo-hospitalizado","tag-cheo-feliciano-ricoverato-in-ospedale-per-problemi-ai-polmoni"],"_links":{"self":[{"href":"https:\/\/www.lasalsavive.org\/portale\/wp-json\/wp\/v2\/posts\/4981","targetHints":{"allow":["GET"]}}],"collection":[{"href":"https:\/\/www.lasalsavive.org\/portale\/wp-json\/wp\/v2\/posts"}],"about":[{"href":"https:\/\/www.lasalsavive.org\/portale\/wp-json\/wp\/v2\/types\/post"}],"author":[{"embeddable":true,"href":"https:\/\/www.lasalsavive.org\/portale\/wp-json\/wp\/v2\/users\/1"}],"replies":[{"embeddable":true,"href":"https:\/\/www.lasalsavive.org\/portale\/wp-json\/wp\/v2\/comments?post=4981"}],"version-history":[{"count":6,"href":"https:\/\/www.lasalsavive.org\/portale\/wp-json\/wp\/v2\/posts\/4981\/revisions"}],"predecessor-version":[{"id":4988,"href":"https:\/\/www.lasalsavive.org\/portale\/wp-json\/wp\/v2\/posts\/4981\/revisions\/4988"}],"wp:featuredmedia":[{"embeddable":true,"href":"https:\/\/www.lasalsavive.org\/portale\/wp-json\/wp\/v2\/media\/4982"}],"wp:attachment":[{"href":"https:\/\/www.lasalsavive.org\/portale\/wp-json\/wp\/v2\/media?parent=4981"}],"wp:term":[{"taxonomy":"category","embeddable":true,"href":"https:\/\/www.lasalsavive.org\/portale\/wp-json\/wp\/v2\/categories?post=4981"},{"taxonomy":"post_tag","embeddable":true,"href":"https:\/\/www.lasalsavive.org\/portale\/wp-json\/wp\/v2\/tags?post=4981"}],"curies":[{"name":"wp","href":"https:\/\/api.w.org\/{rel}","templated":true}]}}