{"id":4990,"date":"2013-07-03T21:12:34","date_gmt":"2013-07-03T20:12:34","guid":{"rendered":"http:\/\/www.lasalsavive.org\/portale\/?p=4990"},"modified":"2013-07-03T21:12:34","modified_gmt":"2013-07-03T20:12:34","slug":"3-luglio-2013-cheo-feliciano-compie-78-anni","status":"publish","type":"post","link":"https:\/\/www.lasalsavive.org\/portale\/2013\/07\/03\/3-luglio-2013-cheo-feliciano-compie-78-anni\/","title":{"rendered":"3 luglio 2013, Cheo Feliciano compie 78 anni!"},"content":{"rendered":"<p>Oggi <strong>Cheo Feliciano<\/strong> festeggia i suoi 78 anni.<br \/>\nCome vi avevamo detto qualche <a href=\"http:\/\/www.lasalsavive.org\/portale\/2013\/06\/27\/cheo-feliciano-ricoverato-in-ospedale\/\" title=\"Cheo Feliciano ricoverato in ospedale\">giorno fa<\/a>, l&#8217;artista di Ponce (Portorico) \u00e8 stato ricoverato in ospedale dove si trova attualmente, anche se le sue condizioni stanno lentamente migliorando.<br \/>\nDa parte nostra gli auguriamo una pronta guarigione e tanti auguri di buon compleanno!<\/p>\n<figure id=\"attachment_4371\" aria-describedby=\"caption-attachment-4371\" style=\"width: 425px\" class=\"wp-caption aligncenter\"><img loading=\"lazy\" decoding=\"async\" src=\"http:\/\/www.lasalsavive.org\/portale\/wp-content\/uploads\/2012\/12\/cheo_feliciano.jpg\" alt=\"Cheo Feliciano\" width=\"425\" height=\"352\" class=\"size-full wp-image-4371\" srcset=\"https:\/\/www.lasalsavive.org\/portale\/wp-content\/uploads\/2012\/12\/cheo_feliciano.jpg 425w, https:\/\/www.lasalsavive.org\/portale\/wp-content\/uploads\/2012\/12\/cheo_feliciano-300x248.jpg 300w, https:\/\/www.lasalsavive.org\/portale\/wp-content\/uploads\/2012\/12\/cheo_feliciano-400x331.jpg 400w\" sizes=\"auto, (max-width: 425px) 100vw, 425px\" \/><figcaption id=\"caption-attachment-4371\" class=\"wp-caption-text\">Cheo Feliciano<\/figcaption><\/figure>\n<p><strong>Espa\u00f1ol<\/strong><\/p>\n<p>SAN JUAN, PR ( Mi\u00e9rcoles, 3 de julio de 2013 ) \u2013 El artista Cheo<br \/>\nFeliciano celebra hoy su cumplea\u00f1os n\u00famero 78 mientras sigue hospitalizado.<\/p>\n<p>Cheo sigue recuperandose d\u00eda tras d\u00eda al cuidado de los mejores galenos, enfermeros y de su manager y esposa Coc\u00f3 Feliciano quien no se separa de el ni un m\u00ednuto. Actualmente sigue con pulmon\u00eda y esta en franca recuperaci\u00f3n y buen animo, ya la fiebre la controlaron y esperamos en Dios pueda salir lo antes posible para su casa.<\/p>\n<p>Hoy estar\u00e1 en Familia con todos sus reto\u00f1os y atendiendo las llamadas de amigos y colegas felicitandolo en su cumplea\u00f1os. Es la primera vez en 78 a\u00f1os que Cheo es hospitalizado pero esta de buen animo y de celebraci\u00f3n por su cumplea\u00f1os.- asegur\u00f3 su agente art\u00edstico Richie Viera.<\/p>\n<p>Agradecemos las oraciones por su salud y todas las muestras de<br \/>\nadmiraci\u00f3n, respeto y cari\u00f1o que hemos recibido de todos los fans en las redes sociales, a todos los amigos y a todos los colegas m\u00fasicos y artistas que lo han ido a visitar y pedimos que sigan orando por su pronta recuperaci\u00f3n.<\/p>\n<p>Reiteramos su privacidad y la de su familia mientras contin\u00faa este<br \/>\nproceso de recuperaci\u00f3n.<\/p>\n","protected":false},"excerpt":{"rendered":"<p>Oggi Cheo Feliciano festeggia i suoi 78 anni. Come vi avevamo detto qualche giorno fa,&#8230;<\/p>\n","protected":false},"author":1,"featured_media":4371,"comment_status":"open","ping_status":"open","sticky":false,"template":"","format":"standard","meta":{"footnotes":""},"categories":[427],"tags":[1107,1106,1108],"class_list":["post-4990","post","type-post","status-publish","format-standard","has-post-thumbnail","hentry","category-news","tag-78-anos-cheo-feliciano","tag-cheo-feliciano-78-anni","tag-cumpleanos-78-de-cheo-feliciano"],"_links":{"self":[{"href":"https:\/\/www.lasalsavive.org\/portale\/wp-json\/wp\/v2\/posts\/4990","targetHints":{"allow":["GET"]}}],"collection":[{"href":"https:\/\/www.lasalsavive.org\/portale\/wp-json\/wp\/v2\/posts"}],"about":[{"href":"https:\/\/www.lasalsavive.org\/portale\/wp-json\/wp\/v2\/types\/post"}],"author":[{"embeddable":true,"href":"https:\/\/www.lasalsavive.org\/portale\/wp-json\/wp\/v2\/users\/1"}],"replies":[{"embeddable":true,"href":"https:\/\/www.lasalsavive.org\/portale\/wp-json\/wp\/v2\/comments?post=4990"}],"version-history":[{"count":3,"href":"https:\/\/www.lasalsavive.org\/portale\/wp-json\/wp\/v2\/posts\/4990\/revisions"}],"predecessor-version":[{"id":4993,"href":"https:\/\/www.lasalsavive.org\/portale\/wp-json\/wp\/v2\/posts\/4990\/revisions\/4993"}],"wp:featuredmedia":[{"embeddable":true,"href":"https:\/\/www.lasalsavive.org\/portale\/wp-json\/wp\/v2\/media\/4371"}],"wp:attachment":[{"href":"https:\/\/www.lasalsavive.org\/portale\/wp-json\/wp\/v2\/media?parent=4990"}],"wp:term":[{"taxonomy":"category","embeddable":true,"href":"https:\/\/www.lasalsavive.org\/portale\/wp-json\/wp\/v2\/categories?post=4990"},{"taxonomy":"post_tag","embeddable":true,"href":"https:\/\/www.lasalsavive.org\/portale\/wp-json\/wp\/v2\/tags?post=4990"}],"curies":[{"name":"wp","href":"https:\/\/api.w.org\/{rel}","templated":true}]}}