{"id":5007,"date":"2013-07-21T10:27:57","date_gmt":"2013-07-21T09:27:57","guid":{"rendered":"http:\/\/www.lasalsavive.org\/portale\/?p=5007"},"modified":"2013-07-21T10:27:57","modified_gmt":"2013-07-21T09:27:57","slug":"bobby-cruz-ed-il-basso-regalato-ad-un-ragazzo-venezuelano","status":"publish","type":"post","link":"https:\/\/www.lasalsavive.org\/portale\/2013\/07\/21\/bobby-cruz-ed-il-basso-regalato-ad-un-ragazzo-venezuelano\/","title":{"rendered":"Bobby Cruz ed il basso regalato ad un ragazzo venezuelano&#8230;"},"content":{"rendered":"<p>Direttamente dal sito ufficiale Facebook di Bobby Cruz, lo stesso artista racconta una storia avvenuta quarant&#8217;anni fa quando <strong>Bobby Cruz<\/strong> e <strong>Richie Ray<\/strong> in uno dei tanti viaggi che avevano fatto in Venezuela per suonare, conobbero un giovane tassista che li aveva accompagnati dall&#8217;aeroporto a Caracas e che gli aveva chiesto se avessero potuto portargli un basso quando fossero tornati in Venezuela per suonare di nuovo.<br \/>\nRichie e Bobby gli dissero che lo avrebbero fatto e si fecero dare il suo numero di telefono ed i suoi dati.<\/p>\n<p>Al rientro in patria dissero al loro bassista di procurarsi un basso per un ragazzo che glielo aveva chiesto.<br \/>\nNon sapevano neanche loro perch\u00e8 lo stavano facendo ma sentivano che era una cosa positiva e che dovevano portare il basso a quel ragazzo.<\/p>\n<p><img loading=\"lazy\" decoding=\"async\" src=\"http:\/\/www.lasalsavive.org\/portale\/wp-content\/uploads\/2011\/06\/richie_bobby.jpg\" alt=\"Richie Ray y Bobby Cruz\" width=\"385\" height=\"286\" class=\"aligncenter size-full wp-image-1472\" srcset=\"https:\/\/www.lasalsavive.org\/portale\/wp-content\/uploads\/2011\/06\/richie_bobby.jpg 770w, https:\/\/www.lasalsavive.org\/portale\/wp-content\/uploads\/2011\/06\/richie_bobby-300x223.jpg 300w, https:\/\/www.lasalsavive.org\/portale\/wp-content\/uploads\/2011\/06\/richie_bobby-400x297.jpg 400w\" sizes=\"auto, (max-width: 385px) 100vw, 385px\" \/><\/p>\n<p>E cos\u00ec fecero. Nel successivo viaggio in Venezuela portarono il basso a quel giovane taxista, che li ringrazi\u00f2, e che non videro mai pi\u00f9.<\/p>\n<p>Tutto questo fino a quando Bobby e Richie non festeggiarono l&#8217;anniversario dei quarant&#8217;anni di carriera artistica, dove avrebbe dovuto suonare anche <strong>Oscar De Leon<\/strong>, il quale per\u00f2 non pot\u00e8 partecipare e invi\u00f2 un video ai due musicisti nel quale li ringraziava per avergli fatto dono quarant&#8217;anni prima di quel basso, quel tassista infatti era lui e grazie a quel dono sarebbe potuto diventare l&#8217;Oscar della salsa che tutti conosciamo.<\/p>\n<p><center><iframe loading=\"lazy\" src=\"https:\/\/www.facebook.com\/video\/embed?video_id=588771277839859\" width=\"448\" height=\"336\" frameborder=\"0\"><\/iframe><\/center><\/p>\n","protected":false},"excerpt":{"rendered":"<p>Direttamente dal sito ufficiale Facebook di Bobby Cruz, lo stesso artista racconta una storia avvenuta&#8230;<\/p>\n","protected":false},"author":1,"featured_media":1472,"comment_status":"open","ping_status":"open","sticky":false,"template":"","format":"standard","meta":{"footnotes":""},"categories":[427],"tags":[1118,1082,641],"class_list":["post-5007","post","type-post","status-publish","format-standard","has-post-thumbnail","hentry","category-news","tag-bobby-cruz-y-el-bajo-de-oscar-de-leon","tag-oscar-de-leon","tag-richie-ray-y-bobby-cruz"],"_links":{"self":[{"href":"https:\/\/www.lasalsavive.org\/portale\/wp-json\/wp\/v2\/posts\/5007","targetHints":{"allow":["GET"]}}],"collection":[{"href":"https:\/\/www.lasalsavive.org\/portale\/wp-json\/wp\/v2\/posts"}],"about":[{"href":"https:\/\/www.lasalsavive.org\/portale\/wp-json\/wp\/v2\/types\/post"}],"author":[{"embeddable":true,"href":"https:\/\/www.lasalsavive.org\/portale\/wp-json\/wp\/v2\/users\/1"}],"replies":[{"embeddable":true,"href":"https:\/\/www.lasalsavive.org\/portale\/wp-json\/wp\/v2\/comments?post=5007"}],"version-history":[{"count":10,"href":"https:\/\/www.lasalsavive.org\/portale\/wp-json\/wp\/v2\/posts\/5007\/revisions"}],"predecessor-version":[{"id":5017,"href":"https:\/\/www.lasalsavive.org\/portale\/wp-json\/wp\/v2\/posts\/5007\/revisions\/5017"}],"wp:featuredmedia":[{"embeddable":true,"href":"https:\/\/www.lasalsavive.org\/portale\/wp-json\/wp\/v2\/media\/1472"}],"wp:attachment":[{"href":"https:\/\/www.lasalsavive.org\/portale\/wp-json\/wp\/v2\/media?parent=5007"}],"wp:term":[{"taxonomy":"category","embeddable":true,"href":"https:\/\/www.lasalsavive.org\/portale\/wp-json\/wp\/v2\/categories?post=5007"},{"taxonomy":"post_tag","embeddable":true,"href":"https:\/\/www.lasalsavive.org\/portale\/wp-json\/wp\/v2\/tags?post=5007"}],"curies":[{"name":"wp","href":"https:\/\/api.w.org\/{rel}","templated":true}]}}