{"id":5090,"date":"2013-08-18T23:26:47","date_gmt":"2013-08-18T22:26:47","guid":{"rendered":"http:\/\/www.lasalsavive.org\/portale\/?p=5090"},"modified":"2026-06-03T17:28:09","modified_gmt":"2026-06-03T16:28:09","slug":"confermata-luscita-del-nuovo-disco-dellorquesta-narvaez-per-meta-settembre-2013","status":"publish","type":"post","link":"https:\/\/www.lasalsavive.org\/portale\/2013\/08\/18\/confermata-luscita-del-nuovo-disco-dellorquesta-narvaez-per-meta-settembre-2013\/","title":{"rendered":"Confermata l&#8217;uscita del nuovo disco dell&#8217;Orquesta Narvaez per met\u00e0 settembre 2013!"},"content":{"rendered":"<p>19 agosto 2013<\/p>\n<p>Finalmente, dopo tanti rumors \u00e8 arrivata la conferma.<br \/>\nA met\u00e0 settembre uscir\u00e0 il nuovo disco dell&#8217;Orquesta Narvez diretta dal Maestro Dewell Narvaez.<br \/>\nNe avevamo gi\u00e0 dato notizia qualche <a title=\"Il ritorno dell\u2019Orquesta Narvaez\" href=\"http:\/\/www.lasalsavive.org\/portale\/2012\/04\/22\/il-ritorno-dellorquesta-narvaez\/\" target=\"_blank\" rel=\"noopener\">tempo fa<\/a> ma l&#8217;uscita era stata rinviata.<br \/>\nLa conferma arriva dallo stesso Dewell Narvaez dal suo profilo facebook:<\/p>\n<div role=\"article\">\n<div>\n<h5 data-ft=\"{&quot;tn&quot;:&quot;C&quot;}\">Dewell Narvaez<\/h5>\n<div><abbr title=\"Venerd\u00ec 16 agosto 2013 alle ore 16.34\" data-utime=\"1376696099\">16 agosto<\/abbr><\/div>\n<\/div>\n<\/div>\n<div>\n<div>\n<div>The new Orquesta Narvaez album is scheduled for release mid Sept. 2013. Thank you all for your support!<br \/>\nDewell Narvaez<\/div>\n<\/div>\n<\/div>\n<p>Dewell Narvaez Yes iTunes&#8230;cd&#8217;s and a limited edition double album vinyl set will be made available. Official web site will also be up. Thank you all!<\/p>\n<p>Il disco potr\u00e0 essere acquistato in formato digitale tramite i canali web come Itunes, oppure in cd e, notizia veramente molto interessante, con un doppio album in vinile a tiratura limitata, una notizia che far\u00e0 sicuramente felici i tanti appassionati e collezionisti di vinili.<\/p>\n<p>Appena avremo maggiori informazioni e magari il primo promo del nuovo disco vi aggiorneremo.<\/p>\n<figure id=\"attachment_5091\" aria-describedby=\"caption-attachment-5091\" style=\"width: 225px\" class=\"wp-caption aligncenter\"><img loading=\"lazy\" decoding=\"async\" class=\"size-medium wp-image-5091\" src=\"http:\/\/www.lasalsavive.org\/portale\/wp-content\/uploads\/2013\/08\/dewell_narvaez-225x300.jpg\" alt=\"Dewell Narvaez\" width=\"225\" height=\"300\" srcset=\"https:\/\/www.lasalsavive.org\/portale\/wp-content\/uploads\/2013\/08\/dewell_narvaez-225x300.jpg 225w, https:\/\/www.lasalsavive.org\/portale\/wp-content\/uploads\/2013\/08\/dewell_narvaez-400x532.jpg 400w, https:\/\/www.lasalsavive.org\/portale\/wp-content\/uploads\/2013\/08\/dewell_narvaez.jpg 495w\" sizes=\"auto, (max-width: 225px) 100vw, 225px\" \/><figcaption id=\"caption-attachment-5091\" class=\"wp-caption-text\">Dewell Narvaez<\/figcaption><\/figure>\n<p>&nbsp;<\/p>\n","protected":false},"excerpt":{"rendered":"<p>19 agosto 2013 Finalmente, dopo tanti rumors \u00e8 arrivata la conferma. A met\u00e0 settembre uscir\u00e0&#8230;<\/p>\n","protected":false},"author":1,"featured_media":5091,"comment_status":"open","ping_status":"open","sticky":false,"template":"","format":"standard","meta":{"footnotes":""},"categories":[427],"tags":[1137,1136],"class_list":["post-5090","post","type-post","status-publish","format-standard","has-post-thumbnail","hentry","category-news","tag-dewell-narvaez-nuevo-cd-2013","tag-orquesta-narvaez-nuevo-album"],"_links":{"self":[{"href":"https:\/\/www.lasalsavive.org\/portale\/wp-json\/wp\/v2\/posts\/5090","targetHints":{"allow":["GET"]}}],"collection":[{"href":"https:\/\/www.lasalsavive.org\/portale\/wp-json\/wp\/v2\/posts"}],"about":[{"href":"https:\/\/www.lasalsavive.org\/portale\/wp-json\/wp\/v2\/types\/post"}],"author":[{"embeddable":true,"href":"https:\/\/www.lasalsavive.org\/portale\/wp-json\/wp\/v2\/users\/1"}],"replies":[{"embeddable":true,"href":"https:\/\/www.lasalsavive.org\/portale\/wp-json\/wp\/v2\/comments?post=5090"}],"version-history":[{"count":7,"href":"https:\/\/www.lasalsavive.org\/portale\/wp-json\/wp\/v2\/posts\/5090\/revisions"}],"predecessor-version":[{"id":12862,"href":"https:\/\/www.lasalsavive.org\/portale\/wp-json\/wp\/v2\/posts\/5090\/revisions\/12862"}],"wp:featuredmedia":[{"embeddable":true,"href":"https:\/\/www.lasalsavive.org\/portale\/wp-json\/wp\/v2\/media\/5091"}],"wp:attachment":[{"href":"https:\/\/www.lasalsavive.org\/portale\/wp-json\/wp\/v2\/media?parent=5090"}],"wp:term":[{"taxonomy":"category","embeddable":true,"href":"https:\/\/www.lasalsavive.org\/portale\/wp-json\/wp\/v2\/categories?post=5090"},{"taxonomy":"post_tag","embeddable":true,"href":"https:\/\/www.lasalsavive.org\/portale\/wp-json\/wp\/v2\/tags?post=5090"}],"curies":[{"name":"wp","href":"https:\/\/api.w.org\/{rel}","templated":true}]}}