{"id":5154,"date":"2014-01-24T00:40:59","date_gmt":"2014-01-23T23:40:59","guid":{"rendered":"http:\/\/www.lasalsavive.org\/portale\/?p=5154"},"modified":"2026-07-05T09:18:09","modified_gmt":"2026-07-05T08:18:09","slug":"e-scomparso-tony-pabon","status":"publish","type":"post","link":"https:\/\/www.lasalsavive.org\/portale\/2014\/01\/24\/e-scomparso-tony-pabon\/","title":{"rendered":"E&#8217; scomparso Tony Pabon"},"content":{"rendered":"\n<p class=\"wp-block-paragraph\"><strong>A cura della redazione LaSalsaVive<\/strong><\/p>\n\n\n\n<p class=\"wp-block-paragraph\">21 gennaio 2014<\/p>\n\n\n\n<p class=\"wp-block-paragraph\">Purtroppo abbiamo ricevuto la notizia della scomparsa di <strong>Tony Pabon<\/strong>, trombettista, cantante e compositore famoso per aver lanciato brani come &#8220;I like it like that&#8221; e &#8220;Micaela&#8221; con l&#8217;orchestra di Pete Rodriguez e successivamente per aver creato l&#8217;orchestra <strong>La Protesta<\/strong> i cui successi hanno accompagnato intere generazioni fino ai giorni nostri.<\/p>\n\n\n\n<p class=\"wp-block-paragraph\">Tony Pabon, nasce a San Juan (Puerto Rico) nel 1940, perde il padre in tenera et\u00e0 e la madre \u00e8 costretta a trasferirsi negli Stati Uniti in cerca di fortuna.<\/p>\n\n\n<div class=\"wp-block-image size-medium wp-image-5155\">\n<figure class=\"aligncenter\"><img loading=\"lazy\" decoding=\"async\" width=\"238\" height=\"300\" src=\"https:\/\/www.lasalsavive.org\/portale\/wp-content\/uploads\/2014\/01\/tony_pabon_nestor_sanchez-238x300.jpg\" alt=\"Tony Pabon y Nestor Sanchez\" class=\"wp-image-5155\" srcset=\"https:\/\/www.lasalsavive.org\/portale\/wp-content\/uploads\/2014\/01\/tony_pabon_nestor_sanchez-238x300.jpg 238w, https:\/\/www.lasalsavive.org\/portale\/wp-content\/uploads\/2014\/01\/tony_pabon_nestor_sanchez-400x502.jpg 400w, https:\/\/www.lasalsavive.org\/portale\/wp-content\/uploads\/2014\/01\/tony_pabon_nestor_sanchez.jpg 764w\" sizes=\"auto, (max-width: 238px) 100vw, 238px\" \/><figcaption class=\"wp-element-caption\">Tony Pabon y Nestor Sanchez<\/figcaption><\/figure>\n<\/div>\n\n\n<p class=\"wp-block-paragraph\">E&#8217; proprio a New York dove inizia a studiare musica gi\u00e0 a 12 anni, prima con il basso, poi con il piano e per finire con quello che diventer\u00e0 lo strumento che lo render\u00e0 famoso, la tromba.<\/p>\n\n\n\n<p class=\"wp-block-paragraph\">La prima esperienza la fa con i <strong>Latin Boys<\/strong>, gruppo nel quale militavano artisti del calibro di <strong><a title=\"La biografia di Eddie Palmieri\" href=\"https:\/\/www.lasalsavive.org\/portale\/2011\/08\/16\/la-biografia-di-eddie-palmieri\/\">Eddie Palmieri<\/a><\/strong> al piano, <strong>Pete &#8220;el Conde&#8221; Rodriguez<\/strong> ai bongo, <strong>Joe Quijano<\/strong> alle maracas e <strong>Orlando Marin<\/strong> ai timbales, anche se il primo gruppo nel quale suona ufficialmente \u00e8 quello di <strong>Randy Carlos<\/strong>.<\/p>\n\n\n<div class=\"wp-block-image size-medium wp-image-5157\">\n<figure class=\"aligncenter\"><img loading=\"lazy\" decoding=\"async\" width=\"228\" height=\"300\" src=\"https:\/\/www.lasalsavive.org\/portale\/wp-content\/uploads\/2014\/01\/tony_pabon-228x300.jpg\" alt=\"Tony Pabon\" class=\"wp-image-5157\" srcset=\"https:\/\/www.lasalsavive.org\/portale\/wp-content\/uploads\/2014\/01\/tony_pabon-228x300.jpg 228w, https:\/\/www.lasalsavive.org\/portale\/wp-content\/uploads\/2014\/01\/tony_pabon-400x524.jpg 400w, https:\/\/www.lasalsavive.org\/portale\/wp-content\/uploads\/2014\/01\/tony_pabon.jpg 549w\" sizes=\"auto, (max-width: 228px) 100vw, 228px\" \/><figcaption class=\"wp-element-caption\">Tony Pabon<\/figcaption><\/figure>\n<\/div>\n\n\n<p class=\"wp-block-paragraph\">A seguire suona con l&#8217;orchestra di <strong>Orlando Marin<\/strong> e con il <strong>Sexteto La Playa<\/strong>.<\/p>\n\n\n\n<p class=\"wp-block-paragraph\">Ma \u00e8 nel 1962 con l&#8217;orchestra di <strong>Pete Rodr\u00edguez<\/strong> che raggiunge il successo, grazie anche alla composizione di brani come &#8220;I like it like that&#8221;, &#8220;Micaela&#8221; e &#8220;Fango&#8221;.<br \/>Il primo disco &#8220;At last&#8221; \u00e8 del 1964.<\/p>\n\n\n<div class=\"wp-block-image size-medium wp-image-5158\">\n<figure class=\"aligncenter\"><img loading=\"lazy\" decoding=\"async\" width=\"300\" height=\"300\" src=\"https:\/\/www.lasalsavive.org\/portale\/wp-content\/uploads\/2014\/01\/pete_rodriguez_at_last-300x300.jpg\" alt=\"Pete Rodriguez, At last\" class=\"wp-image-5158\" srcset=\"https:\/\/www.lasalsavive.org\/portale\/wp-content\/uploads\/2014\/01\/pete_rodriguez_at_last-300x300.jpg 300w, https:\/\/www.lasalsavive.org\/portale\/wp-content\/uploads\/2014\/01\/pete_rodriguez_at_last-150x150.jpg 150w, https:\/\/www.lasalsavive.org\/portale\/wp-content\/uploads\/2014\/01\/pete_rodriguez_at_last-400x400.jpg 400w, https:\/\/www.lasalsavive.org\/portale\/wp-content\/uploads\/2014\/01\/pete_rodriguez_at_last.jpg 499w\" sizes=\"auto, (max-width: 300px) 100vw, 300px\" \/><figcaption class=\"wp-element-caption\">Pete Rodriguez, At last<\/figcaption><\/figure>\n<\/div>\n\n\n<p class=\"wp-block-paragraph\">&nbsp;<\/p>\n\n\n\n<figure class=\"wp-block-embed is-type-video is-provider-youtube wp-block-embed-youtube wp-embed-aspect-4-3 wp-has-aspect-ratio\"><div class=\"wp-block-embed__wrapper\">\n<iframe loading=\"lazy\" title=\"Fango - PETE RODRIGUEZ\" width=\"640\" height=\"480\" src=\"https:\/\/www.youtube.com\/embed\/x8TV_NM4IUo?feature=oembed\" frameborder=\"0\" allow=\"accelerometer; autoplay; clipboard-write; encrypted-media; gyroscope; picture-in-picture; web-share\" referrerpolicy=\"strict-origin-when-cross-origin\" allowfullscreen><\/iframe>\n<\/div><\/figure>\n\n\n\n<p class=\"wp-block-paragraph\">Alla fine degli anni sessanta lascia l&#8217;orchestra di Pete Rodriguez e fonda <strong>La Protesta<\/strong>, nome che nasce da una diatriba sui diritti d&#8217;autore delle canzoni che aveva composto per Pete Rodriguez.<br \/>Nel 1970 esce il primo disco il cui cantante \u00e8 <strong>Nestor Sanchez<\/strong>.<br \/>Fra le canzoni pi\u00f9 famose di questo album ricordiamo Averigua.<\/p>\n\n\n\n<figure class=\"wp-block-embed is-type-video is-provider-youtube wp-block-embed-youtube wp-embed-aspect-16-9 wp-has-aspect-ratio\"><div class=\"wp-block-embed__wrapper\">\n<iframe loading=\"lazy\" title=\"TONY PABON AND HIS ALL STARS AVERIGUA-Dj &quot;CUMBANCHERO&quot;Madrid.\" width=\"640\" height=\"360\" src=\"https:\/\/www.youtube.com\/embed\/v0ixjeWxI94?feature=oembed\" frameborder=\"0\" allow=\"accelerometer; autoplay; clipboard-write; encrypted-media; gyroscope; picture-in-picture; web-share\" referrerpolicy=\"strict-origin-when-cross-origin\" allowfullscreen><\/iframe>\n<\/div><\/figure>\n\n\n\n<p class=\"wp-block-paragraph\">Con La Protesta realizzer\u00e0 alcune canzoni di grande impatto come &#8220;<a title=\"Lo voy a matar\" href=\"http:\/\/youtu.be\/qmhuA4Jf7ek\" target=\"_blank\" rel=\"noopener\">Lo voy a matar<\/a>&#8220;, <a title=\"Bandera\" href=\"http:\/\/youtu.be\/sokH_hVKyr8\" target=\"_blank\" rel=\"noopener\">Bandera<\/a>, <a title=\"San Miguel\" href=\"http:\/\/youtu.be\/JBcoIjZU65w\" target=\"_blank\" rel=\"noopener\">San Miguel<\/a> e la gi\u00e0 citata <strong>Averigua<\/strong>.<\/p>\n\n\n\n<p class=\"wp-block-paragraph\">Successivamente diventa anche produttore e fra le tante scoperte non possiamo non citare l&#8217;<strong>Orquesta Colon<\/strong>.<\/p>\n\n\n\n<p class=\"wp-block-paragraph\">Personalmente ho un bellissimo ricordo di questo artista e le sue canzoni hanno rappresentato una parte importante della mia formazione salsera e sicuramente hanno contribuito a farmi appassionare sempre pi\u00f9 a questa meravigliosa musica.<\/p>\n\n\n\n<p class=\"wp-block-paragraph\">Descansa en paz Maestro.<\/p>\n\n\n\n<h2 class=\"wp-block-heading\"><span><i class=\"fas fa-arrow-right\"><\/i><\/span>Tributo a Tony Pab\u00f3n: El adi\u00f3s a una leyenda <\/h2>\n\n\n\n<p class=\"wp-block-paragraph\"><strong>Redacci\u00f3n LaSalsaVive<\/strong> <strong>21 de enero de 2014<\/strong><\/p>\n\n\n\n<p class=\"wp-block-paragraph\">Lamentablemente, hemos recibido la noticia del fallecimiento de <strong>Tony Pab\u00f3n<\/strong>, trompetista, cantante y compositor famoso por haber lanzado temas como <em>&#8220;I Like It Like That&#8221;<\/em> y <em>&#8220;Micaela&#8221;<\/em> con la orquesta de Pete Rodr\u00edguez, y posteriormente por haber creado la orquesta <strong>La Protesta<\/strong>, cuyos \u00e9xitos han acompa\u00f1ado a enteras generaciones hasta el d\u00eda de hoy.<\/p>\n\n\n\n<p class=\"wp-block-paragraph\">Tony Pab\u00f3n naci\u00f3 en San Juan (Puerto Rico) en 1940. Perdi\u00f3 a su padre a temprana edad y su madre se vio obligada a trasladarse a los Estados Unidos en busca de fortuna.<\/p>\n\n\n\n<figure class=\"wp-block-image\"><img loading=\"lazy\" decoding=\"async\" width=\"238\" height=\"300\" src=\"https:\/\/www.lasalsavive.org\/portale\/wp-content\/uploads\/2014\/01\/tony_pabon_nestor_sanchez-238x300.jpg\" alt=\"Tony Pabon y Nestor Sanchez\" class=\"wp-image-5155\" srcset=\"https:\/\/www.lasalsavive.org\/portale\/wp-content\/uploads\/2014\/01\/tony_pabon_nestor_sanchez-238x300.jpg 238w, https:\/\/www.lasalsavive.org\/portale\/wp-content\/uploads\/2014\/01\/tony_pabon_nestor_sanchez-400x502.jpg 400w, https:\/\/www.lasalsavive.org\/portale\/wp-content\/uploads\/2014\/01\/tony_pabon_nestor_sanchez.jpg 764w\" sizes=\"auto, (max-width: 238px) 100vw, 238px\" \/><\/figure>\n\n\n\n<p class=\"wp-block-paragraph\">Fue precisamente en Nueva York donde comenz\u00f3 a estudiar m\u00fasica a los 12 a\u00f1os; primero con el bajo, luego con el piano y finalmente con el instrumento que lo har\u00eda famoso: <strong>la trompeta<\/strong>. Su primera experiencia fue con los <em>Latin Boys<\/em>, grupo en el que militaban artistas de la talla de Eddie Palmieri al piano, Pete &#8220;el Conde&#8221; Rodr\u00edguez en el bong\u00f3, Joe Quijano en las maracas y Orlando Mar\u00edn en los timbales, aunque el primer grupo en el que toc\u00f3 oficialmente fue el de <strong>Randy Carlos<\/strong>.<\/p>\n\n\n\n<figure class=\"wp-block-image\"><img loading=\"lazy\" decoding=\"async\" width=\"228\" height=\"300\" src=\"https:\/\/www.lasalsavive.org\/portale\/wp-content\/uploads\/2014\/01\/tony_pabon-228x300.jpg\" alt=\"Tony Pabon\" class=\"wp-image-5157\" srcset=\"https:\/\/www.lasalsavive.org\/portale\/wp-content\/uploads\/2014\/01\/tony_pabon-228x300.jpg 228w, https:\/\/www.lasalsavive.org\/portale\/wp-content\/uploads\/2014\/01\/tony_pabon-400x524.jpg 400w, https:\/\/www.lasalsavive.org\/portale\/wp-content\/uploads\/2014\/01\/tony_pabon.jpg 549w\" sizes=\"auto, (max-width: 228px) 100vw, 228px\" \/><\/figure>\n\n\n\n<p class=\"wp-block-paragraph\">Posteriormente, toc\u00f3 con la orquesta de Orlando Mar\u00edn y con el Sexteto La Playa. Pero es en 1962, con la orquesta de <strong>Pete Rodr\u00edguez<\/strong>, cuando alcanza el \u00e9xito absoluto, gracias tambi\u00e9n a la composici\u00f3n de temas como <em>&#8220;I Like It Like That&#8221;<\/em>, <em>&#8220;Micaela&#8221;<\/em> y <em>&#8220;Fango&#8221;<\/em>. Su primer disco, <em>&#8220;At Last&#8221;<\/em>, data de 1964.<\/p>\n\n\n<div class=\"wp-block-image size-medium wp-image-5158\">\n<figure class=\"aligncenter\"><img loading=\"lazy\" decoding=\"async\" width=\"300\" height=\"300\" src=\"https:\/\/www.lasalsavive.org\/portale\/wp-content\/uploads\/2014\/01\/pete_rodriguez_at_last-300x300.jpg\" alt=\"Pete Rodriguez, At last\" class=\"wp-image-5158\" srcset=\"https:\/\/www.lasalsavive.org\/portale\/wp-content\/uploads\/2014\/01\/pete_rodriguez_at_last-300x300.jpg 300w, https:\/\/www.lasalsavive.org\/portale\/wp-content\/uploads\/2014\/01\/pete_rodriguez_at_last-150x150.jpg 150w, https:\/\/www.lasalsavive.org\/portale\/wp-content\/uploads\/2014\/01\/pete_rodriguez_at_last-400x400.jpg 400w, https:\/\/www.lasalsavive.org\/portale\/wp-content\/uploads\/2014\/01\/pete_rodriguez_at_last.jpg 499w\" sizes=\"auto, (max-width: 300px) 100vw, 300px\" \/><figcaption class=\"wp-element-caption\">Pete Rodriguez, At last<\/figcaption><\/figure>\n<\/div>\n\n\n<figure class=\"wp-block-embed is-type-video is-provider-youtube wp-block-embed-youtube wp-embed-aspect-4-3 wp-has-aspect-ratio\"><div class=\"wp-block-embed__wrapper\">\n<iframe loading=\"lazy\" title=\"Fango - PETE RODRIGUEZ\" width=\"640\" height=\"480\" src=\"https:\/\/www.youtube.com\/embed\/x8TV_NM4IUo?feature=oembed\" frameborder=\"0\" allow=\"accelerometer; autoplay; clipboard-write; encrypted-media; gyroscope; picture-in-picture; web-share\" referrerpolicy=\"strict-origin-when-cross-origin\" allowfullscreen><\/iframe>\n<\/div><\/figure>\n\n\n\n<p class=\"wp-block-paragraph\"><\/p>\n\n\n\n<p class=\"wp-block-paragraph\">A finales de los a\u00f1os sesenta, deja la orquesta de Pete Rodr\u00edguez y funda <strong>La Protesta<\/strong>, nombre que surge de una disputa sobre los derechos de autor de las canciones que hab\u00eda compuesto para Pete Rodr\u00edguez. En 1970 sale su primer disco, contando con <strong>N\u00e9stor S\u00e1nchez<\/strong> como cantante. Entre las canciones m\u00e1s famosas de este \u00e1lbum recordamos <em>&#8220;<strong>Averigua<\/strong>&#8220;<\/em>.<\/p>\n\n\n\n<figure class=\"wp-block-embed is-type-video is-provider-youtube wp-block-embed-youtube wp-embed-aspect-16-9 wp-has-aspect-ratio\"><div class=\"wp-block-embed__wrapper\">\n<iframe loading=\"lazy\" title=\"TONY PABON AND HIS ALL STARS AVERIGUA-Dj &quot;CUMBANCHERO&quot;Madrid.\" width=\"640\" height=\"360\" src=\"https:\/\/www.youtube.com\/embed\/v0ixjeWxI94?feature=oembed\" frameborder=\"0\" allow=\"accelerometer; autoplay; clipboard-write; encrypted-media; gyroscope; picture-in-picture; web-share\" referrerpolicy=\"strict-origin-when-cross-origin\" allowfullscreen><\/iframe>\n<\/div><\/figure>\n\n\n\n<p class=\"wp-block-paragraph\">Con La Protesta realizar\u00eda canciones de gran impacto como <em>&#8220;Lo voy a matar&#8221;<\/em>, <em>&#8220;Bandera&#8221;<\/em>, <em>&#8220;San Miguel&#8221;<\/em> y la ya mencionada <em>&#8220;Averigua&#8221;<\/em>. M\u00e1s tarde se convirti\u00f3 tambi\u00e9n en productor y, entre sus muchos descubrimientos, no podemos dejar de citar a la <strong>Orquesta Col\u00f3n<\/strong>.<\/p>\n\n\n\n<p class=\"wp-block-paragraph\">Personalmente, guardo un hermoso recuerdo de este artista. Sus canciones representaron una parte importante de mi formaci\u00f3n salsera y, sin duda, contribuyeron a que me apasionara cada vez m\u00e1s por esta maravillosa m\u00fasica.<\/p>\n\n\n\n<p class=\"wp-block-paragraph\"><strong>Descansa en paz, Maestro.<\/strong><\/p>\n\n\n\n<p class=\"wp-block-paragraph\"><\/p>\n","protected":false},"excerpt":{"rendered":"<p>A cura della redazione LaSalsaVive 21 gennaio 2014 Purtroppo abbiamo ricevuto la notizia della scomparsa&#8230;<\/p>\n","protected":false},"author":1,"featured_media":5155,"comment_status":"open","ping_status":"open","sticky":false,"template":"","format":"standard","meta":{"footnotes":""},"categories":[3,427],"tags":[63,1153,1152,1154,398,397],"class_list":["post-5154","post","type-post","status-publish","format-standard","has-post-thumbnail","hentry","category-biblioteca-della-salsa","category-news","tag-boogaloo","tag-i-like-it-like-that","tag-la-protesta","tag-micaela","tag-pete-rodriguez","tag-tony-pabon"],"_links":{"self":[{"href":"https:\/\/www.lasalsavive.org\/portale\/wp-json\/wp\/v2\/posts\/5154","targetHints":{"allow":["GET"]}}],"collection":[{"href":"https:\/\/www.lasalsavive.org\/portale\/wp-json\/wp\/v2\/posts"}],"about":[{"href":"https:\/\/www.lasalsavive.org\/portale\/wp-json\/wp\/v2\/types\/post"}],"author":[{"embeddable":true,"href":"https:\/\/www.lasalsavive.org\/portale\/wp-json\/wp\/v2\/users\/1"}],"replies":[{"embeddable":true,"href":"https:\/\/www.lasalsavive.org\/portale\/wp-json\/wp\/v2\/comments?post=5154"}],"version-history":[{"count":9,"href":"https:\/\/www.lasalsavive.org\/portale\/wp-json\/wp\/v2\/posts\/5154\/revisions"}],"predecessor-version":[{"id":13676,"href":"https:\/\/www.lasalsavive.org\/portale\/wp-json\/wp\/v2\/posts\/5154\/revisions\/13676"}],"wp:featuredmedia":[{"embeddable":true,"href":"https:\/\/www.lasalsavive.org\/portale\/wp-json\/wp\/v2\/media\/5155"}],"wp:attachment":[{"href":"https:\/\/www.lasalsavive.org\/portale\/wp-json\/wp\/v2\/media?parent=5154"}],"wp:term":[{"taxonomy":"category","embeddable":true,"href":"https:\/\/www.lasalsavive.org\/portale\/wp-json\/wp\/v2\/categories?post=5154"},{"taxonomy":"post_tag","embeddable":true,"href":"https:\/\/www.lasalsavive.org\/portale\/wp-json\/wp\/v2\/tags?post=5154"}],"curies":[{"name":"wp","href":"https:\/\/api.w.org\/{rel}","templated":true}]}}