{"id":599,"date":"2026-09-01T09:11:07","date_gmt":"2026-09-01T08:11:07","guid":{"rendered":"http:\/\/www.lasalsavive.org\/portale\/?p=599"},"modified":"2026-09-01T09:11:08","modified_gmt":"2026-09-01T08:11:08","slug":"tito-rodriguez-en-el-balcon-aut-leopoldo-ulloa-titolo-originale-en-el-balcon-aquel","status":"publish","type":"post","link":"https:\/\/www.lasalsavive.org\/portale\/2026\/09\/01\/tito-rodriguez-en-el-balcon-aut-leopoldo-ulloa-titolo-originale-en-el-balcon-aquel\/","title":{"rendered":"Tito Rodriguez &#8211; En el balc\u00f3n (aut.Leopoldo Ulloa titolo originale En el balc\u00f3n aquel)"},"content":{"rendered":"\n<figure class=\"wp-block-image size-large is-resized\"><img loading=\"lazy\" decoding=\"async\" width=\"1024\" height=\"389\" src=\"https:\/\/www.lasalsavive.org\/portale\/wp-content\/uploads\/2026\/08\/LaSalsaVive_presenta_logo_per_articoli-1024x389.png\" alt=\"\" class=\"wp-image-14371\" style=\"aspect-ratio:2.5;width:400px;height:auto\" srcset=\"https:\/\/www.lasalsavive.org\/portale\/wp-content\/uploads\/2026\/08\/LaSalsaVive_presenta_logo_per_articoli-1024x389.png 1024w, https:\/\/www.lasalsavive.org\/portale\/wp-content\/uploads\/2026\/08\/LaSalsaVive_presenta_logo_per_articoli-300x114.png 300w, https:\/\/www.lasalsavive.org\/portale\/wp-content\/uploads\/2026\/08\/LaSalsaVive_presenta_logo_per_articoli-768x292.png 768w, https:\/\/www.lasalsavive.org\/portale\/wp-content\/uploads\/2026\/08\/LaSalsaVive_presenta_logo_per_articoli-1536x583.png 1536w, https:\/\/www.lasalsavive.org\/portale\/wp-content\/uploads\/2026\/08\/LaSalsaVive_presenta_logo_per_articoli.png 2035w\" sizes=\"auto, (max-width: 1024px) 100vw, 1024px\" \/><\/figure>\n\n\n\n<figure class=\"wp-block-embed is-type-video is-provider-youtube wp-block-embed-youtube wp-embed-aspect-4-3 wp-has-aspect-ratio\"><div class=\"wp-block-embed__wrapper\">\n<iframe loading=\"lazy\" title=\"Tito Rodriguez , En El Balcon Aquel\" width=\"640\" height=\"480\" src=\"https:\/\/www.youtube.com\/embed\/F7-Lxle_NdE?feature=oembed\" frameborder=\"0\" allow=\"accelerometer; autoplay; clipboard-write; encrypted-media; gyroscope; picture-in-picture; web-share\" referrerpolicy=\"strict-origin-when-cross-origin\" allowfullscreen><\/iframe>\n<\/div><\/figure>\n\n\n\n<p class=\"wp-block-paragraph\">Trascrizione e traduzione by <em><strong>www.lasalsavive.org<\/strong><\/em><\/p>\n\n\n\n<figure class=\"wp-block-table\"><table class=\"has-fixed-layout\"><tbody><tr><td>LA LA LA LA LA LA<\/td><td>LA LA LA LA LA LA<\/td><\/tr><tr><td>RECUERDAS T\u00da AQUELLA TARDE GRIS EN EL BALC\u00d3N AQUEL DONDE TE CONOC\u00cd<br \/>YO TE MIR\u00c9 Y EN UN BESO FEBRIL QUE NOS DIMOS T\u00da Y YO SELLAMOS NUESTRO AMOR<\/td><td>RICORDI TU QUEL POMERIGGIO GRIGIO SU QUEL BALCONE DOVE TI CONOBBI? TI GUARDAI E CON UN BACIO ARDENTE CHE CI SCAMBIAMMO TU E IO SIGILLAMMO IL NOSTRO AMORE<\/td><\/tr><tr><td>RECUERDAS T\u00da<br \/>LA LUNA SE ASOM\u00d3<br \/>PARA MIRAR FELIZ<br \/>NUESTRA ESCENA DE AMOR<\/td><td>RICORDI TU? LA LUNA FECE CAPOLINO PER CONTEMPLARE FELICE LA NOSTRA SCENA D\u2019AMORE<\/td><\/tr><tr><td>HOY YA NO EST\u00c1S<br \/>Y LLENO DE DOLOR<br \/>MUY SOLO EN EL BALC\u00d3N<br \/>SUFRIDO POR TU AMOR<\/td><td>OGGI NON CI SEI PI\u00d9 E, PIENO DI DOLORE, TUTTO SOLO SUL BALCONE, SOFFRO PER IL TUO AMORE<\/td><\/tr><tr><td>HOY YA NO EST\u00c1S<br \/>Y LLENO DE DOLOR<br \/>MUY SOLO EN EL BALC\u00d3N<br \/>SUFRIDO POR TU AMOR<\/td><td>OGGI NON CI SEI PI\u00d9 E, PIENO DI DOLORE, TUTTO SOLO SUL BALCONE, SOFFRO PER IL TUO AMORE<\/td><\/tr><tr><td>T\u00da VOLVER\u00c1S<br \/>LO DICE EL CORAZ\u00d3N<br \/>PORQUE TE ESPERO YO<br \/>COLMADO DE ANSIEDAD<\/td><td>TORNERAI, LO DICE IL CUORE, PERCH\u00c9 IO TI ASPETTO COLMO D\u2019ANSIA<\/td><\/tr><tr><td>Y ME DAR\u00c1S<br \/>TU AMOR IGUAL QUE AYER<br \/>EN EL BALC\u00d3N AQUEL<br \/>LA LUNA BRILLAR\u00c1<\/td><td>E MI DARAI IL TUO AMORE COME IERI; SU QUEL BALCONE LA LUNA BRILLER\u00c0<\/td><\/tr><tr><td>Y ME DAR\u00c1S<br \/>TU AMOR IGUAL QUE AYER<br \/>EN EL BALC\u00d3N AQUEL<br \/>LA LUNA BRILLAR\u00c1<\/td><td>E MI DARAI IL TUO AMORE COME IERI; SU QUEL BALCONE LA LUNA BRILLER\u00c0<\/td><\/tr><\/tbody><\/table><\/figure>\n","protected":false},"excerpt":{"rendered":"<p>Trascrizione e traduzione by www.lasalsavive.org LA LA LA LA LA LA LA LA LA LA&#8230;<\/p>\n","protected":false},"author":1,"featured_media":14854,"comment_status":"open","ping_status":"open","sticky":false,"template":"","format":"standard","meta":{"footnotes":""},"categories":[7],"tags":[358,357,180],"class_list":["post-599","post","type-post","status-publish","format-standard","has-post-thumbnail","hentry","category-canzoni","tag-en-el-balcon","tag-leopoldo-ulloa","tag-tito-rodriguez"],"_links":{"self":[{"href":"https:\/\/www.lasalsavive.org\/portale\/wp-json\/wp\/v2\/posts\/599","targetHints":{"allow":["GET"]}}],"collection":[{"href":"https:\/\/www.lasalsavive.org\/portale\/wp-json\/wp\/v2\/posts"}],"about":[{"href":"https:\/\/www.lasalsavive.org\/portale\/wp-json\/wp\/v2\/types\/post"}],"author":[{"embeddable":true,"href":"https:\/\/www.lasalsavive.org\/portale\/wp-json\/wp\/v2\/users\/1"}],"replies":[{"embeddable":true,"href":"https:\/\/www.lasalsavive.org\/portale\/wp-json\/wp\/v2\/comments?post=599"}],"version-history":[{"count":19,"href":"https:\/\/www.lasalsavive.org\/portale\/wp-json\/wp\/v2\/posts\/599\/revisions"}],"predecessor-version":[{"id":14853,"href":"https:\/\/www.lasalsavive.org\/portale\/wp-json\/wp\/v2\/posts\/599\/revisions\/14853"}],"wp:featuredmedia":[{"embeddable":true,"href":"https:\/\/www.lasalsavive.org\/portale\/wp-json\/wp\/v2\/media\/14854"}],"wp:attachment":[{"href":"https:\/\/www.lasalsavive.org\/portale\/wp-json\/wp\/v2\/media?parent=599"}],"wp:term":[{"taxonomy":"category","embeddable":true,"href":"https:\/\/www.lasalsavive.org\/portale\/wp-json\/wp\/v2\/categories?post=599"},{"taxonomy":"post_tag","embeddable":true,"href":"https:\/\/www.lasalsavive.org\/portale\/wp-json\/wp\/v2\/tags?post=599"}],"curies":[{"name":"wp","href":"https:\/\/api.w.org\/{rel}","templated":true}]}}