{"id":6823,"date":"2014-05-07T21:53:03","date_gmt":"2014-05-07T20:53:03","guid":{"rendered":"http:\/\/www.lasalsavive.org\/portale\/?p=6823"},"modified":"2014-05-10T16:59:55","modified_gmt":"2014-05-10T15:59:55","slug":"ruben-blades-annuncia-il-ritiro-dai-palcoscenici-nel-2016","status":"publish","type":"post","link":"https:\/\/www.lasalsavive.org\/portale\/2014\/05\/07\/ruben-blades-annuncia-il-ritiro-dai-palcoscenici-nel-2016\/","title":{"rendered":"Ruben Blades annuncia il ritiro dai palcoscenici nel 2016"},"content":{"rendered":"<p>Purtroppo ci giunge una notizia che nessun appassionato di salsa avrebbe voluto sentire, <strong>Ruben Blades<\/strong> ha annunciato alla televisione cilena T13 il suo ritiro dai palcoscenici nel 2016.<br \/>\nLa motivazione \u00e8 quella di ricominciare la carriera politica che aveva lasciato qualche anno fa dopo essere stato ministro del Turismo di Panama.<br \/>\nAl momento non \u00e8 ancora ben chiaro se continuer\u00e0 a incidere dischi, la speranza di tutti i suoi fans \u00e8 quella che ci ripensi e continui a illuminare le scene mondiali con i suoi grandi successi.<\/p>\n<figure id=\"attachment_4113\" aria-describedby=\"caption-attachment-4113\" style=\"width: 300px\" class=\"wp-caption aligncenter\"><img loading=\"lazy\" decoding=\"async\" src=\"http:\/\/www.lasalsavive.org\/portale\/wp-content\/uploads\/2012\/10\/cheo_ruben-300x200.jpg\" alt=\"Cheo Feliciano e Ruben Blades\" width=\"300\" height=\"200\" class=\"size-medium wp-image-4113\" srcset=\"https:\/\/www.lasalsavive.org\/portale\/wp-content\/uploads\/2012\/10\/cheo_ruben-300x200.jpg 300w, https:\/\/www.lasalsavive.org\/portale\/wp-content\/uploads\/2012\/10\/cheo_ruben.jpg 320w\" sizes=\"auto, (max-width: 300px) 100vw, 300px\" \/><figcaption id=\"caption-attachment-4113\" class=\"wp-caption-text\">Cheo Feliciano e Ruben Blades<\/figcaption><\/figure>\n<p><center><iframe loading=\"lazy\" width=\"560\" height=\"315\" src=\"\/\/www.youtube.com\/embed\/TmRU-raivvM\" frameborder=\"0\" allowfullscreen><\/iframe><\/center><\/p>\n<p>Arriva anche la conferma da parte di Ruben Blades che ribadisce il suo addio ai concerti a partire da Dicembre 2016.<br \/>\nL&#8217;ultimo tour lo far\u00e0 con l&#8217;orchestra di Roberto Delgado a partire da Maggio 2015 fino a Dicembre 2016 e quello sar\u00e0 l&#8217;ultimo per quanto riguarda la salsa.<br \/>\nDopo tale data Ruben Blades inizier\u00e0 una nuova esperienza con la moglie Luba e un piccolo gruppo che si dedicher\u00e0 ad un genere musicale ribattezzato &#8220;MIXTURA&#8221; (misto).<\/p>\n<p>Ruben conclude ringraziando tutte le persone che lo hanno appoggiato in questi trentasette anni di lavoro e dicendo che da allora fino alla fine dei suoi giorni si dedicher\u00e0 ad altre attivit\u00e0, fra queste anche il ritorno alla vita politica nella sua Patria, Panama.<\/p>\n<p>Non \u00e8 stato per\u00f2 detto se ci saranno altre esperienze per quanto riguarda l&#8217;incisione di nuovi dischi di salsa&#8230;da parte nostra non resta altro da fare che aspettare e sperare.<\/p>\n<p><center><\/p>\n<div id=\"fb-root\"><\/div>\n<p> <script>(function(d, s, id) { var js, fjs = d.getElementsByTagName(s)[0]; if (d.getElementById(id)) return; js = d.createElement(s); js.id = id; js.src = \"\/\/connect.facebook.net\/it_IT\/all.js#xfbml=1\"; fjs.parentNode.insertBefore(js, fjs); }(document, 'script', 'facebook-jssdk'));<\/script><\/p>\n<div class=\"fb-post\" data-href=\"https:\/\/www.facebook.com\/Ruben.Blades.Oficial\/posts\/708279769215464\" data-width=\"466\">\n<div class=\"fb-xfbml-parse-ignore\"><a href=\"https:\/\/www.facebook.com\/Ruben.Blades.Oficial\/posts\/708279769215464\">Pubblicazione<\/a> di <a href=\"https:\/\/www.facebook.com\/Ruben.Blades.Oficial\">Fans de Rub\u00e9n Blades<\/a>.<\/div>\n<\/div>\n<p><\/center><\/p>\n","protected":false},"excerpt":{"rendered":"<p>Purtroppo ci giunge una notizia che nessun appassionato di salsa avrebbe voluto sentire, Ruben Blades&#8230;<\/p>\n","protected":false},"author":1,"featured_media":3415,"comment_status":"open","ping_status":"open","sticky":false,"template":"","format":"standard","meta":{"footnotes":""},"categories":[427],"tags":[1179,256,1178],"class_list":["post-6823","post","type-post","status-publish","format-standard","has-post-thumbnail","hentry","category-news","tag-el-retiro-de-ruben-blades-en-2016","tag-ruben-blades","tag-ruben-blades-se-retira-de-la-musica-en-2016"],"_links":{"self":[{"href":"https:\/\/www.lasalsavive.org\/portale\/wp-json\/wp\/v2\/posts\/6823","targetHints":{"allow":["GET"]}}],"collection":[{"href":"https:\/\/www.lasalsavive.org\/portale\/wp-json\/wp\/v2\/posts"}],"about":[{"href":"https:\/\/www.lasalsavive.org\/portale\/wp-json\/wp\/v2\/types\/post"}],"author":[{"embeddable":true,"href":"https:\/\/www.lasalsavive.org\/portale\/wp-json\/wp\/v2\/users\/1"}],"replies":[{"embeddable":true,"href":"https:\/\/www.lasalsavive.org\/portale\/wp-json\/wp\/v2\/comments?post=6823"}],"version-history":[{"count":3,"href":"https:\/\/www.lasalsavive.org\/portale\/wp-json\/wp\/v2\/posts\/6823\/revisions"}],"predecessor-version":[{"id":6827,"href":"https:\/\/www.lasalsavive.org\/portale\/wp-json\/wp\/v2\/posts\/6823\/revisions\/6827"}],"wp:featuredmedia":[{"embeddable":true,"href":"https:\/\/www.lasalsavive.org\/portale\/wp-json\/wp\/v2\/media\/3415"}],"wp:attachment":[{"href":"https:\/\/www.lasalsavive.org\/portale\/wp-json\/wp\/v2\/media?parent=6823"}],"wp:term":[{"taxonomy":"category","embeddable":true,"href":"https:\/\/www.lasalsavive.org\/portale\/wp-json\/wp\/v2\/categories?post=6823"},{"taxonomy":"post_tag","embeddable":true,"href":"https:\/\/www.lasalsavive.org\/portale\/wp-json\/wp\/v2\/tags?post=6823"}],"curies":[{"name":"wp","href":"https:\/\/api.w.org\/{rel}","templated":true}]}}