{"id":6853,"date":"2014-07-03T10:25:08","date_gmt":"2014-07-03T09:25:08","guid":{"rendered":"http:\/\/www.lasalsavive.org\/portale\/?p=6853"},"modified":"2026-05-23T11:01:19","modified_gmt":"2026-05-23T10:01:19","slug":"una-stella-chiamata-papito-jala-jala","status":"publish","type":"post","link":"https:\/\/www.lasalsavive.org\/portale\/2014\/07\/03\/una-stella-chiamata-papito-jala-jala\/","title":{"rendered":"Una stella chiamata &#8220;Papito Jala Jala&#8221;"},"content":{"rendered":"\n<p class=\"wp-block-paragraph\">di Enzo Conte<\/p>\n\n\n\n<p class=\"wp-block-paragraph\">Il 9 ottobre del 2000 \u00e8 andato a ballare con gli angeli, una delle stelle pi\u00f9 splendenti della costellazione salsera: <strong>Miguel Matos Chevere<\/strong>, meglio conosciuto come <strong>&#8220;Papito Jala Jala&#8221;<\/strong>.<br \/>\nUn uomo dal carisma inconfondibile, un ballerino inimitabile, capace di lasciare una traccia indelebile nella storia di questa espressione musicale da noi cos\u00ec tanto amata.<br \/>\nPer me, come per molti altri, ha rappresentato molto di pi\u00f9 di un semplice maestro e credo che il suo esempio, il suo personaggio rimarr\u00e0 per sempre nel cuore dei salseri di tutto il mondo.<\/p>\n\n\n<div class=\"wp-block-image size-medium wp-image-6848\">\n<figure class=\"aligncenter\"><img loading=\"lazy\" decoding=\"async\" width=\"205\" height=\"300\" src=\"http:\/\/www.lasalsavive.org\/portale\/wp-content\/uploads\/2014\/07\/papito-205x300.jpg\" alt=\"1996: Papito Jala Jala durante una sua esibizione al Meeting Latino di Roma. Prima tourn\u00e8e di un gruppo portoricano in Italia\" class=\"wp-image-6848\" srcset=\"https:\/\/www.lasalsavive.org\/portale\/wp-content\/uploads\/2014\/07\/papito-205x300.jpg 205w, https:\/\/www.lasalsavive.org\/portale\/wp-content\/uploads\/2014\/07\/papito-400x584.jpg 400w, https:\/\/www.lasalsavive.org\/portale\/wp-content\/uploads\/2014\/07\/papito.jpg 493w\" sizes=\"auto, (max-width: 205px) 100vw, 205px\" \/><figcaption class=\"wp-element-caption\">1996: Papito Jala Jala durante una sua esibizione al Meeting Latino di Roma. Prima tourn\u00e8e di un gruppo portoricano in Italia<\/figcaption><\/figure>\n<\/div>\n\n\n<p class=\"wp-block-paragraph\">Come persona aveva come tutti mille difetti ma aveva un cuore incredibilmente grande, pronto com&#8217;era a correre in soccorso anche del suo peggior nemico.<br \/>\nCome ballerino possedeva la straordinaria capacit\u00e0 di trasformarsi, ogni volta che entrava in pista, in un incantatore, un mago o se preferite un domatore.<br \/>\nS\u00ec, quando lo vedevo ballare con le sue Jala Jala dancers, mi dava proprio l\u2019idea del domatore del circo, alle prese con le sue tigri e le sue leonesse. Gli ho sempre invidiato quella sua capacit\u00e0 innata di ipnotizzare le persone, di penetrare la musica e di raggiungere, nei momenti di massima ispirazione un vero e proprio stato di trance.<\/p>\n\n\n\n<figure class=\"wp-block-embed is-type-video is-provider-youtube wp-block-embed-youtube wp-embed-aspect-4-3 wp-has-aspect-ratio\"><div class=\"wp-block-embed__wrapper\">\n<iframe loading=\"lazy\" title=\"Papito Jala Jala explica como se debe bailar la Salsa\" width=\"640\" height=\"480\" src=\"https:\/\/www.youtube.com\/embed\/Y0l90nZGRgM?feature=oembed\" frameborder=\"0\" allow=\"accelerometer; autoplay; clipboard-write; encrypted-media; gyroscope; picture-in-picture; web-share\" referrerpolicy=\"strict-origin-when-cross-origin\" allowfullscreen><\/iframe>\n<\/div><\/figure>\n\n\n\n<p class=\"wp-block-paragraph\">Il destino di molti artisti \u00e8 quello di cadere nell&#8217;oblio una volta che abbandonano le scene. Nessuno, nemmeno tra gli amici pi\u00f9 cari o tra gli allievi pi\u00f9 fedeli, si preoccupa di mantenere vivo il loro ricordo.<br \/>\nIl sito <a href=\"http:\/\/www.papitojalajala.com\" title=\"Vai al sito di Papito Jala Jala a cura di Enzo Conte\" target=\"_blank\">www.papitojalajala.com<\/a> ed il Papito Jala Jala fan club che ho creato su Facebook sono la mia maniera di esternagli tutta la mia gratitudine, la mia ammirazione ma soprattutto il mio affetto a una persona che ha saputo avere una importanza cos\u00ec radicale nella mia vita, come in quella di tanti salseri che grazie a lui hanno avuto l&#8217;ispirazione per dedicarsi anima e corpo al ballo&#8230;<\/p>\n\n\n\n<figure class=\"wp-block-embed is-type-video is-provider-youtube wp-block-embed-youtube wp-embed-aspect-4-3 wp-has-aspect-ratio\"><div class=\"wp-block-embed__wrapper\">\n<iframe loading=\"lazy\" title=\"Papito Jala Jala &amp; Enzo Conte - &quot;Mambo Gozon&quot; - Zanussi\" width=\"640\" height=\"480\" src=\"https:\/\/www.youtube.com\/embed\/G5PzcSRYhV4?feature=oembed\" frameborder=\"0\" allow=\"accelerometer; autoplay; clipboard-write; encrypted-media; gyroscope; picture-in-picture; web-share\" referrerpolicy=\"strict-origin-when-cross-origin\" allowfullscreen><\/iframe>\n<\/div><\/figure>\n\n\n\n<p class=\"wp-block-paragraph\">&#8220;Grazie maestro per averci insegnato che un uomo non va&#8217; amato solo per le sue virt\u00f9 ma anche per i suoi vizi&#8230;<br \/>\nChe la bont\u00e0 e la malvagit\u00e0 possono convivere incredibilmente nello stesso cuore ed essere alle volte solo il frutto di un estremo bisogno d&#8217;amore..<br \/>\nGrazie per averci insegnato a perdonare e averci mostrato la sottile linea di confine tra l&#8217;amore e l&#8217;odio&#8230;<br \/>\nGrazie Papito, un artista muore ma la sua arte non muore con lui, vivr\u00e0 per sempre nel ricordo delle persone che gli hanno voluto bene&#8230;&#8221;<\/p>\n\n\n\n<figure class=\"wp-block-embed is-type-video is-provider-youtube wp-block-embed-youtube wp-embed-aspect-4-3 wp-has-aspect-ratio\"><div class=\"wp-block-embed__wrapper\">\n<iframe loading=\"lazy\" title=\"Papito Jala Jala y sus Jala Jala dancers - &quot;Qu\u00e9 bueno baila usted&quot; - al Mambo di Ferrara\" width=\"640\" height=\"480\" src=\"https:\/\/www.youtube.com\/embed\/hDSLSQaNTIo?feature=oembed\" frameborder=\"0\" allow=\"accelerometer; autoplay; clipboard-write; encrypted-media; gyroscope; picture-in-picture; web-share\" referrerpolicy=\"strict-origin-when-cross-origin\" allowfullscreen><\/iframe>\n<\/div><\/figure>\n\n\n\n<p class=\"wp-block-paragraph\">Miguel Matos Chevere nasce a Puerto Rico il 29 giugno del 1952. Nasce, sotto il segno del cancro, a Carolina, un comune, nelle vicinanze della capitale, noto per aver dato i suoi natali a molti grandi ballerini ma anche a diversi sportivi di fama internazionale. Vive la sua infanzia in un quartiere che gi\u00e0 dal suo nome aveva dei segni premonitori: &#8220;l&#8217;esquina caliente&#8221; (l&#8217;angolo caldo).<br \/>\nComincia a ballare all&#8217;et\u00e0 di tredici anni. Erano i mitici anni &#8217;60, l&#8217;epoca in cui la salsa cominciava a dare i suoi primi vagiti. Erano gli anni in cui furoreggiava un nuovo ritmo l&#8217;Jala Jala, ritmo creato da Roberto Roena ma portato al successo dal Gran Combo di Puerto Rico e dal duo formato da Richie Ray e Bobby Cruz.<br \/>\nMiguel Matos partecip\u00f2 ad una gara di Jala Jala organizzata dal Canal 11 per il programma &#8220;Teenager Matin\u00e8e&#8221;.<br \/>\nIn quella occasione sbaragli\u00f2 tutti gli avversari e da allora per tutti fu semplicemente Papito Jala Jala.<br \/>\nSuccessivamente vinse altri concorsi di ballo organizzati rispettivamente dalle trasmissioni &#8220;Alta tensione&#8221;, e &#8220;Cambia Cambia&#8221; (Canale 11) e &#8220;La factoria de la salsa&#8221; (Canal 7).<br \/>\nSull&#8217;onda di quei travolgenti successi fu invitato cos\u00ec a partecipare come ballerino ufficiale alla trasmissione &#8220;Salsa, sabado en la noche&#8221; sul Canal 2.<\/p>\n\n\n\n<figure class=\"wp-block-image size-large\"><img decoding=\"async\" src=\"https:\/\/www.lasalsavive.org\/portale\/wp-content\/uploads\/2014\/07\/papito_1-148x300.jpg\" alt=\"\"\/><\/figure>\n\n\n\n<p class=\"wp-block-paragraph\">Papito non aveva una preparazione accademica alle spalle, era al contrario il classico &#8220;bailador de la calle&#8221;, tutto genio e sgretolatezza. Era un istintivo, una persona estremamente creativa con una straordinaria sensibilit\u00e0 artistica.<br \/>\nFra i suoi ispiratori troviamo sicuramente ballerini come <strong>Mike Ramos<\/strong>, <strong>Anibal Vasquez<\/strong>, i fratelli Roberto e <strong>Cuqui Roena<\/strong>, <strong>Samson Batalla<\/strong> e <strong>Tito Bey<\/strong>.<br \/>\nOltre che per le sue eccezionali doti di ballerino, Papito si era messo, fin da giovanissimo, in luce per le sue qualit\u00e0 di coreografo. Aveva cos\u00ec cominciato a collaborare con molte orchestre sia di salsa che di merengue, dentro e fuori Puerto Rico. Tra le sue collaborazioni pi\u00f9 importanti ricordiamo quelle con: Los Hijos del Rey, Anthony Cruz, Wilfrido Vargas, Raf\u00f9 Warner, Sergio Vargas, Gary Pinto, Giro.<\/p>\n\n\n\n<p class=\"wp-block-paragraph\">Dopo essersi ritirato per alcuni anni dalle scene, Papito verso la fine degli anni &#8217;80 ritorna con un grande progetto: la creazione di un gruppo di ballo che potesse rappresentare non solo il suo stile inconfondibile ma che potesse diventare anche il fiore all&#8217;occhiello &#8220;dell&#8217;Isla del encanto&#8221; e del talento &#8220;borincano&#8221;.<br \/>\nNel 1989 fonda cos\u00ec Los Jala Jala dancers. L\u2019attivit\u00e0 che segn\u00f2 l&#8217;esordio di questo gruppo fu l&#8217;omaggio per i 25 anni nella musica di Andy Monta\u00f1ez, celebratosi nel Teatro della Universit\u00e0 di Portorico.<\/p>\n\n\n\n<p class=\"wp-block-paragraph\">Da allora Papito Jala Jala ha sempre di pi\u00f9 incrementato la sua popolarit\u00e0 partecipando a numerosi trasmissioni televisive come &#8220;Musicomedia&#8221;, &#8220;Semana de la salsa&#8221;, &#8220;El Show del Mediodia&#8221;, &#8220;Noche de Gala&#8221;, &#8220;Que vacilon&#8221;.<br \/>\nFra le apparizioni pi\u00f9 celebri del suo gruppo ricordiamo quelle al Teatro Bellas Artes di San Juan insieme a cantanti del calibro di Cheo Feliciano, Tony Vega, Ismael Miranda e Roberto Roena; quelle al Coliseo Roberto Clemente con la MP All Stars e Gilberto Santarosa; quelle all\u2019anfiteatro Tito Puente con l\u2019orchestra di Tommy Olivencia e della Sonora Ponce\u00f1a, senza dimenticare quella pi\u00f9 importante: al Madison Square Garden di New York ancora una volta con la Sonora Ponce\u00f1a.<\/p>\n\n\n\n<p class=\"wp-block-paragraph\">Gli Jala Jala dancers sono stati il primo gruppo portoricano ad esibirsi in Italia e allo stesso tempo il primo ad esibirsi ufficialmente a Cuba nell\u2019ambito di una manifestazione denominata \u201cDe aqui pa all\u00e0\u201d. Questa storica tourn\u00e9e ha di fatto influenzato moltissimo lo stile di Papito che da allora ha incominciato ad incorporare nel suo stile molti movimenti presenti sia nella timba che nella rumba cubana.<\/p>\n\n\n\n<p class=\"wp-block-paragraph\">Profondamente innamorato dell&#8217;Italia e del popolo italiano Papito fino al momento della sua scomparsa ha continuato a frequentare assiduamente quella che sar\u00e0 per lui la sua seconda casa.<br \/>\nMolti dei maestri che attualmente insegnano in Italia sono stati allievi del grande Papito ed oggi i suoi insegnamenti, pur in un momento di grande contaminazione stilistica, continuano ad essere un punto di riferimento costante per tutti gli amanti della salsa.<\/p>\n\n\n\n<p class=\"wp-block-paragraph\">Da anni sofferente di diabete Papito non ha resistito ad un attacco di cuore che ha stroncato la sua vita il 9 ottobre del 2000, nella sua abitazione, sita nel quartiere Bahia Vistamar.<br \/>\nAveva appena 48 anni&#8230;<\/p>\n\n\n\n<p class=\"wp-block-paragraph\">Intervista a Papito Jala Jala:<\/p>\n\n\n\n<figure class=\"wp-block-embed is-type-video is-provider-youtube wp-block-embed-youtube wp-embed-aspect-4-3 wp-has-aspect-ratio\"><div class=\"wp-block-embed__wrapper\">\n<iframe loading=\"lazy\" title=\"Papito Jala Jala entrevistado por Enzo Conte  - 1\u00b0 Parte\" width=\"640\" height=\"480\" src=\"https:\/\/www.youtube.com\/embed\/uTFYO1C8OU8?feature=oembed\" frameborder=\"0\" allow=\"accelerometer; autoplay; clipboard-write; encrypted-media; gyroscope; picture-in-picture; web-share\" referrerpolicy=\"strict-origin-when-cross-origin\" allowfullscreen><\/iframe>\n<\/div><\/figure>\n\n\n\n<figure class=\"wp-block-embed is-type-video is-provider-youtube wp-block-embed-youtube wp-embed-aspect-4-3 wp-has-aspect-ratio\"><div class=\"wp-block-embed__wrapper\">\n<iframe loading=\"lazy\" title=\"Papito Jala Jala entrevistado por Enzo Conte  - 2\u00b0 Parte\" width=\"640\" height=\"480\" src=\"https:\/\/www.youtube.com\/embed\/MHIyYCo4LBs?feature=oembed\" frameborder=\"0\" allow=\"accelerometer; autoplay; clipboard-write; encrypted-media; gyroscope; picture-in-picture; web-share\" referrerpolicy=\"strict-origin-when-cross-origin\" allowfullscreen><\/iframe>\n<\/div><\/figure>\n\n\n\n<figure class=\"wp-block-embed is-type-video is-provider-youtube wp-block-embed-youtube wp-embed-aspect-4-3 wp-has-aspect-ratio\"><div class=\"wp-block-embed__wrapper\">\n<iframe loading=\"lazy\" title=\"Papito Jala Jala entrevistado por Enzo Conte  - 3\u00b0 Parte\" width=\"640\" height=\"480\" src=\"https:\/\/www.youtube.com\/embed\/ZjeOCIba1Os?feature=oembed\" frameborder=\"0\" allow=\"accelerometer; autoplay; clipboard-write; encrypted-media; gyroscope; picture-in-picture; web-share\" referrerpolicy=\"strict-origin-when-cross-origin\" allowfullscreen><\/iframe>\n<\/div><\/figure>\n\n\n\n<figure class=\"wp-block-embed is-type-video is-provider-youtube wp-block-embed-youtube wp-embed-aspect-4-3 wp-has-aspect-ratio\"><div class=\"wp-block-embed__wrapper\">\n<iframe loading=\"lazy\" title=\"Papito Jala Jala entrevistado por Enzo Conte  - 4\u00b0 Parte\" width=\"640\" height=\"480\" src=\"https:\/\/www.youtube.com\/embed\/Kv3NSrA-KoM?feature=oembed\" frameborder=\"0\" allow=\"accelerometer; autoplay; clipboard-write; encrypted-media; gyroscope; picture-in-picture; web-share\" referrerpolicy=\"strict-origin-when-cross-origin\" allowfullscreen><\/iframe>\n<\/div><\/figure>\n\n\n\n<p class=\"wp-block-paragraph\"><\/p>\n","protected":false},"excerpt":{"rendered":"<p>di Enzo Conte Il 9 ottobre del 2000 \u00e8 andato a ballare con gli angeli,&#8230;<\/p>\n","protected":false},"author":1,"featured_media":0,"comment_status":"open","ping_status":"open","sticky":false,"template":"","format":"standard","meta":{"footnotes":""},"categories":[4,427],"tags":[908,1194,1195,950],"class_list":["post-6853","post","type-post","status-publish","format-standard","hentry","category-biografie","category-news","tag-enzo-conte","tag-jala-jala-dancers","tag-miguel-matos-chevere","tag-papito-jala-jala"],"_links":{"self":[{"href":"https:\/\/www.lasalsavive.org\/portale\/wp-json\/wp\/v2\/posts\/6853","targetHints":{"allow":["GET"]}}],"collection":[{"href":"https:\/\/www.lasalsavive.org\/portale\/wp-json\/wp\/v2\/posts"}],"about":[{"href":"https:\/\/www.lasalsavive.org\/portale\/wp-json\/wp\/v2\/types\/post"}],"author":[{"embeddable":true,"href":"https:\/\/www.lasalsavive.org\/portale\/wp-json\/wp\/v2\/users\/1"}],"replies":[{"embeddable":true,"href":"https:\/\/www.lasalsavive.org\/portale\/wp-json\/wp\/v2\/comments?post=6853"}],"version-history":[{"count":10,"href":"https:\/\/www.lasalsavive.org\/portale\/wp-json\/wp\/v2\/posts\/6853\/revisions"}],"predecessor-version":[{"id":12450,"href":"https:\/\/www.lasalsavive.org\/portale\/wp-json\/wp\/v2\/posts\/6853\/revisions\/12450"}],"wp:attachment":[{"href":"https:\/\/www.lasalsavive.org\/portale\/wp-json\/wp\/v2\/media?parent=6853"}],"wp:term":[{"taxonomy":"category","embeddable":true,"href":"https:\/\/www.lasalsavive.org\/portale\/wp-json\/wp\/v2\/categories?post=6853"},{"taxonomy":"post_tag","embeddable":true,"href":"https:\/\/www.lasalsavive.org\/portale\/wp-json\/wp\/v2\/tags?post=6853"}],"curies":[{"name":"wp","href":"https:\/\/api.w.org\/{rel}","templated":true}]}}