{"id":6969,"date":"2014-12-20T00:17:14","date_gmt":"2014-12-19T23:17:14","guid":{"rendered":"http:\/\/www.lasalsavive.org\/portale\/?p=6969"},"modified":"2026-07-05T09:15:57","modified_gmt":"2026-07-05T08:15:57","slug":"charlie-aponte-lascia-il-gran-combo-di-puerto-rico","status":"publish","type":"post","link":"https:\/\/www.lasalsavive.org\/portale\/2014\/12\/20\/charlie-aponte-lascia-il-gran-combo-di-puerto-rico\/","title":{"rendered":"Charlie Aponte lascia il Gran Combo di Puerto Rico."},"content":{"rendered":"\n<p class=\"wp-block-paragraph\">Fu un&#8217;interpretazione di &#8220;<strong>Vamos<\/strong>&#8220;, nella sala da ballo <strong>Lomas del Sol<\/strong>, quella che valse a <strong>Charlie Aponte<\/strong> il suo ingresso per la porta principale nell&#8217;orchestra salsera pi\u00f9 importante di Portorico: il Gran Combo.<br \/>\nDa quel momento il cantante ha apportato il suo timbro vocale all&#8217;orchestra e mostrato le sue qualit\u00e0 come sonero in canzoni come &#8220;<strong>Brujer\u00eda<\/strong>&#8220;, &#8220;<strong>Amor brutal<\/strong>&#8220;, &#8220;<strong>Camino de amapolas<\/strong>&#8220;, &#8220;<strong>Compa\u00f1era m\u00eda<\/strong>&#8220;, &#8220;<strong>Patria<\/strong>&#8221; e canzoni natalizie come &#8220;<strong>Desenfunda<\/strong>&#8220;, &#8220;<strong>El arbolito<\/strong>&#8221; e &#8220;<strong>No hay cama pa\u2019 tanta gente<\/strong>&#8220;, fra tanti altri.<br \/>\nQuarantun anni dopo il suo ingresso nel gruppo, Aponte ha comunicato che lascer\u00e0 il Gran Combo.<\/p>\n\n\n<div class=\"wp-block-image size-full wp-image-6970\">\n<figure class=\"aligncenter\"><img loading=\"lazy\" decoding=\"async\" width=\"615\" height=\"304\" src=\"https:\/\/www.lasalsavive.org\/portale\/wp-content\/uploads\/2014\/12\/charlieaponte.jpg\" alt=\"Charlie Aponte\" class=\"wp-image-6970\" srcset=\"https:\/\/www.lasalsavive.org\/portale\/wp-content\/uploads\/2014\/12\/charlieaponte.jpg 615w, https:\/\/www.lasalsavive.org\/portale\/wp-content\/uploads\/2014\/12\/charlieaponte-300x148.jpg 300w, https:\/\/www.lasalsavive.org\/portale\/wp-content\/uploads\/2014\/12\/charlieaponte-400x197.jpg 400w\" sizes=\"auto, (max-width: 615px) 100vw, 615px\" \/><figcaption class=\"wp-element-caption\">Charlie Aponte<\/figcaption><\/figure>\n<\/div>\n\n\n<p class=\"wp-block-paragraph\">Riteniamo quindi importante fare un breve riepilogo della storia di questo grande interprete portoricano.<br \/>\nNel 1973 <strong>Pell\u00edn Rodr\u00edguez<\/strong>, all&#8217;epoca una delle voci principali del gruppo, abbandon\u00f2 l&#8217;orchestra per lanciarsi come solista, e <strong>Rafael Ithier<\/strong>, direttore dell'&#8221;Universidad de la Salsa&#8221;, inizi\u00f2 a cercare un sostituto.<\/p>\n\n\n\n<p class=\"wp-block-paragraph\">Per alcuni mesi quel posto venne occupato da <strong>Marcos Monta\u00f1ez<\/strong>, fratello di <strong>Andy Monta\u00f1ez<\/strong>, poi grazie al sassofonista <strong><a title=\"Muore Eddie \u201cla Bala\u201d Perez, co-fondatore del Gran Combo di Puerto Rico\" href=\"https:\/\/www.lasalsavive.org\/portale\/2013\/08\/10\/muore-eddie-la-bala-perez-co-fondatore-del-gran-combo-di-puerto-rico\/\" target=\"_blank\" rel=\"noopener\">Eddie \u201cla Bala\u201d P\u00e9rez<\/a><\/strong>, uno dei fondatori del Gran Combo, il direttore arriv\u00f2 fino a Caguas, dove Carlos Juan Aponte Cruz, nome completo di Charlie Aponte, aveva iniziato a cantare per passatempo a met\u00e0 degli anni sessanta.<br \/>\nIn quel periodo, quando Ithier si present\u00f2 per proporgli di entrare nell&#8217;orchestra, Charlie si era gi\u00e0 esibito con l&#8217;orchestra di Carli Soto, con quella di Moncho Rodr\u00edguez, e aveva gi\u00e0 registrato un disco con H\u00e9ctor Santos y su orquesta.<br \/>\nDurante una prova di fronte a Ithier nella famosa sala da ballo <strong>Lomas del Sol<\/strong>, Aponte interpret\u00f3 \u201cVamos\u201d. Quattro giorni dopo stava viaggiando con l&#8217;orchestra a Miami per la sua prima presentazione insieme al Gran Combo de Puerto Rico.<br \/>\nSecondo quanto affermato dalla Fondazione Nazionale per la Cultura Popolare, dopo l&#8217;uscita di Pell\u00edn e Andy Monta\u00f1ez molti dubitarono che Charlie e Jerry Rivas, che si un\u00ec successivamente all&#8217;orchestra, potessero riempire lo spazio lasciato da questi grandi artisti, per\u00f2 molto presto questi dubbi si sarebbero dissipati con la registrazione di &#8220;El Gran Combo en Las Vegas&#8221;, album vincitore del Disco d&#8217;oro nel 1978, e che conteneva canzoni come &#8220;<strong>Aqu\u00ed no ha Pasado Nada<\/strong>&#8220;, interpretate appunto da Charlie Aponte.<\/p>\n\n\n\n<figure class=\"wp-block-embed is-type-video is-provider-youtube wp-block-embed-youtube wp-embed-aspect-4-3 wp-has-aspect-ratio\"><div class=\"wp-block-embed__wrapper\">\n<iframe loading=\"lazy\" title=\"AQUI NO HA PASADO NADA-(dedicado a andy monta\u00f1ez)-Gran Combo\" width=\"640\" height=\"480\" src=\"https:\/\/www.youtube.com\/embed\/gNf6gXdq9kY?feature=oembed\" frameborder=\"0\" allow=\"accelerometer; autoplay; clipboard-write; encrypted-media; gyroscope; picture-in-picture; web-share\" referrerpolicy=\"strict-origin-when-cross-origin\" allowfullscreen><\/iframe>\n<\/div><\/figure>\n\n\n\n<p class=\"wp-block-paragraph\"><strong>Espa\u00f1ol<\/strong><\/p>\n\n\n\n<p class=\"wp-block-paragraph\">Fue una interpretaci\u00f3n de \u201cVamos\u201d, en el sal\u00f3n de baile Lomas del Sol, la que le vali\u00f3 a Charlie Aponte su entrada por la puerta grande en 1973 a la agrupaci\u00f3n salsera m\u00e1s importante del pa\u00eds: El Gran Combo.<br \/>\nDesde entonces, ha aportado su sello como vocalista a la agrupaci\u00f3n y desplegado su capacidad como sonero en temas como \u201cBrujer\u00eda\u201d, \u201cAmor brutal\u201d, \u201cCamino de amapolas\u201d, \u201cCompa\u00f1era m\u00eda\u201d, \u201cPatria\u201d y temas navide\u00f1os como \u201cDesenfunda\u201d, \u201cEl arbolito\u201d y \u201cNo hay cama pa\u2019 tanta gente\u201d, entre tantos otros.<br \/>\nCuarenta y un a\u00f1os despu\u00e9s de ingresar a la agrupaci\u00f3n, hoy se conoce la noticia de que Aponte dejar\u00e1 El Gran Combo. Conviene entonces hacer un repaso a una trayectoria importante como uno de los principales vocalistas de la agrupaci\u00f3n con que le dio la vuelta al mundo.<br \/>\nFue en 1973 cuando Pell\u00edn Rodr\u00edguez, entonces una de las voces principales de la agrupaci\u00f3n, abandon\u00f3 la orquesta para lanzarse como solista, y Rafael Ithier, director de la \u201cUniversidad de la Salsa\u201d, se dio a la tarea de buscar a un sustituto.<br \/>\nPor varios meses, Marcos Monta\u00f1ez, hermano de Andy Monta\u00f1ez, cant\u00f3 al frente del conjunto, en lo que Ithier realizaba la b\u00fasqueda. Pero, por referencia del saxofonista Eddie \u201cla Bala\u201d P\u00e9rez, uno de los fundadores de El Gran Combo, el director lleg\u00f3 hasta Caguas, donde Carlos Juan Aponte Cruz, nombre completo de Charlie, hab\u00eda comenzado a cantar diversos ritmos como un pasatiempo desde mediados de los 60 hasta los 70.<br \/>\nPara cuando Ithier se present\u00f3 ante \u00e9l con la posibilidad de hacerlo parte de \u201cLos Mulatos del Sabor\u201d, Charlie ya hab\u00eda integrado la orquesta de Carli Soto, la de Moncho Rodr\u00edguez, y grabado con H\u00e9ctor Santos y su orquesta.<br \/>\nDurante un ensayo frente a Ithier en el famoso sal\u00f3n de baile Lomas del Sol, Aponte interpret\u00f3 \u201cVamos\u201d. Cuatro d\u00edas despu\u00e9s, estaba viajando con la orquesta a Miami, Florida, para su primera presentaci\u00f3n con El Gran Combo de Puerto Rico.<br \/>\nSeg\u00fan destaca la Fundaci\u00f3n Nacional para la Cultura Popular, tras la salida de Pell\u00edn y Andy Monta\u00f1ez muchos dudaron que Charlie y Jerry Rivas, quien se uni\u00f3 posteriormente a la orquesta, pudiesen llenar el espacio dejado por estos dos grandes artistas, pero muy pronto se disiparon las dudas con la grabaci\u00f3n de &#8220;El Gran Combo en Las Vegas&#8221;, \u00e1lbum ganador del Disco de Oro en 1978, y que conten\u00eda temas como \u201cAqu\u00ed no ha Pasado Nada\u201d, que interpreta Charlie.<\/p>\n\n\n\n<p class=\"wp-block-paragraph\">Fuente: http:\/\/www.primerahora.com\/<\/p>\n\n\n\n<div class=\"host-lopnbnfpjmgpbppclhclehhgafnifija\" style=\"position: relative; z-index: 2147483647;\"><\/div>\n\n\n\n<div class=\"host-lopnbnfpjmgpbppclhclehhgafnifija\" style=\"position: relative; z-index: 2147483647;\"><\/div>\n\n\n\n<div class=\"host-lopnbnfpjmgpbppclhclehhgafnifija\" style=\"position: relative; z-index: 2147483647;\"><\/div>\n\n\n\n<div class=\"host-lopnbnfpjmgpbppclhclehhgafnifija\" style=\"position: relative; z-index: 2147483647;\"><\/div>\n","protected":false},"excerpt":{"rendered":"<p>Il cantante che questo mese lascer\u00e0 il Gran Combo di Puerto Rico, si era unito ai &#8220;Los mulatos del sabor&#8221; nel 1973, dopo l&#8217;uscita di Pell\u00edn Rodr\u00edguez.<\/p>\n","protected":false},"author":1,"featured_media":6970,"comment_status":"open","ping_status":"open","sticky":false,"template":"","format":"standard","meta":{"footnotes":""},"categories":[427],"tags":[1228,1231,1230,1229],"class_list":["post-6969","post","type-post","status-publish","format-standard","has-post-thumbnail","hentry","category-news","tag-charlie-aponte","tag-charlie-aponte-dejara-el-gran-combo","tag-charlie-aponte-lascia-il-gran-combo-di-puerto-rico","tag-gran-combo"],"_links":{"self":[{"href":"https:\/\/www.lasalsavive.org\/portale\/wp-json\/wp\/v2\/posts\/6969","targetHints":{"allow":["GET"]}}],"collection":[{"href":"https:\/\/www.lasalsavive.org\/portale\/wp-json\/wp\/v2\/posts"}],"about":[{"href":"https:\/\/www.lasalsavive.org\/portale\/wp-json\/wp\/v2\/types\/post"}],"author":[{"embeddable":true,"href":"https:\/\/www.lasalsavive.org\/portale\/wp-json\/wp\/v2\/users\/1"}],"replies":[{"embeddable":true,"href":"https:\/\/www.lasalsavive.org\/portale\/wp-json\/wp\/v2\/comments?post=6969"}],"version-history":[{"count":6,"href":"https:\/\/www.lasalsavive.org\/portale\/wp-json\/wp\/v2\/posts\/6969\/revisions"}],"predecessor-version":[{"id":13674,"href":"https:\/\/www.lasalsavive.org\/portale\/wp-json\/wp\/v2\/posts\/6969\/revisions\/13674"}],"wp:featuredmedia":[{"embeddable":true,"href":"https:\/\/www.lasalsavive.org\/portale\/wp-json\/wp\/v2\/media\/6970"}],"wp:attachment":[{"href":"https:\/\/www.lasalsavive.org\/portale\/wp-json\/wp\/v2\/media?parent=6969"}],"wp:term":[{"taxonomy":"category","embeddable":true,"href":"https:\/\/www.lasalsavive.org\/portale\/wp-json\/wp\/v2\/categories?post=6969"},{"taxonomy":"post_tag","embeddable":true,"href":"https:\/\/www.lasalsavive.org\/portale\/wp-json\/wp\/v2\/tags?post=6969"}],"curies":[{"name":"wp","href":"https:\/\/api.w.org\/{rel}","templated":true}]}}