{"id":712,"date":"2008-01-01T09:51:53","date_gmt":"2008-01-01T08:51:53","guid":{"rendered":"http:\/\/www.lasalsavive.org\/portale\/?p=712"},"modified":"2026-09-01T10:05:36","modified_gmt":"2026-09-01T09:05:36","slug":"bobby-valentin-esce-il-nuovo-album-evolution","status":"publish","type":"post","link":"https:\/\/www.lasalsavive.org\/portale\/2008\/01\/01\/bobby-valentin-esce-il-nuovo-album-evolution\/","title":{"rendered":"Bobby Valentin: esce il nuovo album &#8220;Evolution&#8221;."},"content":{"rendered":"\n<figure class=\"wp-block-image size-large\"><img loading=\"lazy\" decoding=\"async\" width=\"1024\" height=\"389\" src=\"https:\/\/www.lasalsavive.org\/portale\/wp-content\/uploads\/2026\/08\/LaSalsaVive_presenta_logo_per_articoli-1024x389.png\" alt=\"\" class=\"wp-image-14371\" srcset=\"https:\/\/www.lasalsavive.org\/portale\/wp-content\/uploads\/2026\/08\/LaSalsaVive_presenta_logo_per_articoli-1024x389.png 1024w, https:\/\/www.lasalsavive.org\/portale\/wp-content\/uploads\/2026\/08\/LaSalsaVive_presenta_logo_per_articoli-300x114.png 300w, https:\/\/www.lasalsavive.org\/portale\/wp-content\/uploads\/2026\/08\/LaSalsaVive_presenta_logo_per_articoli-768x292.png 768w, https:\/\/www.lasalsavive.org\/portale\/wp-content\/uploads\/2026\/08\/LaSalsaVive_presenta_logo_per_articoli-1536x583.png 1536w, https:\/\/www.lasalsavive.org\/portale\/wp-content\/uploads\/2026\/08\/LaSalsaVive_presenta_logo_per_articoli.png 2035w\" sizes=\"auto, (max-width: 1024px) 100vw, 1024px\" \/><\/figure>\n\n\n\n<p class=\"wp-block-paragraph\">Gennaio 2008 fonte www.sonfonia.com<\/p>\n\n\n\n<figure class=\"wp-block-image size-full\"><img loading=\"lazy\" decoding=\"async\" width=\"320\" height=\"307\" src=\"https:\/\/www.lasalsavive.org\/portale\/wp-content\/uploads\/2026\/09\/bobbyvalentin_evolution.jpg\" alt=\"\" class=\"wp-image-14855\" srcset=\"https:\/\/www.lasalsavive.org\/portale\/wp-content\/uploads\/2026\/09\/bobbyvalentin_evolution.jpg 320w, https:\/\/www.lasalsavive.org\/portale\/wp-content\/uploads\/2026\/09\/bobbyvalentin_evolution-300x288.jpg 300w\" sizes=\"auto, (max-width: 320px) 100vw, 320px\" \/><\/figure>\n\n\n\n<p class=\"wp-block-paragraph\"><strong>Bobby Valentin &#8211; Evolution.<\/strong><\/p>\n\n\n\n<figure class=\"wp-block-embed is-type-video is-provider-youtube wp-block-embed-youtube wp-embed-aspect-16-9 wp-has-aspect-ratio\"><div class=\"wp-block-embed__wrapper\">\n<iframe loading=\"lazy\" title=\"Do\u00f1a bella - Bobby Valentin Video Oficial @Salsamor 100% Salsa\" width=\"640\" height=\"360\" src=\"https:\/\/www.youtube.com\/embed\/gGPrd32kcsc?feature=oembed\" frameborder=\"0\" allow=\"accelerometer; autoplay; clipboard-write; encrypted-media; gyroscope; picture-in-picture; web-share\" referrerpolicy=\"strict-origin-when-cross-origin\" allowfullscreen><\/iframe>\n<\/div><\/figure>\n\n\n\n<p class=\"wp-block-paragraph\">L&#8217;ultima produzione del veterano bassista <strong>Bobby Valent\u00ecn<\/strong>, intitolata <span class=\"arancio\">EVOLUTION<\/span>, \u00e8 gi\u00e0 in vendita sul mercato. Per questo album Valent\u00ecn ha coinvolto alcuni amici speciali, tra i quali <strong>Ray De La Paz<\/strong>, <strong>Luis Mar\u00edn<\/strong> e <strong>Paoli Mej\u00edas<\/strong>, dando vita a nuove composizioni e a una serie di riuscite riletture: <span class=\"arancio\">&#8220;Clotilde&#8221;<\/span> di <strong>Silvestre M\u00e9ndez<\/strong>, <span class=\"arancio\">&#8220;Que Me Digan Feo&#8221;<\/span> di <strong>Enrique Bonnet<\/strong>, <span class=\"arancio\">&#8220;Piel Canela&#8221;<\/span> di <strong>Bobby Cap<\/strong><strong>\u00f3<\/strong> e <span class=\"arancio\">&#8220;Hace tiempo que te estoy mirando&#8221;<\/span> di <strong>Roberto Angler\u00f3<\/strong>.<\/p>\n\n\n\n<p class=\"wp-block-paragraph\">L&#8217;intento del bassista, oltre a sperimentare suoni jazz e rock latino con un suono simile a quello di <strong>Santana<\/strong>, \u00e8 quello di offrire un contenuto pi\u00f9 ricco alla Salsa. Per questa registrazione ha quindi invitato <strong>Bernie Williams<\/strong> e <strong>Gisselle<\/strong> che si affiancano alle voci della sua orchestra: <strong>Julio L\u00f3pez<\/strong> e <strong>Alberto &#8220;Kriptony&#8221; Texeira<\/strong>.<\/p>\n\n\n\n<p class=\"wp-block-paragraph\">Alla produzione partecipano inoltre i pianisti <strong>Lenny Prieto<\/strong> e <strong>Jos\u00e9 Lugo<\/strong>, i trombettisti <strong>Angie Machado<\/strong> e <strong>Julio Alvarado<\/strong>, il trombonista <strong>Eliut Cintron<\/strong> e una sezione di coristi composta da: <strong>Luisito Carri\u00f3n<\/strong>, <strong>Pichi P\u00e9rez<\/strong>, <strong>Chegui Ramos<\/strong>, <strong>Janira Torres<\/strong> e <strong>Nino Segarra<\/strong>.<\/p>\n\n\n\n<p class=\"wp-block-paragraph\"><strong>REPERTORIO:<\/strong><\/p>\n\n\n\n<p class=\"wp-block-paragraph\">1.Clotilde<br \/>\n2.El Cucu<br \/>\n3.Do\u00f1a Bella<br \/>\n4.Que Me Digan Feo<br \/>\n5.El Alma<br \/>\n6.Hace Tiempo Que Te Estoy Mirando<br \/>\n7.A Que Se Debe?<br \/>\n8.Tu Pueblo Es Mi Pueblo<br \/>\n9.Four Plus Two<br \/>\n10.Si Si, No No<br \/>\n11.Piel Canela<br \/>\n12.No Name<\/p>\n\n\n\n<p class=\"wp-block-paragraph\"><strong>DVD Tracks<\/strong><\/p>\n\n\n\n<p class=\"wp-block-paragraph\">1. Dona Bella<br \/> 2. Hace Tiempo Que Te Estoy Mirando<br \/> 3. A Que Se Debe?<br \/> 4. Si Si, No No<br \/><\/p>\n\n\n\n<figure class=\"wp-block-embed is-type-video is-provider-youtube wp-block-embed-youtube wp-embed-aspect-4-3 wp-has-aspect-ratio\"><div class=\"wp-block-embed__wrapper\">\n<iframe loading=\"lazy\" title=\"Bobby Valentin-Hace Tiempo Que Te Estoy Mirando\" width=\"640\" height=\"480\" src=\"https:\/\/www.youtube.com\/embed\/L9n7d-2XDB8?feature=oembed\" frameborder=\"0\" allow=\"accelerometer; autoplay; clipboard-write; encrypted-media; gyroscope; picture-in-picture; web-share\" referrerpolicy=\"strict-origin-when-cross-origin\" allowfullscreen><\/iframe>\n<\/div><\/figure>\n\n\n\n<p class=\"wp-block-paragraph\"><strong>Bobby Valentin &#8211; Hace Tiempo Que Te Estoy Mirando<\/strong><\/p>\n\n\n\n<h3 class=\"wp-block-heading\"><span><i class=\"fas fa-arrow-right\"><\/i><\/span>Espa\u00f1ol <\/h3>\n\n\n\n<p class=\"wp-block-paragraph\">BOBBY VALENTIN &#8211; Evolution.   La m\u00e0s reciente Producci\u00f2n del veterano bajista Bobby Valent\u00ecn,titulada EVOLUTION, ya est\u00e0 en el mercado latino.<\/p>\n\n\n\n<p class=\"wp-block-paragraph\">Valent\u00ecn incluye algunos amigos especiales como Ray De La Paz, Luis Mar\u00edn y Paoli Mej\u00edas para darle vida a las nuevas composiciones y un grupo de ejemplares versiones homenaje como \u201cClotilde\u201d de Silvestre M\u00e9ndez, \u201cQue Me Digan Feo\u201d de Enrique Bonnet , Piel Canela de Bobby Cap\u00f2 y \u201cHace Tiempo Que Te Estoy Mirando\u201d de Roberto Anglero.<\/p>\n\n\n\n<p class=\"wp-block-paragraph\">La intenci\u00f2n del bajista, aparte de su experimentaci\u00f3n con el jazz y el rock latino con un sonido cercano al de Santana, es aportar contenido mayor contenido a La Salsa, por ello invit\u00f2 a \u00e8sta grabaci\u00f2n a Bernie Williams, y a Gisselle y para que junto a sus cantantes Julio L\u00f3pez y Alberto &#8220;Kriptony&#8221; Texeira, acompa\u00f1aran las voces del disco.<\/p>\n\n\n\n<p class=\"wp-block-paragraph\">En la Producci\u00f2n figuran los pianistas Lenny Prieto y Jos\u00e9 Lugo, los trompetistas Angie Machado y Julio Alvarado, los trombonistas Eliut Cintron y una secci\u00f3n de coros compuesta por: Luisito Carri\u00f3n, Pichi P\u00e9rez, Chegui Ramos, Janira Torres, y Nino Segarra.<\/p>\n\n\n\n<p class=\"wp-block-paragraph\"><strong>REPERTORIO:<\/strong><\/p>\n\n\n\n<p class=\"wp-block-paragraph\">1.Clotilde<br \/>\n2.El Cucu<br \/>\n3.Do\u00f1a Bella<br \/>\n4.Que Me Digan Feo<br \/>\n5.El Alma<br \/>\n6.Hace Tiempo Que Te Estoy Mirando<br \/>\n7.A Que Se Debe?<br \/>\n8.Tu Pueblo Es Mi Pueblo<br \/>\n9.Four Plus Two<br \/>\n10.Si Si, No No<br \/>\n11.Piel Canela<br \/>\n12.No Name<\/p>\n\n\n\n<p class=\"wp-block-paragraph\"><strong>DVD Tracks<\/strong><\/p>\n\n\n\n<p class=\"wp-block-paragraph\">1. Dona Bella<br \/>\n2. Hace Tiempo Que Te Estoy Mirando<br \/>\n3. A Que Se Debe?<br \/>\n4. Si Si, No No<\/p>\n\n\n\n<p class=\"wp-block-paragraph\">Tratto da: <a href=\"http:\/\/www.sonfonia.com\/novedades\/011508evolution_bobbyvalentin_salsa_sonfonia.htm\" target=\"_blank\">Fonte www.sonfonia.com<\/a><\/p>\n","protected":false},"excerpt":{"rendered":"<p>Gennaio 2008 fonte www.sonfonia.com Bobby Valentin &#8211; Evolution. L&#8217;ultima produzione del veterano bassista Bobby Valent\u00ecn,&#8230;<\/p>\n","protected":false},"author":1,"featured_media":14855,"comment_status":"open","ping_status":"open","sticky":false,"template":"","format":"standard","meta":{"footnotes":""},"categories":[79,427],"tags":[452,176,456,459,457,451,453,450,454,458,455],"class_list":["post-712","post","type-post","status-publish","format-standard","has-post-thumbnail","hentry","category-discografie","category-news","tag-angie-machado","tag-bobby-valentin","tag-chegui-ramos","tag-evolution","tag-janira-torres","tag-jose-lugo","tag-julio-alvarado","tag-lenny-prieto","tag-luisito-carrion","tag-nino-segarra","tag-pichi-perez"],"_links":{"self":[{"href":"https:\/\/www.lasalsavive.org\/portale\/wp-json\/wp\/v2\/posts\/712","targetHints":{"allow":["GET"]}}],"collection":[{"href":"https:\/\/www.lasalsavive.org\/portale\/wp-json\/wp\/v2\/posts"}],"about":[{"href":"https:\/\/www.lasalsavive.org\/portale\/wp-json\/wp\/v2\/types\/post"}],"author":[{"embeddable":true,"href":"https:\/\/www.lasalsavive.org\/portale\/wp-json\/wp\/v2\/users\/1"}],"replies":[{"embeddable":true,"href":"https:\/\/www.lasalsavive.org\/portale\/wp-json\/wp\/v2\/comments?post=712"}],"version-history":[{"count":15,"href":"https:\/\/www.lasalsavive.org\/portale\/wp-json\/wp\/v2\/posts\/712\/revisions"}],"predecessor-version":[{"id":14870,"href":"https:\/\/www.lasalsavive.org\/portale\/wp-json\/wp\/v2\/posts\/712\/revisions\/14870"}],"wp:featuredmedia":[{"embeddable":true,"href":"https:\/\/www.lasalsavive.org\/portale\/wp-json\/wp\/v2\/media\/14855"}],"wp:attachment":[{"href":"https:\/\/www.lasalsavive.org\/portale\/wp-json\/wp\/v2\/media?parent=712"}],"wp:term":[{"taxonomy":"category","embeddable":true,"href":"https:\/\/www.lasalsavive.org\/portale\/wp-json\/wp\/v2\/categories?post=712"},{"taxonomy":"post_tag","embeddable":true,"href":"https:\/\/www.lasalsavive.org\/portale\/wp-json\/wp\/v2\/tags?post=712"}],"curies":[{"name":"wp","href":"https:\/\/api.w.org\/{rel}","templated":true}]}}