{"id":7161,"date":"2015-05-30T23:07:04","date_gmt":"2015-05-30T22:07:04","guid":{"rendered":"http:\/\/www.lasalsavive.org\/portale\/?p=7161"},"modified":"2026-06-03T17:26:18","modified_gmt":"2026-06-03T16:26:18","slug":"charlie-aponte-esce-il-nuovo-disco-una-nueva-historia","status":"publish","type":"post","link":"https:\/\/www.lasalsavive.org\/portale\/2015\/05\/30\/charlie-aponte-esce-il-nuovo-disco-una-nueva-historia\/","title":{"rendered":"Charlie Aponte, esce il nuovo disco &#8220;Una nueva historia&#8221;!"},"content":{"rendered":"<p>E&#8217; uscito il nuovo disco di <strong>Charlie Aponte<\/strong>, ex voce del <a href=\"https:\/\/www.lasalsavive.org\/portale\/2014\/12\/20\/charlie-aponte-lascia-il-gran-combo-di-puerto-rico\/\">Gran Combo di Puerto Rico<\/a>, che ha recentemente intrapreso una nuova carriera come solista.<br \/>Il disco si chiama &#8220;<strong>Una nueva historia<\/strong>&#8221; (una storia nuova) ed \u00e8 gi\u00e0 disponibile nei principali siti online in formato &#8220;solido&#8221; (cd) e &#8220;liquido&#8221; (mp3).<\/p>\n<figure id=\"attachment_7162\" aria-describedby=\"caption-attachment-7162\" style=\"width: 300px\" class=\"wp-caption aligncenter\"><img loading=\"lazy\" decoding=\"async\" class=\"size-medium wp-image-7162\" src=\"https:\/\/www.lasalsavive.org\/portale\/wp-content\/uploads\/2015\/05\/charlie-aponte-Una-nueva-historia-300x300.jpg\" alt=\"Charlie Aponte Una nueva historia\" width=\"300\" height=\"300\" srcset=\"https:\/\/www.lasalsavive.org\/portale\/wp-content\/uploads\/2015\/05\/charlie-aponte-Una-nueva-historia-300x300.jpg 300w, https:\/\/www.lasalsavive.org\/portale\/wp-content\/uploads\/2015\/05\/charlie-aponte-Una-nueva-historia-150x150.jpg 150w, https:\/\/www.lasalsavive.org\/portale\/wp-content\/uploads\/2015\/05\/charlie-aponte-Una-nueva-historia-400x400.jpg 400w, https:\/\/www.lasalsavive.org\/portale\/wp-content\/uploads\/2015\/05\/charlie-aponte-Una-nueva-historia-144x144.jpg 144w, https:\/\/www.lasalsavive.org\/portale\/wp-content\/uploads\/2015\/05\/charlie-aponte-Una-nueva-historia.jpg 500w\" sizes=\"auto, (max-width: 300px) 100vw, 300px\" \/><figcaption id=\"caption-attachment-7162\" class=\"wp-caption-text\">Charlie Aponte Una nueva historia<\/figcaption><\/figure>\n<p>E&#8217; il primo lavoro come solista di quello che \u00e8 un vero e proprio emblema della salsa di Puerto Rico e contiene le seguenti canzoni:<\/p>\n<p>1. As\u00ed es Puerto Rico<br \/>2. Para Festejar<br \/>3. Gracias Salsero<br \/>4. Buscar\u00e9<br \/>5. Cuando No est\u00e9s<br \/>6. Sabes Una Cosa<br \/>7. Sin Condici\u00f3n Alguna<br \/>8. Bonito<br \/>9. El Coraz\u00f3n No Mientes<br \/>10. Nuestro Amor una producci\u00f3n de Sergio George (RV *****)<\/p>\n<p>&nbsp;<\/p>\n\n\n<figure class=\"wp-block-embed is-type-video is-provider-youtube wp-block-embed-youtube wp-embed-aspect-4-3 wp-has-aspect-ratio\"><div class=\"wp-block-embed__wrapper\">\n<iframe loading=\"lazy\" title=\"As\u00ed Es Puerto Rico\" width=\"640\" height=\"480\" src=\"https:\/\/www.youtube.com\/embed\/mVOlm0tjZ2U?feature=oembed\" frameborder=\"0\" allow=\"accelerometer; autoplay; clipboard-write; encrypted-media; gyroscope; picture-in-picture; web-share\" referrerpolicy=\"strict-origin-when-cross-origin\" allowfullscreen><\/iframe>\n<\/div><\/figure>\n\n\n\n<p class=\"wp-block-paragraph\"><strong>Espa\u00f1ol<\/strong><\/p>\n\n\n\n<p class=\"wp-block-paragraph\">Ha salido el nuevo disco de&nbsp;<strong>Charlie Aponte<\/strong>, ex voz del&nbsp;<a rel=\"noreferrer noopener\" target=\"_blank\" href=\"https:\/\/www.lasalsavive.org\/portale\/2014\/12\/20\/charlie-aponte-lascia-il-gran-combo-di-puerto-rico\/\">Gran Combo de Puerto Rico<\/a>, quien recientemente ha iniciado una nueva carrera como solista.<br \/>El disco se llama&nbsp;<strong>\u201cUna nueva historia\u201d<\/strong>&nbsp;y ya est\u00e1 disponible en los principales portales en l\u00ednea tanto en formato f\u00edsico (CD) como digital (mp3).<\/p>\n\n\n\n<p class=\"wp-block-paragraph\">Es el primer trabajo como solista de quien es un verdadero emblema de la salsa de Puerto Rico y contiene las siguientes canciones:<\/p>\n\n\n\n<ol class=\"wp-block-list\">\n<li>As\u00ed es Puerto Rico<\/li>\n\n\n\n<li>Para Festejar<\/li>\n\n\n\n<li>Gracias Salsero<\/li>\n\n\n\n<li>Buscar\u00e9<\/li>\n\n\n\n<li>Cuando No Est\u00e9s<\/li>\n\n\n\n<li>Sabes Una Cosa<\/li>\n\n\n\n<li>Sin Condici\u00f3n Alguna<\/li>\n\n\n\n<li>Bonito<\/li>\n\n\n\n<li>El Coraz\u00f3n No Miente<\/li>\n\n\n\n<li>Nuestro Amor, una producci\u00f3n de Sergio George.<\/li>\n<\/ol>\n\n\n\n<p class=\"wp-block-paragraph\"><strong>English<\/strong><\/p>\n\n\n\n<p class=\"wp-block-paragraph\">The new album by Charlie Aponte, former vocalist of the Gran Combo of Puerto Rico, who recently embarked on a new solo career, has been released.<br \/>The album is titled &#8220;Una nueva historia&#8221; (A New Story) and is already available on major online sites in &#8220;solid&#8221; (CD) and &#8220;liquid&#8221; (MP3) formats.<\/p>\n\n\n\n<p class=\"wp-block-paragraph\">It is the first solo album by someone who is a true emblem of Puerto Rican salsa and contains the following songs:<\/p>\n\n\n\n<ol class=\"wp-block-list\">\n<li>As\u00ed es Puerto Rico<\/li>\n\n\n\n<li>Para Festejar<\/li>\n\n\n\n<li>Gracias Salsero<\/li>\n\n\n\n<li>Buscar\u00e9<\/li>\n\n\n\n<li>Cuando No Est\u00e9s<\/li>\n\n\n\n<li>Sabes Una Cosa<\/li>\n\n\n\n<li>Sin Condici\u00f3n Alguna<\/li>\n\n\n\n<li>Bonito<\/li>\n\n\n\n<li>El Coraz\u00f3n No Miente<\/li>\n\n\n\n<li>Nuestro Amor, una producci\u00f3n de Sergio George.<\/li>\n<\/ol>\n","protected":false},"excerpt":{"rendered":"<p>E&#8217; uscito il nuovo disco di Charlie Aponte, ex voce del Gran Combo di Puerto&#8230;<\/p>\n","protected":false},"author":1,"featured_media":7162,"comment_status":"open","ping_status":"open","sticky":false,"template":"","format":"standard","meta":{"footnotes":""},"categories":[427],"tags":[1228,1282,1283,544,1281],"class_list":["post-7161","post","type-post","status-publish","format-standard","has-post-thumbnail","hentry","category-news","tag-charlie-aponte","tag-el-gran-combo-de-puerto-rico","tag-nuevo-album-charlie-aponte-2015","tag-salsa","tag-una-nueva-historia"],"_links":{"self":[{"href":"https:\/\/www.lasalsavive.org\/portale\/wp-json\/wp\/v2\/posts\/7161","targetHints":{"allow":["GET"]}}],"collection":[{"href":"https:\/\/www.lasalsavive.org\/portale\/wp-json\/wp\/v2\/posts"}],"about":[{"href":"https:\/\/www.lasalsavive.org\/portale\/wp-json\/wp\/v2\/types\/post"}],"author":[{"embeddable":true,"href":"https:\/\/www.lasalsavive.org\/portale\/wp-json\/wp\/v2\/users\/1"}],"replies":[{"embeddable":true,"href":"https:\/\/www.lasalsavive.org\/portale\/wp-json\/wp\/v2\/comments?post=7161"}],"version-history":[{"count":8,"href":"https:\/\/www.lasalsavive.org\/portale\/wp-json\/wp\/v2\/posts\/7161\/revisions"}],"predecessor-version":[{"id":12860,"href":"https:\/\/www.lasalsavive.org\/portale\/wp-json\/wp\/v2\/posts\/7161\/revisions\/12860"}],"wp:featuredmedia":[{"embeddable":true,"href":"https:\/\/www.lasalsavive.org\/portale\/wp-json\/wp\/v2\/media\/7162"}],"wp:attachment":[{"href":"https:\/\/www.lasalsavive.org\/portale\/wp-json\/wp\/v2\/media?parent=7161"}],"wp:term":[{"taxonomy":"category","embeddable":true,"href":"https:\/\/www.lasalsavive.org\/portale\/wp-json\/wp\/v2\/categories?post=7161"},{"taxonomy":"post_tag","embeddable":true,"href":"https:\/\/www.lasalsavive.org\/portale\/wp-json\/wp\/v2\/tags?post=7161"}],"curies":[{"name":"wp","href":"https:\/\/api.w.org\/{rel}","templated":true}]}}