{"id":7176,"date":"2015-06-16T20:37:22","date_gmt":"2015-06-16T19:37:22","guid":{"rendered":"http:\/\/www.lasalsavive.org\/portale\/?p=7176"},"modified":"2026-01-11T17:42:37","modified_gmt":"2026-01-11T16:42:37","slug":"addio-a-hugo-blanco-compositore-di-moliendo-cafe","status":"publish","type":"post","link":"https:\/\/www.lasalsavive.org\/portale\/2015\/06\/16\/addio-a-hugo-blanco-compositore-di-moliendo-cafe\/","title":{"rendered":"Addio a Hugo Blanco, compositore di Moliendo Caf\u00e9"},"content":{"rendered":"\n<p class=\"wp-block-paragraph\">Il compositore venezuelano, <strong>Hugo Blanco<\/strong>, compositore di <strong>Moliendo Caf\u00e9<\/strong>, canzone resa famosa fra gli altri da <strong>Ray Perez<\/strong>, \u00e8 morto oggi a Caracas per cause ancora da specificare, anche se il musicista soffriva di cuore e di diabete.<br \/>La canzone &#8220;Moliendo Caf\u00e9&#8221;, una delle sue composizioni pi\u00f9 conosciute, fu lanciata il 19 dicembre del 1960.<\/p>\n\n\n\n<figure class=\"wp-block-embed is-type-video is-provider-youtube wp-block-embed-youtube wp-embed-aspect-4-3 wp-has-aspect-ratio\"><div class=\"wp-block-embed__wrapper\">\n<iframe loading=\"lazy\" title=\"HUGO BLANCO - MOLIENDO CAFE\" width=\"640\" height=\"480\" src=\"https:\/\/www.youtube.com\/embed\/bPSsx0EvWl0?feature=oembed\" frameborder=\"0\" allow=\"accelerometer; autoplay; clipboard-write; encrypted-media; gyroscope; picture-in-picture; web-share\" referrerpolicy=\"strict-origin-when-cross-origin\" allowfullscreen><\/iframe>\n<\/div><\/figure>\n\n\n\n<figure class=\"wp-block-embed is-type-video is-provider-youtube wp-block-embed-youtube wp-embed-aspect-16-9 wp-has-aspect-ratio\"><div class=\"wp-block-embed__wrapper\">\n<iframe loading=\"lazy\" title=\"Ray Perez &quot;Moliendo Cafe&quot; Salsafestival 2015\" width=\"640\" height=\"360\" src=\"https:\/\/www.youtube.com\/embed\/26cGhvRRZLA?feature=oembed\" frameborder=\"0\" allow=\"accelerometer; autoplay; clipboard-write; encrypted-media; gyroscope; picture-in-picture; web-share\" referrerpolicy=\"strict-origin-when-cross-origin\" allowfullscreen><\/iframe>\n<\/div><\/figure>\n\n\n\n<p class=\"wp-block-paragraph\">Fra le altre canzoni lanciate da questo autore ricordiamo &#8220;Mi burrito sabanero&#8221;.<\/p>\n\n\n\n<figure class=\"wp-block-embed is-type-video is-provider-youtube wp-block-embed-youtube wp-embed-aspect-16-9 wp-has-aspect-ratio\"><div class=\"wp-block-embed__wrapper\">\n<iframe loading=\"lazy\" title=\"Mi Burrito Sabanero. La rondallita\" width=\"640\" height=\"360\" src=\"https:\/\/www.youtube.com\/embed\/X8gfdm2wLJ4?feature=oembed\" frameborder=\"0\" allow=\"accelerometer; autoplay; clipboard-write; encrypted-media; gyroscope; picture-in-picture; web-share\" referrerpolicy=\"strict-origin-when-cross-origin\" allowfullscreen><\/iframe>\n<\/div><\/figure>\n\n\n\n<p class=\"wp-block-paragraph\">Tratto dalla pagina di:<br \/>Omar Lorenzo Joleanes Vizcain<\/p>\n\n\n<div class=\"wp-block-image size-medium wp-image-7177\">\n<figure class=\"aligncenter\"><img loading=\"lazy\" decoding=\"async\" width=\"300\" height=\"300\" src=\"http:\/\/www.lasalsavive.org\/portale\/wp-content\/uploads\/2015\/06\/moliendo_cafe_hugo_blanco-300x300.jpg\" alt=\"Moliendo Cafe Hugo Blanco\" class=\"wp-image-7177\" srcset=\"https:\/\/www.lasalsavive.org\/portale\/wp-content\/uploads\/2015\/06\/moliendo_cafe_hugo_blanco-300x300.jpg 300w, https:\/\/www.lasalsavive.org\/portale\/wp-content\/uploads\/2015\/06\/moliendo_cafe_hugo_blanco-150x150.jpg 150w, https:\/\/www.lasalsavive.org\/portale\/wp-content\/uploads\/2015\/06\/moliendo_cafe_hugo_blanco-144x144.jpg 144w, https:\/\/www.lasalsavive.org\/portale\/wp-content\/uploads\/2015\/06\/moliendo_cafe_hugo_blanco.jpg 343w\" sizes=\"auto, (max-width: 300px) 100vw, 300px\" \/><figcaption class=\"wp-element-caption\">Moliendo Cafe Hugo Blanco<\/figcaption><\/figure>\n<\/div>\n\n\n<p class=\"wp-block-paragraph\">El compositor venezolano Hugo Blanco, creador de la mundialmente famosa canci\u00f3n &#8220;Moliendo Caf\u00e9&#8221;, falleci\u00f3 hoy en Caracas a la edad de 74 a\u00f1os por razones que a\u00fan no se han especificado, aunque se sabe que el m\u00fasico era diab\u00e9tico y sufr\u00eda del coraz\u00f3n.<br \/>El tema &#8220;Moliendo Caf\u00e9&#8221;, una de sus composiciones m\u00e1s emblem\u00e1ticas, fue lanzada el 19 de diciembre de 1960. &#8220;Mi burrito sabanero&#8221; fue otro de los temas de su autor\u00eda.<\/p>\n\n\n\n<p class=\"wp-block-paragraph\"><strong>Redazione LaSalsaVive<\/strong><\/p>\n\n\n\n<h2 class=\"wp-block-heading\"><span><i class=\"fas fa-arrow-right\"><\/i><\/span>Biografia e Formazione Musicale <\/h2>\n\n\n\n<p class=\"wp-block-paragraph\">Hugo C\u00e9sar Blanco Manzo nacque il 25 settembre 1940 a Caracas. Fu un arpista, chitarrista, compositore, interprete e arrangiatore venezolano di grande talento. Nonostante una formazione musicale iniziale di soli due mesi, Blanco ebbe accesso al suo primo cuatro all&#8217;et\u00e0 di 15 anni, imparando a suonarlo ascoltando la radio e sviluppando un&#8217;orecchio musicale straordinario.<\/p>\n\n\n\n<p class=\"wp-block-paragraph\">Blanco cominci\u00f2 gli studi di Ingegneria Metallurgica presso l&#8217;Universidad Central de Venezuela, ma ben presto li abbandon\u00f2 per dedicarsi completamente alla musica e al sostentamento della famiglia.<\/p>\n\n\n\n<h2 class=\"wp-block-heading\"><span><i class=\"fas fa-arrow-right\"><\/i><\/span>Lo Stile Orqu\u00eddea e le Innovazioni Musicali <\/h2>\n\n\n\n<p class=\"wp-block-paragraph\">Blanco \u00e8 particolarmente noto per aver creato e reso popolare il &#8220;Ritmo Orqu\u00eddea&#8221;, un nuovo stile di musica venezuelana che rappresentava una fusione affascinante tra la musica cubana e il joropo tradizionale. Il nome &#8220;Orqu\u00eddea&#8221; era un omaggio al fiore nazionale del Venezuela. Questo genere divenne uno dei contributi pi\u00f9 significativi di Blanco alla musica popolare venezuelana.<\/p>\n\n\n\n<p class=\"wp-block-paragraph\">Fu inoltre il primo a incorporare come accompagnamento dell&#8217;arpa numerosi strumenti a percussione come la charrasca, il cencerro, i bong\u00f3 e la clave. Negli anni Sessanta, Blanco fu un pioniere nell&#8217;introduzione del sintetizzatore elettrico nella musica venezolana, e successivamente incorpor\u00f2 il basso elettrico come elemento ricco e innovativo nella musica criolla.<\/p>\n\n\n\n<h2 class=\"wp-block-heading\"><span><i class=\"fas fa-arrow-right\"><\/i><\/span>Composizioni e Successo Mondiale <\/h2>\n\n\n\n<p class=\"wp-block-paragraph\">&#8220;Moliendo Caf\u00e9&#8221; \u00e8 stata composta il 19 dicembre 1960, diventando una delle canzoni venezuelane pi\u00f9 riconosciute nel mondo. La canzone fu successivamente interpretata da numerosi artisti di fama mondiale: Mina la rese popolare in Italia nel 1961, salendo al numero 1 delle classifiche italiane, mentre Lucho Gatica la rese famosa in Messico e Cile. Nel corso dei decenni, il brano \u00e8 stato registrato in numerose lingue e versioni.<\/p>\n\n\n\n<figure class=\"wp-block-embed is-type-video is-provider-youtube wp-block-embed-youtube wp-embed-aspect-16-9 wp-has-aspect-ratio\"><div class=\"wp-block-embed__wrapper\">\n<iframe loading=\"lazy\" title=\"Mina - Moliendo caf\u00e9\" width=\"640\" height=\"360\" src=\"https:\/\/www.youtube.com\/embed\/SIyVZ0-w8u8?feature=oembed\" frameborder=\"0\" allow=\"accelerometer; autoplay; clipboard-write; encrypted-media; gyroscope; picture-in-picture; web-share\" referrerpolicy=\"strict-origin-when-cross-origin\" allowfullscreen><\/iframe>\n<\/div><\/figure>\n\n\n\n<p class=\"wp-block-paragraph\">Altre composizioni importanti di Hugo Blanco includono &#8220;El Burrito de Bel\u00e9n&#8221; (anche nota come &#8220;El Burrito Sabanero&#8221;), &#8220;Agua Fresca&#8221;, &#8220;Leche Condensada&#8221;, &#8220;Luces de Caracas&#8221;, &#8220;Sierra Nevada&#8221;, &#8220;Ma\u00f1anita Zuliana&#8221;. La canzone &#8220;Luces de Caracas&#8221; fu successivamente scelta come tema musicale della telenovela &#8220;Me llamo Juli\u00e1n Tequiero&#8221;.<\/p>\n\n\n\n<h2 class=\"wp-block-heading\"><span><i class=\"fas fa-arrow-right\"><\/i><\/span>Collaborazioni e Progetti di Gruppo <\/h2>\n\n\n\n<p class=\"wp-block-paragraph\">Negli anni Sessanta, Blanco compose molte &#8220;gaitas&#8221; insieme al celebre Sim\u00f3n D\u00edaz, creando il genere noto come &#8220;Gaitas de las Locas&#8221; che godette di grande popolarit\u00e0. Fond\u00f2 anche &#8220;Las Cuatro Monedas&#8221;, considerato il primo gruppo ska venezuelano, rappresentando un&#8217;importanza sperimentazione musicale.<\/p>\n\n\n\n<p class=\"wp-block-paragraph\">Successivamente, a cavallo tra gli anni Settanta e Ottanta, Blanco cre\u00f2 il gruppo &#8220;Los Hijos de \u00f1a Carmen&#8221;, attraverso il quale esport\u00f2 la sua musica in tutto il mondo, raggiungendo successo straordinario in Europa, negli Stati Uniti e persino in Giappone.<\/p>\n\n\n\n<p class=\"wp-block-paragraph\">Fu inoltre il principale artefice della diffusione di &#8220;Moliendo Caf\u00e9&#8221; attraverso la collaborazione con &#8220;La Rondallita&#8221;, un gruppo composto da bambini appartenenti al Coro di Ni\u00f1os de Venezuela, con la voce del giovane solista Ricardo Cuenci. Questo progetto ebbe un successo cos\u00ec grande che &#8220;La Rondallita&#8221; fu invitata in Puerto Rico per registrare due album aggiuntivi.<\/p>\n\n\n\n<h2 class=\"wp-block-heading\"><span><i class=\"fas fa-arrow-right\"><\/i><\/span>La Controversia sulla Paternit\u00e0 di &#8220;Moliendo Caf\u00e9&#8221; <\/h2>\n\n\n\n<p class=\"wp-block-paragraph\">Esiste una questione riguardante la vera paternit\u00e0 di &#8220;Moliendo Caf\u00e9&#8221;. Secondo alcune fonti, la canzone fu composta nel 1958 quando Blanco aveva 17 anni. Poich\u00e9 non era maggiorenne, chiese a suo zio Jos\u00e9 Manzo Perroni di registrare il brano presso la Sociedad de Autores y Compositores de Venezuela (SACVEN). In seguito, Perroni intent\u00f2 una causa contro Blanco, affermando di essere l&#8217;autore della melodia e accusando il nipote di aver appropriato indebitamente il lavoro. Nel 1961, Perroni firm\u00f2 un contratto con la Morro Music di New York nel quale risultava come autore della musica e della parola, sebbene Blanco fosse presente come testimone. La controversia sulla paternit\u00e0 del brano non \u00e8 stata mai completamente risolta, ma &#8220;Moliendo Caf\u00e9&#8221; rimane uno dei maggiori contributi della musica popolare venezuelana al patrimonio musicale mondiale.<\/p>\n\n\n\n<h3 class=\"wp-block-heading\"><span><i class=\"fas fa-arrow-right\"><\/i><\/span>Espa\u00f1ol <\/h3>\n\n\n\n<p class=\"wp-block-paragraph\"><strong>Redacci\u00f3n LaSalsaVive<\/strong><\/p>\n\n\n\n<h2 class=\"wp-block-heading\"><span><i class=\"fas fa-arrow-right\"><\/i><\/span>Biograf\u00eda y Formaci\u00f3n Musical <\/h2>\n\n\n\n<p class=\"wp-block-paragraph\"><strong>Hugo C\u00e9sar Blanco Manzo<\/strong> naci\u00f3 el 25 de septiembre de 1940 en Caracas. Fue un arpista, guitarrista, compositor, int\u00e9rprete y arreglista venezolano de gran talento. A pesar de una formaci\u00f3n musical inicial de solo dos meses, Blanco obtuvo acceso a su primer cuatro a los 15 a\u00f1os, aprendi\u00e9ndolo a trav\u00e9s de la radio y desarrollando un o\u00eddo musical extraordinario.<\/p>\n\n\n\n<p class=\"wp-block-paragraph\">Blanco comenz\u00f3 sus estudios de Ingenier\u00eda Metal\u00fargica en la Universidad Central de Venezuela, pero pronto los abandon\u00f3 para dedicarse completamente a la m\u00fasica y al sustento de su familia.<\/p>\n\n\n\n<h2 class=\"wp-block-heading\"><span><i class=\"fas fa-arrow-right\"><\/i><\/span>El Estilo Orqu\u00eddea y las Innovaciones Musicales <\/h2>\n\n\n\n<p class=\"wp-block-paragraph\">Blanco es particularmente conocido por crear y popularizar el &#8220;Ritmo Orqu\u00eddea&#8221;, un nuevo estilo de m\u00fasica venezolana que representaba una fusi\u00f3n fascinante entre la m\u00fasica cubana y el joropo tradicional. El nombre &#8220;Orqu\u00eddea&#8221; era un homenaje a la flor nacional de Venezuela. Este g\u00e9nero se convirti\u00f3 en una de las contribuciones m\u00e1s significativas de Blanco a la m\u00fasica popular venezolana.<\/p>\n\n\n\n<p class=\"wp-block-paragraph\">Adem\u00e1s, fue el primero en incorporar como acompa\u00f1amiento del arpa numerosos instrumentos de percusi\u00f3n como la charrasca, el cencerro, los bong\u00f3es y las claves. En los a\u00f1os sesenta, Blanco fue un pionero en la introducci\u00f3n del sintetizador el\u00e9ctrico en la m\u00fasica venezolana, e posteriormente incorpor\u00f3 el bajo el\u00e9ctrico como elemento rico e innovador en la m\u00fasica criolla.<\/p>\n\n\n\n<h2 class=\"wp-block-heading\"><span><i class=\"fas fa-arrow-right\"><\/i><\/span>Composiciones y \u00c9xito Mundial <\/h2>\n\n\n\n<p class=\"wp-block-paragraph\">&#8220;Moliendo Caf\u00e9&#8221; fue compuesta el 19 de diciembre de 1960, convert\u00e9ndose en una de las canciones venezolanas m\u00e1s reconocidas en el mundo. La canci\u00f3n fue posteriormente interpretada por numerosos artistas de fama mundial: Mina la populariz\u00f3 en Italia en 1961, llegando al n\u00famero 1 de las listas italianas, mientras que Lucho Gatica la populariz\u00f3 en M\u00e9xico y Chile. A lo largo de los a\u00f1os, la canci\u00f3n ha sido grabada en numerosos idiomas y versiones.<\/p>\n\n\n\n<figure class=\"wp-block-embed is-type-video is-provider-youtube wp-block-embed-youtube wp-embed-aspect-16-9 wp-has-aspect-ratio\"><div class=\"wp-block-embed__wrapper\">\n<iframe loading=\"lazy\" title=\"Mina - Moliendo caf\u00e9\" width=\"640\" height=\"360\" src=\"https:\/\/www.youtube.com\/embed\/SIyVZ0-w8u8?feature=oembed\" frameborder=\"0\" allow=\"accelerometer; autoplay; clipboard-write; encrypted-media; gyroscope; picture-in-picture; web-share\" referrerpolicy=\"strict-origin-when-cross-origin\" allowfullscreen><\/iframe>\n<\/div><\/figure>\n\n\n\n<p class=\"wp-block-paragraph\">Otras composiciones importantes de Hugo Blanco incluyen &#8220;El Burrito de Bel\u00e9n&#8221; (tambi\u00e9n conocida como &#8220;El Burrito Sabanero&#8221;), &#8220;Agua Fresca&#8221;, &#8220;Leche Condensada&#8221;, &#8220;Luces de Caracas&#8221;, &#8220;Sierra Nevada&#8221;, &#8220;Ma\u00f1anita Zuliana&#8221;. La canci\u00f3n &#8220;Luces de Caracas&#8221; fue posteriormente elegida como tema musical de la telenovela &#8220;Me llamo Juli\u00e1n Tequiero&#8221;.<\/p>\n\n\n\n<h2 class=\"wp-block-heading\"><span><i class=\"fas fa-arrow-right\"><\/i><\/span>Colaboraciones y Proyectos de Grupo <\/h2>\n\n\n\n<p class=\"wp-block-paragraph\">En los a\u00f1os sesenta, Blanco compuso muchas &#8220;gaitas&#8221; junto al celebre Sim\u00f3n D\u00edaz, creando el g\u00e9nero conocido como &#8220;Gaitas de las Locas&#8221; que goz\u00f3 de gran popularidad. Tambi\u00e9n fund\u00f3 &#8220;Las Cuatro Monedas&#8221;, considerado el primer grupo ska venezolano, representando una importante experimentaci\u00f3n musical.<\/p>\n\n\n\n<p class=\"wp-block-paragraph\">Posteriormente, entre los a\u00f1os setenta y ochenta, Blanco cre\u00f3 el grupo &#8220;Los Hijos de \u00f1a Carmen&#8221;, a trav\u00e9s del cual export\u00f3 su m\u00fasica a todo el mundo, alcanzando \u00e9xito extraordinario en Europa, Estados Unidos e incluso en Jap\u00f3n.<\/p>\n\n\n\n<p class=\"wp-block-paragraph\">Adem\u00e1s, fue el principal art\u00edfice de la difusi\u00f3n de &#8220;Moliendo Caf\u00e9&#8221; a trav\u00e9s de la colaboraci\u00f3n con &#8220;La Rondallita&#8221;, un grupo compuesto por ni\u00f1os pertenecientes al Coro de Ni\u00f1os de Venezuela, con la voz del joven solista Ricardo Cuenci. Este proyecto tuvo un \u00e9xito tan grande que &#8220;La Rondallita&#8221; fue invitada a Puerto Rico para grabar dos \u00e1lbumes adicionales.<\/p>\n\n\n\n<h2 class=\"wp-block-heading\"><span><i class=\"fas fa-arrow-right\"><\/i><\/span>La Controversia sobre la Paternidad de &#8220;Moliendo Caf\u00e9&#8221; <\/h2>\n\n\n\n<p class=\"wp-block-paragraph\">Existe una cuesti\u00f3n sobre la verdadera paternidad de &#8220;Moliendo Caf\u00e9&#8221;. Seg\u00fan algunas fuentes, la canci\u00f3n fue compuesta en 1958 cuando Blanco ten\u00eda 17 a\u00f1os. Como no era mayor de edad, pidi\u00f3 a su t\u00edo Jos\u00e9 Manzo Perroni que registrara la canci\u00f3n en la Sociedad de Autores y Compositores de Venezuela (SACVEN). Posteriormente, Perroni demand\u00f3 a Blanco, afirmando ser el autor de la melod\u00eda y acusando a su sobrino de haber apropiado indebidamente la obra. En 1961, Perroni firm\u00f3 un contrato con Morro Music de Nueva York en el cual aparec\u00eda como autor de la m\u00fasica y la letra, aunque Blanco estuviera presente como testigo. La controversia sobre la paternidad de la canci\u00f3n nunca se ha resuelto completamente, pero &#8220;Moliendo Caf\u00e9&#8221; sigue siendo una de las mayores contribuciones de la m\u00fasica popular venezolana al patrimonio musical mundial.<\/p>\n","protected":false},"excerpt":{"rendered":"<p>Il compositore venezuelano, Hugo Blanco, compositore di Moliendo Caf\u00e9, canzone resa famosa fra gli altri&#8230;<\/p>\n","protected":false},"author":1,"featured_media":7177,"comment_status":"open","ping_status":"open","sticky":false,"template":"","format":"standard","meta":{"footnotes":""},"categories":[427],"tags":[1287,1288,1289],"class_list":["post-7176","post","type-post","status-publish","format-standard","has-post-thumbnail","hentry","category-news","tag-hugo-blanco","tag-mi-burrito-sabanero","tag-moliendo-cafe"],"_links":{"self":[{"href":"https:\/\/www.lasalsavive.org\/portale\/wp-json\/wp\/v2\/posts\/7176","targetHints":{"allow":["GET"]}}],"collection":[{"href":"https:\/\/www.lasalsavive.org\/portale\/wp-json\/wp\/v2\/posts"}],"about":[{"href":"https:\/\/www.lasalsavive.org\/portale\/wp-json\/wp\/v2\/types\/post"}],"author":[{"embeddable":true,"href":"https:\/\/www.lasalsavive.org\/portale\/wp-json\/wp\/v2\/users\/1"}],"replies":[{"embeddable":true,"href":"https:\/\/www.lasalsavive.org\/portale\/wp-json\/wp\/v2\/comments?post=7176"}],"version-history":[{"count":6,"href":"https:\/\/www.lasalsavive.org\/portale\/wp-json\/wp\/v2\/posts\/7176\/revisions"}],"predecessor-version":[{"id":11562,"href":"https:\/\/www.lasalsavive.org\/portale\/wp-json\/wp\/v2\/posts\/7176\/revisions\/11562"}],"wp:featuredmedia":[{"embeddable":true,"href":"https:\/\/www.lasalsavive.org\/portale\/wp-json\/wp\/v2\/media\/7177"}],"wp:attachment":[{"href":"https:\/\/www.lasalsavive.org\/portale\/wp-json\/wp\/v2\/media?parent=7176"}],"wp:term":[{"taxonomy":"category","embeddable":true,"href":"https:\/\/www.lasalsavive.org\/portale\/wp-json\/wp\/v2\/categories?post=7176"},{"taxonomy":"post_tag","embeddable":true,"href":"https:\/\/www.lasalsavive.org\/portale\/wp-json\/wp\/v2\/tags?post=7176"}],"curies":[{"name":"wp","href":"https:\/\/api.w.org\/{rel}","templated":true}]}}