{"id":723,"date":"2026-08-29T18:02:49","date_gmt":"2026-08-29T17:02:49","guid":{"rendered":"http:\/\/www.lasalsavive.org\/portale\/?p=723"},"modified":"2026-08-29T18:04:11","modified_gmt":"2026-08-29T17:04:11","slug":"4-febbraio-2008-scompare-tata-guines-el-rey-del-tambor","status":"publish","type":"post","link":"https:\/\/www.lasalsavive.org\/portale\/2026\/08\/29\/4-febbraio-2008-scompare-tata-guines-el-rey-del-tambor\/","title":{"rendered":"4 Febbraio 2008: scompare Tata G\u00fcines, el &#8216;Rey del Tambor&#8217;"},"content":{"rendered":"\n<figure class=\"wp-block-image size-large is-resized\"><img loading=\"lazy\" decoding=\"async\" width=\"1024\" height=\"389\" src=\"https:\/\/www.lasalsavive.org\/portale\/wp-content\/uploads\/2026\/08\/LaSalsaVive_presenta_logo_per_articoli-1024x389.png\" alt=\"\" class=\"wp-image-14371\" style=\"aspect-ratio:2.5;width:400px;height:auto\" srcset=\"https:\/\/www.lasalsavive.org\/portale\/wp-content\/uploads\/2026\/08\/LaSalsaVive_presenta_logo_per_articoli-1024x389.png 1024w, https:\/\/www.lasalsavive.org\/portale\/wp-content\/uploads\/2026\/08\/LaSalsaVive_presenta_logo_per_articoli-300x114.png 300w, https:\/\/www.lasalsavive.org\/portale\/wp-content\/uploads\/2026\/08\/LaSalsaVive_presenta_logo_per_articoli-768x292.png 768w, https:\/\/www.lasalsavive.org\/portale\/wp-content\/uploads\/2026\/08\/LaSalsaVive_presenta_logo_per_articoli-1536x583.png 1536w, https:\/\/www.lasalsavive.org\/portale\/wp-content\/uploads\/2026\/08\/LaSalsaVive_presenta_logo_per_articoli.png 2035w\" sizes=\"auto, (max-width: 1024px) 100vw, 1024px\" \/><\/figure>\n\n\n\n<figure class=\"wp-block-image size-full\"><img loading=\"lazy\" decoding=\"async\" width=\"340\" height=\"255\" src=\"https:\/\/www.lasalsavive.org\/portale\/wp-content\/uploads\/2026\/08\/tata_guines2.jpg\" alt=\"\" class=\"wp-image-14790\" srcset=\"https:\/\/www.lasalsavive.org\/portale\/wp-content\/uploads\/2026\/08\/tata_guines2.jpg 340w, https:\/\/www.lasalsavive.org\/portale\/wp-content\/uploads\/2026\/08\/tata_guines2-300x225.jpg 300w\" sizes=\"auto, (max-width: 340px) 100vw, 340px\" \/><\/figure>\n\n\n\n<p class=\"wp-block-paragraph\">LA HABANA (AFP) \u2014 <strong>Tata G\u00fcines<\/strong>, uno dei pi\u00f9 grandi percussionisti cubani, chiamato el <strong>&#8216;Rey del Tambor&#8217;<\/strong>, \u00e8 scomparso luned\u00ec 4 Febbraio a La Habana (Cuba) a 77 anni, dopo aver vissuto una vita bohemienne ed aver trionfato a New York.<\/p>\n\n\n\n<p class=\"wp-block-paragraph\">Tata G\u00fcines \u00e8 morto alle prime luci dell&#8217;alba dopo essere stato ricoverato all&#8217;ospedale per una decina di giorni per &#8220;problemi renali e pressione alta&#8221;, secondo quanto affermato all&#8217;AFP dalla fonte, vicina alla famiglia. Il decesso \u00e8 stato confermato dalla televisione locale.<\/p>\n\n\n\n<figure class=\"wp-block-embed is-type-video is-provider-youtube wp-block-embed-youtube wp-embed-aspect-4-3 wp-has-aspect-ratio\"><div class=\"wp-block-embed__wrapper\">\n<iframe loading=\"lazy\" title=\"Tata G\u00fcines Manteca\" width=\"640\" height=\"480\" src=\"https:\/\/www.youtube.com\/embed\/8VWRgEKij2s?feature=oembed\" frameborder=\"0\" allow=\"accelerometer; autoplay; clipboard-write; encrypted-media; gyroscope; picture-in-picture; web-share\" referrerpolicy=\"strict-origin-when-cross-origin\" allowfullscreen><\/iframe>\n<\/div><\/figure>\n\n\n\n<p class=\"wp-block-paragraph\">\n<strong>Tata G\u00fcines Manteca<\/strong><\/p>\n\n\n\n<p class=\"wp-block-paragraph\"><strong>Ar\u00edstides Soto Alejo<\/strong> nacque il 30 giugno del 1930 nel quartiere di G\u00fcines (50 chilometri a sudest de La Habana), in una famiglia povera, di credenti in riti africani, presso la quale si formarono l&#8217;amore e la passione per i tambores ed il soprannome di Tata, che venne completato dal nome del suo quartiere.<\/p>\n\n\n\n<p class=\"wp-block-paragraph\">Gi\u00e0 premio nazionale della musica nel 2006, diploma al merito artistico dell&#8217;Instituto Superiore di Arte (ISA) de La Habana, mentre il suo nome artistico fu adottato da una marca di tambor della fabbrica di strumenti musicali di Cuba.<\/p>\n\n\n\n<figure class=\"wp-block-image size-full\"><img loading=\"lazy\" decoding=\"async\" width=\"288\" height=\"432\" src=\"https:\/\/www.lasalsavive.org\/portale\/wp-content\/uploads\/2026\/08\/tata_guines.jpg\" alt=\"\" class=\"wp-image-14792\" srcset=\"https:\/\/www.lasalsavive.org\/portale\/wp-content\/uploads\/2026\/08\/tata_guines.jpg 288w, https:\/\/www.lasalsavive.org\/portale\/wp-content\/uploads\/2026\/08\/tata_guines-200x300.jpg 200w\" sizes=\"auto, (max-width: 288px) 100vw, 288px\" \/><\/figure>\n\n\n\n<p class=\"wp-block-paragraph\"><strong>Foto tratta da www.herencialatina.com<\/strong><\/p>\n\n\n\n<p class=\"wp-block-paragraph\">Partecip\u00f2 a tre dischi che vinsero il premio Grammy: <span class=\"arancio\">&#8216;L\u00e1grimas negras&#8217; (2004)<\/span>, <span class=\"arancio\">&#8216;La rumba soy yo&#8217; (2000)<\/span> e <span class=\"arancio\">&#8216;Cuban Odyssey&#8217; (2003)<\/span>.<\/p>\n\n\n\n<p class=\"wp-block-paragraph\">Negli anni 50, quando conobbe <strong>Chano Pozo<\/strong>, (raccont\u00f2 successivamente), suonava in qualsiasi locale e dormiva laddove lo sorprendeva la notte, dopo aver suonato in bar e club de La Habana di allora.<\/p>\n\n\n\n<figure class=\"wp-block-embed is-type-video is-provider-youtube wp-block-embed-youtube wp-embed-aspect-4-3 wp-has-aspect-ratio\"><div class=\"wp-block-embed__wrapper\">\n<iframe loading=\"lazy\" title=\"La casa de Tata G\u00fcines. Parte 01\" width=\"640\" height=\"480\" src=\"https:\/\/www.youtube.com\/embed\/NGYi69d1U40?feature=oembed\" frameborder=\"0\" allow=\"accelerometer; autoplay; clipboard-write; encrypted-media; gyroscope; picture-in-picture; web-share\" referrerpolicy=\"strict-origin-when-cross-origin\" allowfullscreen><\/iframe>\n<\/div><\/figure>\n\n\n\n<p class=\"wp-block-paragraph\"> <strong>La casa de Tata G\u00fcines. Parte 01<\/strong><\/p>\n\n\n\n<figure class=\"wp-block-embed is-type-video is-provider-youtube wp-block-embed-youtube wp-embed-aspect-4-3 wp-has-aspect-ratio\"><div class=\"wp-block-embed__wrapper\">\n<iframe loading=\"lazy\" title=\"La casa de Tata G\u00fcines. Parte 02\" width=\"640\" height=\"480\" src=\"https:\/\/www.youtube.com\/embed\/MeVrnyx7qgw?feature=oembed\" frameborder=\"0\" allow=\"accelerometer; autoplay; clipboard-write; encrypted-media; gyroscope; picture-in-picture; web-share\" referrerpolicy=\"strict-origin-when-cross-origin\" allowfullscreen><\/iframe>\n<\/div><\/figure>\n\n\n\n<p class=\"wp-block-paragraph\"><strong>La casa de Tata G\u00fcines. Parte 02<\/strong><\/p>\n\n\n\n<p class=\"wp-block-paragraph\">Nel 1957 viaggi\u00f2 per due anni a New York dove lavor\u00f2 con <strong>Dizzy Gillespie<\/strong> presso l&#8217; hotel Waldorf Astoria, uno dei pi\u00f9 prestigiosi della citt\u00e0 statunitense.<\/p>\n\n\n\n<p class=\"wp-block-paragraph\">Torn\u00f2 a Cuba nel 1959, poco dopo il trionfo della rivoluzione di Fidel Castro, dove si un\u00ec al gruppo di jazz di <strong>Frank Emilio<\/strong>, per poi formare la sua orchestra.<\/p>\n\n\n\n<p class=\"wp-block-paragraph\">Che riposi in pace.<\/p>\n\n\n\n<h3 class=\"wp-block-heading\"><span><i class=\"fas fa-arrow-right\"><\/i><\/span>Espa\u00f1ol <\/h3>\n\n\n\n<h1 class=\"wp-block-heading\"><span><i class=\"fas fa-arrow-right\"><\/i><\/span>Muere el cubano Tata G\u00fcines, el &#8216;Rey del Tambor&#8217; <\/h1>\n\n\n\n<figure class=\"wp-block-image size-full\"><img loading=\"lazy\" decoding=\"async\" width=\"340\" height=\"255\" src=\"https:\/\/www.lasalsavive.org\/portale\/wp-content\/uploads\/2026\/08\/tata_guines2.jpg\" alt=\"\" class=\"wp-image-14790\" srcset=\"https:\/\/www.lasalsavive.org\/portale\/wp-content\/uploads\/2026\/08\/tata_guines2.jpg 340w, https:\/\/www.lasalsavive.org\/portale\/wp-content\/uploads\/2026\/08\/tata_guines2-300x225.jpg 300w\" sizes=\"auto, (max-width: 340px) 100vw, 340px\" \/><\/figure>\n\n\n\n<p class=\"wp-block-paragraph\">LA HABANA (AFP) \u2014 Tata G\u00fcines, uno de los m\u00e1s grandes percusionistas de Cuba, llamado el &#8216;Rey del Tambor&#8217;, falleci\u00f3 este lunes en La Habana a los 77 a\u00f1os, despu\u00e9s de haber vivido una vida bohemia y de haber triunfado en Nueva York, informaron fuentes cercanas al m\u00fasico.<\/p>\n\n\n\n<p class=\"wp-block-paragraph\">Tata G\u00fcines muri\u00f3 en horas de la madrugada tras permanecer hospitalizado durante unos diez d\u00edas &#8220;por problemas renales y presi\u00f3n alta&#8221;, precis\u00f3 a AFP la fuente, cercana a la familia. El deceso tambi\u00e9n fue confirmado por la televisi\u00f3n local.<\/p>\n\n\n\n<figure class=\"wp-block-embed is-type-video is-provider-youtube wp-block-embed-youtube wp-embed-aspect-4-3 wp-has-aspect-ratio\"><div class=\"wp-block-embed__wrapper\">\n<iframe loading=\"lazy\" title=\"Tata G\u00fcines Manteca\" width=\"640\" height=\"480\" src=\"https:\/\/www.youtube.com\/embed\/8VWRgEKij2s?feature=oembed\" frameborder=\"0\" allow=\"accelerometer; autoplay; clipboard-write; encrypted-media; gyroscope; picture-in-picture; web-share\" referrerpolicy=\"strict-origin-when-cross-origin\" allowfullscreen><\/iframe>\n<\/div><\/figure>\n\n\n\n<p class=\"wp-block-paragraph\">Ar\u00edstides Soto Alejo naci\u00f3 el 30 de junio de 1930 en el poblado de G\u00fcines (50 kilom\u00e9tros al sudeste de La Habana), en un hogar pobre de creyentes en ritos de africanos, de donde provinieron su amor por los tambores y el apelativo de Tata, completado con el nombre de su pueblo.<\/p>\n\n\n\n<p class=\"wp-block-paragraph\">Premio Nacional de la M\u00fasica en 2006, Diploma al M\u00e9rito Art\u00edstico del Instituto Superior de Arte (ISA) de La Habana, su nombre art\u00edstico fue adoptado por una marca de tambor de la f\u00e1brica de instrumentos musicales de Cuba.<\/p>\n\n\n\n<figure class=\"wp-block-image size-full\"><img loading=\"lazy\" decoding=\"async\" width=\"288\" height=\"432\" src=\"https:\/\/www.lasalsavive.org\/portale\/wp-content\/uploads\/2026\/08\/tata_guines.jpg\" alt=\"\" class=\"wp-image-14792\" srcset=\"https:\/\/www.lasalsavive.org\/portale\/wp-content\/uploads\/2026\/08\/tata_guines.jpg 288w, https:\/\/www.lasalsavive.org\/portale\/wp-content\/uploads\/2026\/08\/tata_guines-200x300.jpg 200w\" sizes=\"auto, (max-width: 288px) 100vw, 288px\" \/><\/figure>\n\n\n\n<p class=\"wp-block-paragraph\">Particip\u00f3 en tres discos que ganaron Premios Grammy: &#8216;L\u00e1grimas negras&#8217; (2004), &#8216;La rumba soy yo&#8217; (2000) y &#8216;Cuban Odyssey&#8217; (2003).<\/p>\n\n\n\n<p class=\"wp-block-paragraph\">En los a\u00f1os 50, cuando conoci\u00f3 a Chano Pozo, cont\u00f3 despu\u00e9s, tocaba en cualquier lugar y dorm\u00eda donde lo sorprendiera la noche, tras actuar en bares y cabar\u00e9s de La Habana de entonces.<\/p>\n\n\n\n<figure class=\"wp-block-embed is-type-video is-provider-youtube wp-block-embed-youtube wp-embed-aspect-4-3 wp-has-aspect-ratio\"><div class=\"wp-block-embed__wrapper\">\n<iframe loading=\"lazy\" title=\"La casa de Tata G\u00fcines. Parte 01\" width=\"640\" height=\"480\" src=\"https:\/\/www.youtube.com\/embed\/NGYi69d1U40?feature=oembed\" frameborder=\"0\" allow=\"accelerometer; autoplay; clipboard-write; encrypted-media; gyroscope; picture-in-picture; web-share\" referrerpolicy=\"strict-origin-when-cross-origin\" allowfullscreen><\/iframe>\n<\/div><\/figure>\n\n\n\n<figure class=\"wp-block-embed is-type-video is-provider-youtube wp-block-embed-youtube wp-embed-aspect-4-3 wp-has-aspect-ratio\"><div class=\"wp-block-embed__wrapper\">\n<iframe loading=\"lazy\" title=\"La casa de Tata G\u00fcines. Parte 02\" width=\"640\" height=\"480\" src=\"https:\/\/www.youtube.com\/embed\/MeVrnyx7qgw?feature=oembed\" frameborder=\"0\" allow=\"accelerometer; autoplay; clipboard-write; encrypted-media; gyroscope; picture-in-picture; web-share\" referrerpolicy=\"strict-origin-when-cross-origin\" allowfullscreen><\/iframe>\n<\/div><\/figure>\n\n\n\n<p class=\"wp-block-paragraph\">En 1957 viaj\u00f3 por dos a\u00f1os a Nueva York. Trabaj\u00f3 all\u00ed con Dizzy Gillespie en el hotel Waldorf Astoria, uno de los m\u00e1s prestigiosos de aquella ciudad estadounidense.<\/p>\n\n\n\n<p class=\"wp-block-paragraph\">Regres\u00f3 a Cuba en 1959, poco despu\u00e9s del triunfo de la revoluci\u00f3n de Fidel Castro, donde se uni\u00f3 al grupo de jazz de Frank Emilio, para despu\u00e9s formar su propia orquesta.<\/p>\n\n\n\n<p class=\"wp-block-paragraph\">Fuente AFP<\/p>\n","protected":false},"excerpt":{"rendered":"<p>LA HABANA (AFP) \u2014 Tata G\u00fcines, uno dei pi\u00f9 grandi percussionisti cubani, chiamato el &#8216;Rey&#8230;<\/p>\n","protected":false},"author":1,"featured_media":14790,"comment_status":"open","ping_status":"open","sticky":false,"template":"","format":"standard","meta":{"footnotes":""},"categories":[4],"tags":[490,251,491,426],"class_list":["post-723","post","type-post","status-publish","format-standard","has-post-thumbnail","hentry","category-biografie","tag-aristides-soto-alejo","tag-dizzy-gillespie","tag-frank-emilio","tag-tata-guines"],"_links":{"self":[{"href":"https:\/\/www.lasalsavive.org\/portale\/wp-json\/wp\/v2\/posts\/723","targetHints":{"allow":["GET"]}}],"collection":[{"href":"https:\/\/www.lasalsavive.org\/portale\/wp-json\/wp\/v2\/posts"}],"about":[{"href":"https:\/\/www.lasalsavive.org\/portale\/wp-json\/wp\/v2\/types\/post"}],"author":[{"embeddable":true,"href":"https:\/\/www.lasalsavive.org\/portale\/wp-json\/wp\/v2\/users\/1"}],"replies":[{"embeddable":true,"href":"https:\/\/www.lasalsavive.org\/portale\/wp-json\/wp\/v2\/comments?post=723"}],"version-history":[{"count":13,"href":"https:\/\/www.lasalsavive.org\/portale\/wp-json\/wp\/v2\/posts\/723\/revisions"}],"predecessor-version":[{"id":14800,"href":"https:\/\/www.lasalsavive.org\/portale\/wp-json\/wp\/v2\/posts\/723\/revisions\/14800"}],"wp:featuredmedia":[{"embeddable":true,"href":"https:\/\/www.lasalsavive.org\/portale\/wp-json\/wp\/v2\/media\/14790"}],"wp:attachment":[{"href":"https:\/\/www.lasalsavive.org\/portale\/wp-json\/wp\/v2\/media?parent=723"}],"wp:term":[{"taxonomy":"category","embeddable":true,"href":"https:\/\/www.lasalsavive.org\/portale\/wp-json\/wp\/v2\/categories?post=723"},{"taxonomy":"post_tag","embeddable":true,"href":"https:\/\/www.lasalsavive.org\/portale\/wp-json\/wp\/v2\/tags?post=723"}],"curies":[{"name":"wp","href":"https:\/\/api.w.org\/{rel}","templated":true}]}}