{"id":730,"date":"2026-08-26T09:04:32","date_gmt":"2026-08-26T08:04:32","guid":{"rendered":"http:\/\/www.lasalsavive.org\/portale\/?p=730"},"modified":"2026-08-26T09:04:33","modified_gmt":"2026-08-26T08:04:33","slug":"roberto-roena-festeggia-il-40imo-anniversario-con-lorchestra-apollo-sound","status":"publish","type":"post","link":"https:\/\/www.lasalsavive.org\/portale\/2026\/08\/26\/roberto-roena-festeggia-il-40imo-anniversario-con-lorchestra-apollo-sound\/","title":{"rendered":"Roberto Roena festeggia il 40imo anniversario con l&#8217;orchestra Apollo Sound"},"content":{"rendered":"\n<figure class=\"wp-block-image size-large is-resized\"><img loading=\"lazy\" decoding=\"async\" width=\"1024\" height=\"389\" src=\"https:\/\/www.lasalsavive.org\/portale\/wp-content\/uploads\/2026\/08\/LaSalsaVive_presenta_logo_per_articoli-1024x389.png\" alt=\"\" class=\"wp-image-14371\" style=\"aspect-ratio:2.5;width:400px;height:auto\" srcset=\"https:\/\/www.lasalsavive.org\/portale\/wp-content\/uploads\/2026\/08\/LaSalsaVive_presenta_logo_per_articoli-1024x389.png 1024w, https:\/\/www.lasalsavive.org\/portale\/wp-content\/uploads\/2026\/08\/LaSalsaVive_presenta_logo_per_articoli-300x114.png 300w, https:\/\/www.lasalsavive.org\/portale\/wp-content\/uploads\/2026\/08\/LaSalsaVive_presenta_logo_per_articoli-768x292.png 768w, https:\/\/www.lasalsavive.org\/portale\/wp-content\/uploads\/2026\/08\/LaSalsaVive_presenta_logo_per_articoli-1536x583.png 1536w, https:\/\/www.lasalsavive.org\/portale\/wp-content\/uploads\/2026\/08\/LaSalsaVive_presenta_logo_per_articoli.png 2035w\" sizes=\"auto, (max-width: 1024px) 100vw, 1024px\" \/><\/figure>\n\n\n\n<figure class=\"wp-block-image size-full\"><img loading=\"lazy\" decoding=\"async\" width=\"503\" height=\"651\" src=\"https:\/\/www.lasalsavive.org\/portale\/wp-content\/uploads\/2026\/08\/roena40.jpg\" alt=\"\" class=\"wp-image-14727\" srcset=\"https:\/\/www.lasalsavive.org\/portale\/wp-content\/uploads\/2026\/08\/roena40.jpg 503w, https:\/\/www.lasalsavive.org\/portale\/wp-content\/uploads\/2026\/08\/roena40-232x300.jpg 232w\" sizes=\"auto, (max-width: 503px) 100vw, 503px\" \/><\/figure>\n\n\n\n<figure class=\"wp-block-embed is-type-video is-provider-youtube wp-block-embed-youtube wp-embed-aspect-4-3 wp-has-aspect-ratio\"><div class=\"wp-block-embed__wrapper\">\n<iframe loading=\"lazy\" title=\"Gran Final Concierto Roberto Roena y su ApolloSound\" width=\"640\" height=\"480\" src=\"https:\/\/www.youtube.com\/embed\/a3A5c1wDvCU?feature=oembed\" frameborder=\"0\" allow=\"accelerometer; autoplay; clipboard-write; encrypted-media; gyroscope; picture-in-picture; web-share\" referrerpolicy=\"strict-origin-when-cross-origin\" allowfullscreen><\/iframe>\n<\/div><\/figure>\n\n\n\n<p class=\"wp-block-paragraph\"><strong>Gran Finale del Concerto di Roberto Roena y su ApolloSound<\/strong><\/p>\n\n\n\n<p class=\"wp-block-paragraph\">Il grande percussionista portoricano Roberto Roena riunir\u00e0 il prossimo 16 Maggio alcuni dei musicisti e cantanti dell&#8217;orchestra Apollo Sound in un concerto per celebrare il quarantesimo anniversario della leggendaria orchestra di salsa.<\/p>\n\n\n\n<p class=\"wp-block-paragraph\">Il concerto, che si terr\u00e0 presso il Colosseo&nbsp;<strong>Rub\u00e9n Rodr\u00edguez de Bayam\u00f3n<\/strong>, vedr\u00e0 la partecipazione di alcuni precedenti integranti dell&#8217;orchestra Apollo Sound come&nbsp;<strong>Piro Mantilla<\/strong>,&nbsp;<strong>Sammy Gonz\u00e1lez<\/strong>,&nbsp;<strong>Tito Cruz<\/strong>,&nbsp;<strong>Papo S\u00e1nchez<\/strong>,&nbsp;<strong>Carlos Santos<\/strong>&nbsp;e&nbsp;<strong>Tempo Alomar<\/strong>, fra gli altri.<\/p>\n\n\n\n<p class=\"wp-block-paragraph\">Fra gli artisti invitati saliranno sul palco il cantante&nbsp;<strong>Luisito Carri\u00f3n<\/strong>&nbsp;e&nbsp;<strong>El\u00edas Lopes<\/strong>, che \u00e8 stato il primo direttore musicale dell&#8217;orchestra che condivideva abitualmente il palcoscenico a New York con &#8220;Las Estrellas de la Fania&#8221;.<\/p>\n\n\n\n<figure class=\"wp-block-embed is-type-video is-provider-youtube wp-block-embed-youtube wp-embed-aspect-4-3 wp-has-aspect-ratio\"><div class=\"wp-block-embed__wrapper\">\n<iframe loading=\"lazy\" title=\"Roberto Roena y su Apollo Sound Entrevistas\" width=\"640\" height=\"480\" src=\"https:\/\/www.youtube.com\/embed\/EqFujUCHI-c?feature=oembed\" frameborder=\"0\" allow=\"accelerometer; autoplay; clipboard-write; encrypted-media; gyroscope; picture-in-picture; web-share\" referrerpolicy=\"strict-origin-when-cross-origin\" allowfullscreen><\/iframe>\n<\/div><\/figure>\n\n\n\n<p class=\"wp-block-paragraph\"><strong>Interviste ad alcuni musicisti invitati per il 40imo anniversario della carriera di Roberto Roena<\/strong><\/p>\n\n\n\n<p class=\"wp-block-paragraph\">Nella decada degli anni settanta la&nbsp;<strong>Apollo Sound<\/strong>&nbsp;rappresentava il governo di Portorico nelle fiere del turismo e fu la prima orchestra di salsa ad interpretare l&#8217;inno nazionale degli Stati Uniti al&nbsp;<strong>Caesar&#8217;s Palace<\/strong>&nbsp;di Las Vegas.<\/p>\n\n\n\n<p class=\"wp-block-paragraph\">Altri salseri storici che hanno fatto parte dell&#8217;orchestra sono stati&nbsp;<strong>Rub\u00e9n Blades<\/strong>,&nbsp;<strong>Tino &#8220;Guy&#8221; Santiago<\/strong>,&nbsp;<strong>Frankie Calder\u00f3n<\/strong>,&nbsp;<strong>Adalberto Santiago<\/strong>,&nbsp;<strong>Tito Allen<\/strong>&nbsp;e&nbsp;<strong>Miguel de Le\u00f3n<\/strong>.<\/p>\n\n\n\n<p class=\"wp-block-paragraph\">I produttori del concerto,&nbsp;<strong>Leo Tizol<\/strong>&nbsp;e&nbsp;<strong>Tropimusic Entertainment<\/strong>, hanno assicurato che &#8220;in questo concerto commemorativo dei 40 anni di fruttifera carriera musicale, i veri salseri potranno godere di un evento che senza dubbio rester\u00e0 nella storia della musica popolare portoricana&#8221;.<\/p>\n\n\n\n<p class=\"wp-block-paragraph\"><object width=\"425\" height=\"373\" data=\"http:\/\/www.youtube.com\/v\/qqjOc-wWnps&amp;hl=it&amp;rel=0&amp;color1=0xe1600f&amp;color2=0xfebd01&amp;border=1\" type=\"application\/x-shockwave-flash\"><\/object><strong>Roberto Roena y su Apollo Sound &#8211; &#8220;Cui Cui&#8221;<\/strong><\/p>\n\n\n\n<p class=\"wp-block-paragraph\">Fonte Ag.Efe<\/p>\n\n\n\n<h2 class=\"wp-block-heading\"><span><i class=\"fas fa-arrow-right\"><\/i><\/span>Espa\u00f1ol <\/h2>\n\n\n\n<h1 class=\"wp-block-heading\"><span><i class=\"fas fa-arrow-right\"><\/i><\/span><strong>Roberto Roena celebra el 40.\u00ba aniversario con la orquesta Apollo Sound<\/strong> <\/h1>\n\n\n\n<figure class=\"wp-block-image size-large is-resized\"><img loading=\"lazy\" decoding=\"async\" width=\"1024\" height=\"389\" src=\"https:\/\/www.lasalsavive.org\/portale\/wp-content\/uploads\/2026\/08\/LaSalsaVive_presenta_logo_per_articoli-1024x389.png\" alt=\"\" class=\"wp-image-14371\" style=\"aspect-ratio:2.5;width:400px;height:auto\" srcset=\"https:\/\/www.lasalsavive.org\/portale\/wp-content\/uploads\/2026\/08\/LaSalsaVive_presenta_logo_per_articoli-1024x389.png 1024w, https:\/\/www.lasalsavive.org\/portale\/wp-content\/uploads\/2026\/08\/LaSalsaVive_presenta_logo_per_articoli-300x114.png 300w, https:\/\/www.lasalsavive.org\/portale\/wp-content\/uploads\/2026\/08\/LaSalsaVive_presenta_logo_per_articoli-768x292.png 768w, https:\/\/www.lasalsavive.org\/portale\/wp-content\/uploads\/2026\/08\/LaSalsaVive_presenta_logo_per_articoli-1536x583.png 1536w, https:\/\/www.lasalsavive.org\/portale\/wp-content\/uploads\/2026\/08\/LaSalsaVive_presenta_logo_per_articoli.png 2035w\" sizes=\"auto, (max-width: 1024px) 100vw, 1024px\" \/><\/figure>\n\n\n\n<figure class=\"wp-block-image size-full\"><img loading=\"lazy\" decoding=\"async\" width=\"503\" height=\"651\" src=\"https:\/\/www.lasalsavive.org\/portale\/wp-content\/uploads\/2026\/08\/roena40.jpg\" alt=\"\" class=\"wp-image-14727\" srcset=\"https:\/\/www.lasalsavive.org\/portale\/wp-content\/uploads\/2026\/08\/roena40.jpg 503w, https:\/\/www.lasalsavive.org\/portale\/wp-content\/uploads\/2026\/08\/roena40-232x300.jpg 232w\" sizes=\"auto, (max-width: 503px) 100vw, 503px\" \/><\/figure>\n\n\n\n<figure class=\"wp-block-embed is-type-video is-provider-youtube wp-block-embed-youtube wp-embed-aspect-4-3 wp-has-aspect-ratio\"><div class=\"wp-block-embed__wrapper\">\n<iframe loading=\"lazy\" title=\"Gran Final Concierto Roberto Roena y su ApolloSound\" width=\"640\" height=\"480\" src=\"https:\/\/www.youtube.com\/embed\/a3A5c1wDvCU?feature=oembed\" frameborder=\"0\" allow=\"accelerometer; autoplay; clipboard-write; encrypted-media; gyroscope; picture-in-picture; web-share\" referrerpolicy=\"strict-origin-when-cross-origin\" allowfullscreen><\/iframe>\n<\/div><\/figure>\n\n\n\n<p class=\"wp-block-paragraph\"><strong>Gran final del concierto de Roberto Roena y su Apollo Sound<\/strong><\/p>\n\n\n\n<p class=\"wp-block-paragraph\">El gran percusionista puertorrique\u00f1o Roberto Roena reunir\u00e1 el pr\u00f3ximo 16 de mayo a algunos de los m\u00fasicos y cantantes de la orquesta Apollo Sound en un concierto para celebrar el cuadrag\u00e9simo aniversario de la legendaria orquesta de salsa.<\/p>\n\n\n\n<p class=\"wp-block-paragraph\">El concierto, que se celebrar\u00e1 en el Coliseo <strong>Rub\u00e9n Rodr\u00edguez de Bayam\u00f3n<\/strong>, contar\u00e1 con la participaci\u00f3n de antiguos integrantes de la orquesta Apollo Sound como <strong>Piro Mantilla<\/strong>, <strong>Sammy Gonz\u00e1lez<\/strong>, <strong>Tito Cruz<\/strong>, <strong>Papo S\u00e1nchez<\/strong>, <strong>Carlos Santos<\/strong> y <strong>Tempo Alomar<\/strong>, entre otros.<\/p>\n\n\n\n<p class=\"wp-block-paragraph\">Entre los artistas invitados subir\u00e1n al escenario el cantante <strong>Luisito Carri\u00f3n<\/strong> y <strong>El\u00edas Lopes<\/strong>, quien fue el primer director musical de la orquesta, que habitualmente compart\u00eda escenario en Nueva York con \u201cLas Estrellas de la Fania\u201d.<\/p>\n\n\n\n<figure class=\"wp-block-embed is-type-video is-provider-youtube wp-block-embed-youtube wp-embed-aspect-4-3 wp-has-aspect-ratio\"><div class=\"wp-block-embed__wrapper\">\n<iframe loading=\"lazy\" title=\"Roberto Roena y su Apollo Sound Entrevistas\" width=\"640\" height=\"480\" src=\"https:\/\/www.youtube.com\/embed\/EqFujUCHI-c?feature=oembed\" frameborder=\"0\" allow=\"accelerometer; autoplay; clipboard-write; encrypted-media; gyroscope; picture-in-picture; web-share\" referrerpolicy=\"strict-origin-when-cross-origin\" allowfullscreen><\/iframe>\n<\/div><\/figure>\n\n\n\n<p class=\"wp-block-paragraph\"><strong>Entrevistas a algunos m\u00fasicos invitados al 40.\u00ba aniversario de la carrera de Roberto Roena<\/strong><\/p>\n\n\n\n<p class=\"wp-block-paragraph\">Durante la d\u00e9cada de los a\u00f1os setenta, la <strong>Apollo Sound<\/strong> represent\u00f3 al Gobierno de Puerto Rico en ferias de turismo y fue la primera orquesta de salsa en interpretar el himno nacional de Estados Unidos en el <strong>Caesar\u2019s Palace<\/strong> de Las Vegas.<\/p>\n\n\n\n<p class=\"wp-block-paragraph\">Otros salseros hist\u00f3ricos que formaron parte de la orquesta fueron <strong>Rub\u00e9n Blades<\/strong>, <strong>Tino \u201cGuy\u201d Santiago<\/strong>, <strong>Frankie Calder\u00f3n<\/strong>, <strong>Adalberto Santiago<\/strong>, <strong>Tito Allen<\/strong> y <strong>Miguel de Le\u00f3n<\/strong>.<\/p>\n\n\n\n<p class=\"wp-block-paragraph\">Los productores del concierto, <strong>Leo Tizol<\/strong> y <strong>Tropimusic Entertainment<\/strong>, aseguraron que \u00aben este concierto conmemorativo de 40 a\u00f1os de fruct\u00edfera trayectoria musical, los verdaderos salseros podr\u00e1n disfrutar de un evento que, sin duda, quedar\u00e1 en la historia de la m\u00fasica popular puertorrique\u00f1a\u00bb.<\/p>\n\n\n\n<p class=\"wp-block-paragraph\"><strong>Roberto Roena y su Apollo Sound \u2013 \u201cCui Cui\u201d<\/strong><\/p>\n\n\n\n<p class=\"wp-block-paragraph\"><em>Fuente: Agencia EFE.<\/em><\/p>\n","protected":false},"excerpt":{"rendered":"<p>Gran Finale del Concerto di Roberto Roena y su ApolloSound Il grande percussionista portoricano Roberto&#8230;<\/p>\n","protected":false},"author":1,"featured_media":14727,"comment_status":"open","ping_status":"open","sticky":false,"template":"","format":"standard","meta":{"footnotes":""},"categories":[427],"tags":[26,496,502,504,454,500,498,341,256,499,501,503,505,497],"class_list":["post-730","post","type-post","status-publish","format-standard","has-post-thumbnail","hentry","category-news","tag-adalberto-santiago","tag-apollo-sound","tag-elias-lopes","tag-frankie-calderon","tag-luisito-carrion","tag-papo-sanchez","tag-piro-mantilla","tag-roberto-roena","tag-ruben-blades","tag-sammy-gonzalez","tag-tempo-alomar","tag-tino-guy-santiago","tag-tito-allen","tag-tito-cruz"],"_links":{"self":[{"href":"https:\/\/www.lasalsavive.org\/portale\/wp-json\/wp\/v2\/posts\/730","targetHints":{"allow":["GET"]}}],"collection":[{"href":"https:\/\/www.lasalsavive.org\/portale\/wp-json\/wp\/v2\/posts"}],"about":[{"href":"https:\/\/www.lasalsavive.org\/portale\/wp-json\/wp\/v2\/types\/post"}],"author":[{"embeddable":true,"href":"https:\/\/www.lasalsavive.org\/portale\/wp-json\/wp\/v2\/users\/1"}],"replies":[{"embeddable":true,"href":"https:\/\/www.lasalsavive.org\/portale\/wp-json\/wp\/v2\/comments?post=730"}],"version-history":[{"count":3,"href":"https:\/\/www.lasalsavive.org\/portale\/wp-json\/wp\/v2\/posts\/730\/revisions"}],"predecessor-version":[{"id":14729,"href":"https:\/\/www.lasalsavive.org\/portale\/wp-json\/wp\/v2\/posts\/730\/revisions\/14729"}],"wp:featuredmedia":[{"embeddable":true,"href":"https:\/\/www.lasalsavive.org\/portale\/wp-json\/wp\/v2\/media\/14727"}],"wp:attachment":[{"href":"https:\/\/www.lasalsavive.org\/portale\/wp-json\/wp\/v2\/media?parent=730"}],"wp:term":[{"taxonomy":"category","embeddable":true,"href":"https:\/\/www.lasalsavive.org\/portale\/wp-json\/wp\/v2\/categories?post=730"},{"taxonomy":"post_tag","embeddable":true,"href":"https:\/\/www.lasalsavive.org\/portale\/wp-json\/wp\/v2\/tags?post=730"}],"curies":[{"name":"wp","href":"https:\/\/api.w.org\/{rel}","templated":true}]}}