{"id":734,"date":"2026-08-26T09:19:32","date_gmt":"2026-08-26T08:19:32","guid":{"rendered":"http:\/\/www.lasalsavive.org\/portale\/?p=734"},"modified":"2026-08-28T11:02:05","modified_gmt":"2026-08-28T10:02:05","slug":"cano-estremera-festeggia-il-venticinquesimo-anniversario-della-sua-carriera","status":"publish","type":"post","link":"https:\/\/www.lasalsavive.org\/portale\/2026\/08\/26\/cano-estremera-festeggia-il-venticinquesimo-anniversario-della-sua-carriera\/","title":{"rendered":"Cano Estremera festeggia il VENTICINQUESIMO anniversario della sua carriera"},"content":{"rendered":"\n<figure class=\"wp-block-image size-large\"><img loading=\"lazy\" decoding=\"async\" width=\"1024\" height=\"389\" src=\"https:\/\/www.lasalsavive.org\/portale\/wp-content\/uploads\/2026\/08\/LaSalsaVive_presenta_logo_per_articoli-1024x389.png\" alt=\"\" class=\"wp-image-14371\" srcset=\"https:\/\/www.lasalsavive.org\/portale\/wp-content\/uploads\/2026\/08\/LaSalsaVive_presenta_logo_per_articoli-1024x389.png 1024w, https:\/\/www.lasalsavive.org\/portale\/wp-content\/uploads\/2026\/08\/LaSalsaVive_presenta_logo_per_articoli-300x114.png 300w, https:\/\/www.lasalsavive.org\/portale\/wp-content\/uploads\/2026\/08\/LaSalsaVive_presenta_logo_per_articoli-768x292.png 768w, https:\/\/www.lasalsavive.org\/portale\/wp-content\/uploads\/2026\/08\/LaSalsaVive_presenta_logo_per_articoli-1536x583.png 1536w, https:\/\/www.lasalsavive.org\/portale\/wp-content\/uploads\/2026\/08\/LaSalsaVive_presenta_logo_per_articoli.png 2035w\" sizes=\"auto, (max-width: 1024px) 100vw, 1024px\" \/><\/figure>\n\n\n\n<p class=\"wp-block-paragraph\"><strong>15 Maggio 2008<\/strong><\/p>\n\n\n\n<figure class=\"wp-block-image size-full\"><img loading=\"lazy\" decoding=\"async\" width=\"215\" height=\"322\" src=\"https:\/\/www.lasalsavive.org\/portale\/wp-content\/uploads\/2026\/08\/estremera.jpg\" alt=\"\" class=\"wp-image-14730\" srcset=\"https:\/\/www.lasalsavive.org\/portale\/wp-content\/uploads\/2026\/08\/estremera.jpg 215w, https:\/\/www.lasalsavive.org\/portale\/wp-content\/uploads\/2026\/08\/estremera-200x300.jpg 200w\" sizes=\"auto, (max-width: 215px) 100vw, 215px\" \/><\/figure>\n\n\n\n<p class=\"wp-block-paragraph\"><br \/>Foto cortesia di EL VOCERO\/ Lidith Ramos<\/p>\n\n\n\n<p class=\"wp-block-paragraph\">Carlos Enrique Estremera Col\u00f3n, meglio conosciuto come <strong>\u201cCano\u201d Estremera<\/strong>, il giorno 18 Maggio 2008 alle 17:00 (ora di Portorico) presso il Centro di Belle Arti Luis A.Ferr\u00e9 a Santurce, festegger\u00e0 il suo venticinquesimo anniversario come cantante di salsa.<\/p>\n\n\n\n<p class=\"wp-block-paragraph\">Secondo quanto affermato ieri dal veterano sonero: &#8220;esibirsi al Centro di Belle Arti \u00e8 una grande sfida&#8221;.<\/p>\n\n\n\n<p class=\"wp-block-paragraph\">\u201cQuesto \u00e8 il momento giusto. Sento l&#8217;appoggio del pubblico e di un grande produttore come <strong>C\u00e9sar S\u00e1inz<\/strong> di <strong>Producciones Rompeolas<\/strong>. Riconosco che in un primo momento l&#8217;idea che avevo era di esibirmi in mezzo alla gente. Per\u00f2, C\u00e9sar mi ha sfidato, e mi ha detto se me la sentivo di esibirmi alle Belle Arti. L&#8217;ho presa come una sfida, cos\u00ec sono qui, e l\u00ec andr\u00f2. Era molto tempo che dovevamo farlo. La gente pensava che mi fossi ritirato dalle scene solo perch\u00e8 non mi vedevano in giro come un tempo. Ma le cose non stanno cos\u00ec, e per essere chiari dichiaro pubblicamente che questo non accadr\u00e0 mai. Questo stava per accadere. Hanno posto un veto e sono stato costretto a lavorare fuori dal Paese. Per\u00f2 sono sempre stato disponibile a esibirmi\u201d.<\/p>\n\n\n\n<p class=\"wp-block-paragraph\">Il sonero ha ammesso che la grande sfida di questo evento \u00e8 quella di attirare l&#8217;attenzione del pubblico che da molto tempo non ha pi\u00f9 un riferimento musicale come pu\u00f2 essere un disco. Naturalmente, ha visto questa proposta positivamente, dato che grazie ad essa potr\u00e0 far sapere a tutto il suo pubblico che la sua carriera continua.<\/p>\n\n\n\n<p class=\"wp-block-paragraph\">\u201cIn questo concerto, a differenza di altri, ho lasciato carta bianca alla Producciones Rompeolas. Anche il titolo dell&#8217;evento \u2018Cano Estremera, por fin para Bellas Artes\u2026\u00a1\u00f1\u00f3!\u2019, mi \u00e8 sembrato molto azzeccato\u201d.<\/p>\n\n\n\n<figure class=\"wp-block-embed is-type-video is-provider-youtube wp-block-embed-youtube wp-embed-aspect-4-3 wp-has-aspect-ratio\"><div class=\"wp-block-embed__wrapper\">\n<iframe loading=\"lazy\" title=\"CANO ESTREMERA - LA BODA DE ELLA\" width=\"640\" height=\"480\" src=\"https:\/\/www.youtube.com\/embed\/Zw3tTHbqSQQ?feature=oembed\" frameborder=\"0\" allow=\"accelerometer; autoplay; clipboard-write; encrypted-media; gyroscope; picture-in-picture; web-share\" referrerpolicy=\"strict-origin-when-cross-origin\" allowfullscreen><\/iframe>\n<\/div><\/figure>\n\n\n\n<p class=\"wp-block-paragraph\"><strong>CANO ESTREMERA &#8211; LA BODA DE ELLA<\/strong><\/p>\n\n\n\n<p class=\"wp-block-paragraph\">A differenza di altri concerti, Estremera ha anticipato che \u201cquesto evento sar\u00e0 rivolto ad un pubblico pi\u00f9 amichevole. La sfida di Bellas Artes \u00e8 quella di far arrivare la gente. Per questo mi esibir\u00f2 con un repertorio che sia degno delle persone che frequentano questo centro. Ci saranno i miei fans, ma anche i curiosi che vogliono vedere cosa succeder\u00e0\u201d.<\/p>\n\n\n\n<p class=\"wp-block-paragraph\">Successi come \u201cLa boda de ella\u201d, \u201cEl caim\u00e1n\u201d e \u201cEl toro\u201d, sono solo alcune delle canzoni che il sonero interpreter\u00e0 in questo evento che celebrer\u00e0 i 25 anni di carriera e che potr\u00e0 contare sulla direzione del Maestro <strong>El\u00edas Lop\u00e9s<\/strong>.<\/p>\n\n\n\n<p class=\"wp-block-paragraph\">\u201cLe persone potranno ascoltare la salsa delle radici. La gorda. La tradizionale. Voglio dimostrare le mie capacit\u00e0 come interprete e che sono pronto per affrontare questa sfida\u201d, ha aggiunto.<\/p>\n\n\n\n<p class=\"wp-block-paragraph\">A seguito degli alti e bassi che la salsa ha dovuto affrontare negli ultimi tempi, colpita sia dalla pirateria che dall&#8217;eccessiva diversificazione degli stili musicali, Estremera ha detto che: \u201cQuando il genere diventa molto popolare e perde i suoi esponenti, perde il suo motivo d&#8217;essere. Ed \u00e8 in quel frangente che cade in picchiata, al di l\u00e0 del fatto che ci siano successi alla radio, se non ci sono basi solide il primo vento spazza via tutto. La salsa \u00e8 il giornale del popolo, nient&#8217;altro che questo\u201d.<\/p>\n\n\n\n<p class=\"wp-block-paragraph\">Per finire il sonero ha pronosticato che \u201cil ciclo del genere si ripete, e chi verr\u00e0 con una musica adattata alla realt\u00e0 sociale che vive Portorico ed il mondo, sar\u00e0 colui che avr\u00e0 successo. Questo \u00e8 quel che intendo fare, dopo la fine del concerto ho in programma un disco su questa linea che dovrebbe essere pronto entro la fine dell&#8217;anno\u201d.<\/p>\n\n\n\n<p class=\"wp-block-paragraph\">Fonte <a href=\"http:\/\/www.vocero.com\/\" target=\"_blank\" rel=\"noopener\">El Vocero<\/a><\/p>\n\n\n\n<h3 class=\"wp-block-heading\"><span><i class=\"fas fa-arrow-right\"><\/i><\/span>Espa\u00f1ol <\/h3>\n\n\n\n<h1 class=\"wp-block-heading\"><span><i class=\"fas fa-arrow-right\"><\/i><\/span>Cano Estremera celebra sus 25 a\u00f1os en la salsa <\/h1>\n\n\n\n<figure class=\"wp-block-image size-large\"><img loading=\"lazy\" decoding=\"async\" width=\"1024\" height=\"389\" src=\"https:\/\/www.lasalsavive.org\/portale\/wp-content\/uploads\/2026\/08\/LaSalsaVive_presenta_logo_per_articoli-1024x389.png\" alt=\"\" class=\"wp-image-14371\" srcset=\"https:\/\/www.lasalsavive.org\/portale\/wp-content\/uploads\/2026\/08\/LaSalsaVive_presenta_logo_per_articoli-1024x389.png 1024w, https:\/\/www.lasalsavive.org\/portale\/wp-content\/uploads\/2026\/08\/LaSalsaVive_presenta_logo_per_articoli-300x114.png 300w, https:\/\/www.lasalsavive.org\/portale\/wp-content\/uploads\/2026\/08\/LaSalsaVive_presenta_logo_per_articoli-768x292.png 768w, https:\/\/www.lasalsavive.org\/portale\/wp-content\/uploads\/2026\/08\/LaSalsaVive_presenta_logo_per_articoli-1536x583.png 1536w, https:\/\/www.lasalsavive.org\/portale\/wp-content\/uploads\/2026\/08\/LaSalsaVive_presenta_logo_per_articoli.png 2035w\" sizes=\"auto, (max-width: 1024px) 100vw, 1024px\" \/><\/figure>\n\n\n\n<figure class=\"wp-block-image size-full\"><img loading=\"lazy\" decoding=\"async\" width=\"215\" height=\"322\" src=\"https:\/\/www.lasalsavive.org\/portale\/wp-content\/uploads\/2026\/08\/estremera.jpg\" alt=\"\" class=\"wp-image-14730\" srcset=\"https:\/\/www.lasalsavive.org\/portale\/wp-content\/uploads\/2026\/08\/estremera.jpg 215w, https:\/\/www.lasalsavive.org\/portale\/wp-content\/uploads\/2026\/08\/estremera-200x300.jpg 200w\" sizes=\"auto, (max-width: 215px) 100vw, 215px\" \/><\/figure>\n\n\n\n<p class=\"wp-block-paragraph\">EL VOCERO\/ Lidith Ramos<\/p>\n\n\n\n<p class=\"wp-block-paragraph\">Por: Jorge Luis Burgos<\/p>\n\n\n\n<p class=\"wp-block-paragraph\">EL VOCERO<\/p>\n\n\n\n<p class=\"wp-block-paragraph\">Carlos Enrique Estremera Col\u00f3n, mejor conocido como \u201cCano\u201d Estremera, est\u00e1 en su mejor salsa, la que llevar\u00e1 el 18 de mayo, a las 5:00 p.m., al Centro de Bellas Artes Luis A. Ferr\u00e9, en Santurce.<\/p>\n\n\n\n<p class=\"wp-block-paragraph\">Y es que para este veterano sonero, asegur\u00f3 ayer, estar ante su mayor reto: el Centro de Bellas Artes.<\/p>\n\n\n\n<p class=\"wp-block-paragraph\">\u201cEste es el momento. Siento el apoyo del p\u00fablico y tengo el respaldo de un gran productor C\u00e9sar S\u00e1inz de Producciones Rompeolas. Reconozco que cuando habl\u00e9 en primera intensi\u00f3n la idea era hacer algo m\u00e1s pueblerino. Pero, C\u00e9sar me ret\u00f3, y me dijo si me atrever\u00eda subir al Bellas Artes. Lo tom\u00e9 como un reto, y aqu\u00ed estoy, y ah\u00ed voy. Hac\u00eda tiempo que esto se ten\u00eda que dar. La gente piensa que porque no me ven en los escenarios se deb\u00eda a un retiro de la salsa. Y no es as\u00ed, donde quiera que me paro aclaro y se los digo, nunca me retir\u00e9. Casi me retiraron. Me vetaron y tuve que irme a trabajar fuera del Pa\u00eds. Pero siempre estuve disponible para hacer presentaciones\u201d.<\/p>\n\n\n\n<p class=\"wp-block-paragraph\">El sonero reconoci\u00f3 que el reto grande de este evento estriba en llamar la atenci\u00f3n del p\u00fablico que en mucho tiempo no tiene una referencia musical del momento como es un disco. Sin embargo, vio esta propuesta como una positiva, ya que la misma le permitir\u00e1 conocer a fondo al p\u00fablico que sigue su carrera.<\/p>\n\n\n\n<p class=\"wp-block-paragraph\">\u201cEste concierto, a diferencia de otros, dej\u00e9 completamente en manos de Rompeolas la producci\u00f3n del mismo. Por lo que ellos pusieron desde el t\u00edtulo que se llama \u2018Cano Estremera, por fin para Bellas Artes\u2026\u00a1\u00f1\u00f3!\u2019, que lo vi muy bueno\u201d, recalc\u00f3.<\/p>\n\n\n\n<figure class=\"wp-block-embed is-type-video is-provider-youtube wp-block-embed-youtube wp-embed-aspect-4-3 wp-has-aspect-ratio\"><div class=\"wp-block-embed__wrapper\">\n<iframe loading=\"lazy\" title=\"CANO ESTREMERA - LA BODA DE ELLA\" width=\"640\" height=\"480\" src=\"https:\/\/www.youtube.com\/embed\/Zw3tTHbqSQQ?feature=oembed\" frameborder=\"0\" allow=\"accelerometer; autoplay; clipboard-write; encrypted-media; gyroscope; picture-in-picture; web-share\" referrerpolicy=\"strict-origin-when-cross-origin\" allowfullscreen><\/iframe>\n<\/div><\/figure>\n\n\n\n<p class=\"wp-block-paragraph\"><strong>CANO ESTREMERA &#8211; LA BODA DE ELLA<\/strong><\/p>\n\n\n\n<p class=\"wp-block-paragraph\">A diferencia de otros conciertos, Estremera adelant\u00f3 que \u201ceste evento ir\u00e1 dirigido a un p\u00fablico m\u00e1s \u2018friendly\u2019 (amistoso). El reto de Bellas Artes es llevar a la gente. Por eso, vengo con un repertorio digno para la gente asidua de ese centro. All\u00ed ir\u00e1n mis seguidores, pero tambi\u00e9n los curiosos que quieren ver que es lo suceder\u00e1\u2019.<\/p>\n\n\n\n<p class=\"wp-block-paragraph\">Exitos como \u201cLa boda de ella\u201d, \u201cEl caim\u00e1n\u201d y \u201cEl toro\u201d, son solo algunos de las piezas musicales que el sonero interpretar\u00e1 en este evento que celebrar\u00e1 los 25 a\u00f1os de trayectoria en el que contar\u00e1 con la direcci\u00f3n del maestro El\u00edas Lop\u00e9s.<\/p>\n\n\n\n<p class=\"wp-block-paragraph\">\u201cAll\u00ed la gente ir\u00e1 a escuchar la salsa de fundamento. La gorda. La tradicional. Dejar\u00e9 demostrado los recursos como poseo como int\u00e9rprete, y que estoy listo para enfrentar el reto\u201d, indic\u00f3.<\/p>\n\n\n\n<p class=\"wp-block-paragraph\">Sobre las altas y bajas que el g\u00e9nero de la salsa experiment\u00f3 en tiempos recientes, unas veces achacadas a la pirater\u00eda y en otras, a la excesivas diversificaciones de estilos musicales, Estremera expres\u00f3 que \u201ccuando el g\u00e9nero de hace muy popular y pierde sus exponentes, pierde su fundamento. Y es ah\u00ed donde cae en picada. Independientemente hayan \u00e9xitos radiales, si no hay bases s\u00f3lidas, el primer viento se los lleva. La salsa es el peri\u00f3dico del pueblo, y fuera de eso, nada m\u00e1s\u201d.<\/p>\n\n\n\n<p class=\"wp-block-paragraph\">Por otra parte, el sonero pronostic\u00f3 que \u201cel ciclo del g\u00e9nero vuelve a repetirse, y el que venga con una m\u00fasica adaptada a la realidad social que vive Puerto Rico y el mundo, ser\u00e1 quien la pegue. De hecho, luego del concierto vengo con un disco en esa l\u00ednea que deber\u00e1 estar listo para antes de que finalice el a\u00f1o\u201d.<\/p>\n","protected":false},"excerpt":{"rendered":"<p>15 Maggio 2008 Foto cortesia di EL VOCERO\/ Lidith Ramos Carlos Enrique Estremera Col\u00f3n, meglio&#8230;<\/p>\n","protected":false},"author":1,"featured_media":14770,"comment_status":"open","ping_status":"open","sticky":false,"template":"","format":"standard","meta":{"footnotes":""},"categories":[427],"tags":[514,515],"class_list":["post-734","post","type-post","status-publish","format-standard","has-post-thumbnail","hentry","category-news","tag-carlos-enrique-estremera-colon","tag-cano-estremera"],"_links":{"self":[{"href":"https:\/\/www.lasalsavive.org\/portale\/wp-json\/wp\/v2\/posts\/734","targetHints":{"allow":["GET"]}}],"collection":[{"href":"https:\/\/www.lasalsavive.org\/portale\/wp-json\/wp\/v2\/posts"}],"about":[{"href":"https:\/\/www.lasalsavive.org\/portale\/wp-json\/wp\/v2\/types\/post"}],"author":[{"embeddable":true,"href":"https:\/\/www.lasalsavive.org\/portale\/wp-json\/wp\/v2\/users\/1"}],"replies":[{"embeddable":true,"href":"https:\/\/www.lasalsavive.org\/portale\/wp-json\/wp\/v2\/comments?post=734"}],"version-history":[{"count":5,"href":"https:\/\/www.lasalsavive.org\/portale\/wp-json\/wp\/v2\/posts\/734\/revisions"}],"predecessor-version":[{"id":14731,"href":"https:\/\/www.lasalsavive.org\/portale\/wp-json\/wp\/v2\/posts\/734\/revisions\/14731"}],"wp:featuredmedia":[{"embeddable":true,"href":"https:\/\/www.lasalsavive.org\/portale\/wp-json\/wp\/v2\/media\/14770"}],"wp:attachment":[{"href":"https:\/\/www.lasalsavive.org\/portale\/wp-json\/wp\/v2\/media?parent=734"}],"wp:term":[{"taxonomy":"category","embeddable":true,"href":"https:\/\/www.lasalsavive.org\/portale\/wp-json\/wp\/v2\/categories?post=734"},{"taxonomy":"post_tag","embeddable":true,"href":"https:\/\/www.lasalsavive.org\/portale\/wp-json\/wp\/v2\/tags?post=734"}],"curies":[{"name":"wp","href":"https:\/\/api.w.org\/{rel}","templated":true}]}}