{"id":751,"date":"2026-08-24T10:47:24","date_gmt":"2026-08-24T09:47:24","guid":{"rendered":"http:\/\/www.lasalsavive.org\/portale\/?p=751"},"modified":"2026-08-24T10:47:25","modified_gmt":"2026-08-24T09:47:25","slug":"cheo-feliciano-festeggia-i-50-anni-di-carriera-musicale-e-presenta-il-prossimo-disco-insieme-a-ruben-blades","status":"publish","type":"post","link":"https:\/\/www.lasalsavive.org\/portale\/2026\/08\/24\/cheo-feliciano-festeggia-i-50-anni-di-carriera-musicale-e-presenta-il-prossimo-disco-insieme-a-ruben-blades\/","title":{"rendered":"Cheo Feliciano festeggia i 50 anni di carriera musicale e presenta il prossimo disco insieme a Ruben Blades"},"content":{"rendered":"<div class=\"wp-block-image\">\n<figure class=\"aligncenter size-large is-resized\"><img loading=\"lazy\" decoding=\"async\" width=\"1024\" height=\"389\" src=\"https:\/\/www.lasalsavive.org\/portale\/wp-content\/uploads\/2026\/08\/LaSalsaVive_presenta_logo_per_articoli-1024x389.png\" alt=\"\" class=\"wp-image-14371\" style=\"aspect-ratio:2.5;width:400px;height:auto\" srcset=\"https:\/\/www.lasalsavive.org\/portale\/wp-content\/uploads\/2026\/08\/LaSalsaVive_presenta_logo_per_articoli-1024x389.png 1024w, https:\/\/www.lasalsavive.org\/portale\/wp-content\/uploads\/2026\/08\/LaSalsaVive_presenta_logo_per_articoli-300x114.png 300w, https:\/\/www.lasalsavive.org\/portale\/wp-content\/uploads\/2026\/08\/LaSalsaVive_presenta_logo_per_articoli-768x292.png 768w, https:\/\/www.lasalsavive.org\/portale\/wp-content\/uploads\/2026\/08\/LaSalsaVive_presenta_logo_per_articoli-1536x583.png 1536w, https:\/\/www.lasalsavive.org\/portale\/wp-content\/uploads\/2026\/08\/LaSalsaVive_presenta_logo_per_articoli.png 2035w\" sizes=\"auto, (max-width: 1024px) 100vw, 1024px\" \/><\/figure>\n<\/div>\n\n<div class=\"wp-block-image\">\n<figure class=\"aligncenter size-full\"><img loading=\"lazy\" decoding=\"async\" width=\"427\" height=\"319\" src=\"https:\/\/www.lasalsavive.org\/portale\/wp-content\/uploads\/2012\/01\/blades_feliciano.jpg\" alt=\"\" class=\"wp-image-2536\" srcset=\"https:\/\/www.lasalsavive.org\/portale\/wp-content\/uploads\/2012\/01\/blades_feliciano.jpg 427w, https:\/\/www.lasalsavive.org\/portale\/wp-content\/uploads\/2012\/01\/blades_feliciano-300x224.jpg 300w, https:\/\/www.lasalsavive.org\/portale\/wp-content\/uploads\/2012\/01\/blades_feliciano-400x298.jpg 400w\" sizes=\"auto, (max-width: 427px) 100vw, 427px\" \/><figcaption class=\"wp-element-caption\"><strong> Ruben Blades con Cheo Feliciano<\/strong> &#8211; foto tratta da El nuevo Dia<\/figcaption><\/figure>\n<\/div>\n\n\n<p class=\"wp-block-paragraph\">Il cantautore panamense&nbsp;<strong>Rub\u00e9n Blades<\/strong>, una delle principali stelle della musica latina, si unir\u00e0 al cantante&nbsp;<strong>Cheo Feliciano<\/strong>&nbsp;nel concerto che offrir\u00e0 il cantante portoricano a New York per i suoi 50 anni di carriera.<\/p>\n\n\n\n<p class=\"wp-block-paragraph\">Blades divider\u00e0 il palco con altre stelle della salsa che vogliono rendere tributo a Cheo Feliciano, lista che include&nbsp;<strong>Johnny Pacheco<\/strong>, uno dei fondatori delle&nbsp;<strong>Estrellas de Fania<\/strong>, i pianisti&nbsp;<strong>Eddie Palmieri<\/strong>&nbsp;e&nbsp;<strong>Papo Lucca<\/strong>, il bassista&nbsp;<strong>Bobby Valentin<\/strong>, il bongocero&nbsp;<strong>Roberto Roena<\/strong>&nbsp;e i cantanti&nbsp;<strong>Ismael Miranda<\/strong>&nbsp;e&nbsp;<strong>Jimmy Sabater<\/strong>, che \u00e8 anche percussionista.<\/p>\n\n\n\n<p class=\"wp-block-paragraph\">Ci saranno anche il famoso pianista&nbsp;<strong>Oscar Hern\u00e1ndez<\/strong>&nbsp;con la&nbsp;<strong>Spanish Harlem Orchestra<\/strong>.<\/p>\n\n\n\n<p class=\"wp-block-paragraph\">Hern\u00e1ndez \u00e8 stato direttore musicale di Blades con i&nbsp;<strong>Seis del Solar<\/strong>.<br \/>Blades e Feliciano stanno registrando un disco insieme, secondo quanto segnalato all&#8217;agenzia Efe da Cheo Feliciano, una leggenda della musica tropicale.<\/p>\n\n\n\n<figure class=\"wp-block-embed is-type-video is-provider-youtube wp-block-embed-youtube wp-embed-aspect-16-9 wp-has-aspect-ratio\"><div class=\"wp-block-embed__wrapper\">\n<iframe loading=\"lazy\" title=\"Guarare - RAY BARRETTO (CANTA TITO GOMEZ - CORO RUBEN BLADES) ALBUM: BARRETTO - FANIA 1975\" width=\"640\" height=\"360\" src=\"https:\/\/www.youtube.com\/embed\/iuwrCS_bPs0?feature=oembed\" frameborder=\"0\" allow=\"accelerometer; autoplay; clipboard-write; encrypted-media; gyroscope; picture-in-picture; web-share\" referrerpolicy=\"strict-origin-when-cross-origin\" allowfullscreen><\/iframe>\n<\/div><figcaption class=\"wp-element-caption\">Un vecchio video con Rub\u00e9n Blades che canta come corista per Ray Barretto!<\/figcaption><\/figure>\n\n\n\n<p class=\"wp-block-paragraph\">&#8220;C&#8217;\u00e8 un lavoro gi\u00e0 iniziato e ancora \u00e8 a met\u00e0 del cammino, principalmente per i tanti impegni che Ruben ha nella sua patria, nel suo lavoro come Ministro del Turismo&#8221; ha detto Feliciano.<\/p>\n\n\n\n<p class=\"wp-block-paragraph\">&#8220;Per quel che riguarda la mia parte, il lavoro \u00e8 gi\u00e0 pronto e sto aspettando le registrazioni di Rub\u00e9n, che deve solo entrare nello studio per terminare il disco&#8221;, ha aggiunto.<\/p>\n\n\n\n<p class=\"wp-block-paragraph\">Ha inoltre spiegato che il concetto dell&#8217;album \u00e8 che uno interpreter\u00e0 i successi dell&#8217;altro.<\/p>\n\n\n\n<p class=\"wp-block-paragraph\">Il disco includer\u00e0 anche duetti di entrambe le stelle, cosa che potrebbe gi\u00e0 verificarsi al concerto, il prossimo 20 Giugno presso il Teatro Wamu al Madison Square Garden, dove Feliciano interpreter\u00e0 i grandi successi dei suoi cinquant&#8217;anni nella musica, a partire dagli inizi con il Sexteto di&nbsp;<strong>Joe Cuba<\/strong>, passando per il periodo con&nbsp;<strong>Eddie Palmieri<\/strong>, proseguendo con i successi con le&nbsp;<strong>Estrellas de Fania<\/strong>&nbsp;fino ai giorni nostri.<\/p>\n\n\n\n<p class=\"wp-block-paragraph\">Blades ha pianificato di tornare alla musica verso la met\u00e0 del prossimo anno, quando scadranno i cinque anni del suo impegno come Ministro del Turismo di Panama.<\/p>\n\n\n\n<p class=\"wp-block-paragraph\">Oltre al disco con Feliciano, Blades, ha previsto di ultimare la produzione&nbsp;&#8220;Cantares del subdesarrollo&#8221;, che considera il suo lavoro pi\u00f9 &#8220;latinoamericanista&#8221;.<\/p>\n\n\n\n<p class=\"wp-block-paragraph\">Fonte Ag.Efe<\/p>\n\n\n\n<h3 class=\"wp-block-heading\"><span><i class=\"fas fa-arrow-right\"><\/i><\/span>Espa\u00f1ol <\/h3>\n\n\n\n<p class=\"wp-block-paragraph\">El cantautor paname\u00f1o Rub\u00e9n Blades, una de las grandes estrellas de la m\u00fasica latina, se unir\u00e1 al cantante Cheo Feliciano en el concierto que ofrecer\u00e1 el puertorrique\u00f1o en Nueva York por sus 50 a\u00f1os en los escenarios.<\/p>\n\n\n\n<p class=\"wp-block-paragraph\">Blades compartir\u00e1 as\u00ed con otras estrellas de la salsa que quieren rendir tributo a Feliciano, lista que incluye al m\u00fasico Johny Pacheco, uno de los fundadores de las Estrellas de Fania, los pianistas Eddie Palmieri y Papo Lucca, el bajista Bobby Valent\u00edn, el bongocero Roberto Roena y los cantantes Ismael Miranda y Jimmy Sabater, que adem\u00e1s es percusionista.<\/p>\n\n\n\n<p class=\"wp-block-paragraph\">Tambi\u00e9n estar\u00e1n el reconocido pianista Oscar Hern\u00e1ndez y su Spanish Harlem Orchestra.<\/p>\n\n\n\n<p class=\"wp-block-paragraph\">Hern\u00e1ndez fue director musical de Blades con Seis del Solar.<\/p>\n\n\n\n<p class=\"wp-block-paragraph\">Blades y Feliciano est\u00e1n grabando un disco juntos, seg\u00fan se\u00f1al\u00f3 a Efe el puertorrique\u00f1o, una leyenda de la m\u00fasica tropical.<\/p>\n\n\n\n<figure class=\"wp-block-embed is-type-video is-provider-youtube wp-block-embed-youtube wp-embed-aspect-16-9 wp-has-aspect-ratio\"><div class=\"wp-block-embed__wrapper\">\n<iframe loading=\"lazy\" title=\"Guarare - RAY BARRETTO (CANTA TITO GOMEZ - CORO RUBEN BLADES) ALBUM: BARRETTO - FANIA 1975\" width=\"640\" height=\"360\" src=\"https:\/\/www.youtube.com\/embed\/iuwrCS_bPs0?feature=oembed\" frameborder=\"0\" allow=\"accelerometer; autoplay; clipboard-write; encrypted-media; gyroscope; picture-in-picture; web-share\" referrerpolicy=\"strict-origin-when-cross-origin\" allowfullscreen><\/iframe>\n<\/div><figcaption class=\"wp-element-caption\">\u00a1Un viejo video con Rub\u00e9n Blades cantando como corista para Ray Barretto!<\/figcaption><\/figure>\n\n\n\n<p class=\"wp-block-paragraph\">&#8220;Tenemos un trabajo que hemos comenzado y todav\u00eda est\u00e1 a mitad de camino sencillamente por los compromisos que tiene Rub\u00e9n en su patria, en su trabajo en el Ministerio de Turismo&#8221;, dijo Feliciano.<\/p>\n\n\n\n<p class=\"wp-block-paragraph\">&#8220;Por mi parte, el trabajo est\u00e1 hecho ya, grabado y estoy esperando por Rub\u00e9n, que entre al estudio para terminar el disco y sacarlo&#8221;, agreg\u00f3.<\/p>\n\n\n\n<p class=\"wp-block-paragraph\">Explic\u00f3 que el concepto del \u00e1lbum es que Blades interpretar\u00e1 los \u00e9xitos de Feliciano y este los del paname\u00f1o, que desde el 2004 es ministro de Turismo en su pa\u00eds.<\/p>\n\n\n\n<p class=\"wp-block-paragraph\">El disco incluir\u00e1 adem\u00e1s duetos de ambas estrellas, lo que tambi\u00e9n podr\u00eda ocurrir en el concierto, el pr\u00f3ximo 20 de junio en el teatro WaMu del Madison Square Garden, donde Feliciano har\u00e1 un recorrido por los \u00e9xitos en sus cinco d\u00e9cadas en la m\u00fasica, desde que comenz\u00f3 con el Sexteto de Joe Cuba, el pianista Eddie Palmieri, las Estrellas de Fania hasta el presente.<\/p>\n\n\n\n<p class=\"wp-block-paragraph\">Blades planea volver a la m\u00fasica a mediados del pr\u00f3ximo a\u00f1o, cuando culminen sus cinco a\u00f1os en el Ministerio de Turismo.<\/p>\n\n\n\n<p class=\"wp-block-paragraph\">Adem\u00e1s del disco con Feliciano tiene previsto sacar la producci\u00f3n &#8220;Cantares del subdesarrollo&#8221;, que considera su trabajo m\u00e1s &#8220;latinoamericanista&#8221;.<\/p>\n\n\n\n<p class=\"wp-block-paragraph\">Fuente Ag.Efe<\/p>\n","protected":false},"excerpt":{"rendered":"<p>Il cantautore panamense&nbsp;Rub\u00e9n Blades, una delle principali stelle della musica latina, si unir\u00e0 al cantante&nbsp;Cheo&#8230;<\/p>\n","protected":false},"author":1,"featured_media":2536,"comment_status":"open","ping_status":"open","sticky":false,"template":"","format":"standard","meta":{"footnotes":""},"categories":[427],"tags":[176,261,183,27,402,67,334,209,341,256,520],"class_list":["post-751","post","type-post","status-publish","format-standard","has-post-thumbnail","hentry","category-news","tag-bobby-valentin","tag-cheo-feliciano","tag-eddie-palmieri","tag-ismael-miranda","tag-jimmy-sabater","tag-johnny-pacheco","tag-oscar-hernandez","tag-papo-lucca","tag-roberto-roena","tag-ruben-blades","tag-spanish-harlem-orchestra"],"_links":{"self":[{"href":"https:\/\/www.lasalsavive.org\/portale\/wp-json\/wp\/v2\/posts\/751","targetHints":{"allow":["GET"]}}],"collection":[{"href":"https:\/\/www.lasalsavive.org\/portale\/wp-json\/wp\/v2\/posts"}],"about":[{"href":"https:\/\/www.lasalsavive.org\/portale\/wp-json\/wp\/v2\/types\/post"}],"author":[{"embeddable":true,"href":"https:\/\/www.lasalsavive.org\/portale\/wp-json\/wp\/v2\/users\/1"}],"replies":[{"embeddable":true,"href":"https:\/\/www.lasalsavive.org\/portale\/wp-json\/wp\/v2\/comments?post=751"}],"version-history":[{"count":5,"href":"https:\/\/www.lasalsavive.org\/portale\/wp-json\/wp\/v2\/posts\/751\/revisions"}],"predecessor-version":[{"id":14717,"href":"https:\/\/www.lasalsavive.org\/portale\/wp-json\/wp\/v2\/posts\/751\/revisions\/14717"}],"wp:featuredmedia":[{"embeddable":true,"href":"https:\/\/www.lasalsavive.org\/portale\/wp-json\/wp\/v2\/media\/2536"}],"wp:attachment":[{"href":"https:\/\/www.lasalsavive.org\/portale\/wp-json\/wp\/v2\/media?parent=751"}],"wp:term":[{"taxonomy":"category","embeddable":true,"href":"https:\/\/www.lasalsavive.org\/portale\/wp-json\/wp\/v2\/categories?post=751"},{"taxonomy":"post_tag","embeddable":true,"href":"https:\/\/www.lasalsavive.org\/portale\/wp-json\/wp\/v2\/tags?post=751"}],"curies":[{"name":"wp","href":"https:\/\/api.w.org\/{rel}","templated":true}]}}