{"id":755,"date":"2011-08-13T17:18:42","date_gmt":"2011-08-13T16:18:42","guid":{"rendered":"http:\/\/www.lasalsavive.org\/portale\/?p=755"},"modified":"2026-05-31T16:21:52","modified_gmt":"2026-05-31T15:21:52","slug":"el-show-de-ruben-blades","status":"publish","type":"post","link":"https:\/\/www.lasalsavive.org\/portale\/2011\/08\/13\/el-show-de-ruben-blades\/","title":{"rendered":"El Show de Ruben Blades"},"content":{"rendered":"\n<figure class=\"wp-block-image\"><img decoding=\"async\" src=\"http:\/\/www.lasalsavive.org\/portale\/img\/lsvpresenta.jpg\" alt=\"\"\/><\/figure>\n\n\n\n<p class=\"wp-block-paragraph\"><\/p>\n\n\n\n<h1 class=\"wp-block-heading arancio\"><span><i class=\"fas fa-arrow-right\"><\/i><\/span>El Show de Ruben Blades <\/h1>\n\n\n<div class=\"wp-block-image\">\n<figure class=\"aligncenter size-full\"><img loading=\"lazy\" decoding=\"async\" width=\"512\" height=\"384\" src=\"https:\/\/www.lasalsavive.org\/portale\/wp-content\/uploads\/2011\/08\/dartruben.jpg\" alt=\"\" class=\"wp-image-1553\" srcset=\"https:\/\/www.lasalsavive.org\/portale\/wp-content\/uploads\/2011\/08\/dartruben.jpg 512w, https:\/\/www.lasalsavive.org\/portale\/wp-content\/uploads\/2011\/08\/dartruben-300x225.jpg 300w, https:\/\/www.lasalsavive.org\/portale\/wp-content\/uploads\/2011\/08\/dartruben-400x300.jpg 400w\" sizes=\"auto, (max-width: 512px) 100vw, 512px\" \/><figcaption class=\"wp-element-caption\">Darth Vader alias Ruben Blades! \ud83d\ude42<\/figcaption><\/figure>\n<\/div>\n\n\n<p class=\"wp-block-paragraph\">Ruben Blades inizia una nuova carriera di video blogger con il lancio del nuovo programma web: <strong>&#8220;El Show de Ruben Blades&#8221;<\/strong> nel quale ci parler\u00e0 di musica, cinema, arte in generale e dove risponder\u00e0 alle domande dei suoi fan&#8217;s.<\/p>\n\n\n\n<p class=\"wp-block-paragraph\">Un bellissimo modo di tenere un contatto con i propri fan&#8217;s sparsi nel mondo. Buona visione!<\/p>\n\n\n\n<p class=\"wp-block-paragraph\">Show de Rub\u00e9n Blades #24 &#8211; 30 Marzo 2009<strong>Entrevista con Quinto Parpadeo, desde Madrid, Espa\u00f1a. Ojos de Perro Azul y Juan Pachanga&#8230;<\/strong><\/p>\n\n\n\n<p class=\"wp-block-paragraph\">Show de Ruben Blades #23 &#8211; 5 Febbraio 2009<strong>Lanzamiento de Krazy Love, el nuevo disco de Luba Mason. Gira Todos  Vuelven. El nombre Seis del Solar, Catares del Subdesarrollo, Eliades Ochoa,  Inspiraci\u00f3n para La Rosa de los Vientos, El Padre Antonio, la Verdad, Resumen de  m\u00fasicos que participaron en el Panama Jazz Festival.<\/strong><\/p>\n\n\n\n<p class=\"wp-block-paragraph\">Show de Ruben Blades #22 &#8211; 15 Dicembre 2008<strong>Recordando a Gustavo Araujo, La Perla de Calle 13, Ojos de Perro Azul. Por las calles en Europa, Entrevista con Cory Sylvester&#8230;<\/strong><\/p>\n\n\n\n<p class=\"wp-block-paragraph\">Show de Rub\u00e9n Blades #21 &#8211; 27 Ottobre 2008<strong>Grabado en Sant Feliu, Espa\u00f1a. La canci\u00f3n del Final del Mundo, Calentamiento global, Robby, Ralph, Marc, Eddie y Bobby. Concierto en Sant Feliu, Juan Gonz\u00e1lez en vivo&#8230;<\/strong><\/p>\n\n\n\n<p class=\"wp-block-paragraph\"><\/p>\n\n\n\n<p class=\"wp-block-paragraph\">Show de Rub\u00e9n Blades #20 &#8211; 14 Agosto 2008<strong>Agosto 14, 2008 Desde Alicante, Espa\u00f1a, Madame Kalalu, La historia de Pedro Navaja, Los inicios en Fania, Concierto en Alicante. Pedro Navaja en vivo&#8230;<\/strong><\/p>\n\n\n\n<p class=\"wp-block-paragraph\"><\/p>\n\n\n\n<p class=\"wp-block-paragraph\">Show de Rub\u00e9n Blades #19 &#8211; parte 2 &#8211; 16 Luglio 2008.<strong>Julio 16, 2008 \u2022 Aniversario de 25 a\u00f1os, Proyecto para el pr\u00f3ximo a\u00f1o, Desapariciones, 30 a\u00f1os de Siembra, Los hoteles en las giras&#8230;<\/strong><\/p>\n\n\n\n<p class=\"wp-block-paragraph\"><\/p>\n\n\n\n<p class=\"wp-block-paragraph\">Show de Ruben Blades #19 &#8211; parte 1 &#8211; 30 Giugno 2008 <strong>Junio 30 , 2008 \u2022 Invitado especial: Ralph Irizarry. Rub\u00e9n y Ralph hablan de Seis del Solar, Percisi\u00f3n, Coke and Potato Chips, Chernobyl, Los maestros de antes: Palmieri, Puente, Cachao, Vit\u00edn Paz&#8230;<\/strong><\/p>\n\n\n\n<p class=\"wp-block-paragraph\"><\/p>\n\n\n\n<p class=\"wp-block-paragraph\">Show de Ruben Blades #18 &#8211; 16 Giugno 2008 <strong>Israel Lopez Cachao, Encuesta, Venissa Sant\u00ed, De donde surge el apellido Blades, Comopnes la letra o la m\u00fasca primero. Los \u00e1lbumes favoritos. Rese\u00f1a de Banda<\/strong><\/p>\n\n\n\n<p class=\"wp-block-paragraph\"><\/p>\n\n\n\n<p class=\"wp-block-paragraph\">Show de Rub\u00e9n Blades #17 &#8211; 5 Giugno 2008<br \/>\n<strong>Ruben Blades Hairdressing Academy, Ismael Quintana, Facebook, Invitado especial DJ Juanpi, Experiencia con Juan Formel, Homenaje a Bobby Valentin, Bandas, Promoci\u00f3n de Sennheiser y monitores en la tarima.<\/strong><\/p>\n\n\n\n<p class=\"wp-block-paragraph\"><strong><br \/> Show de Ruben Blades #16 &#8211; 19 Maggio 2008.<br \/> Que te inspir\u00f3 a escribir Ligia Elena, Agencias de Viaje, Cuentas del Alma, Oscar Hern\u00e1ndez. Cu\u00e1l es el futuro de la Salsa. Ismael Quintana, Eddie Palmieri, Ray Baretto y Tito Allen. Francis Ford Coppola y rese\u00f1as de bandas.<br \/><\/strong><\/p>\n\n\n\n<p class=\"wp-block-paragraph\"><strong><br \/>\nShow de Ruben Blades #15 &#8211; 5 Maggio 2008.<br \/>\nInspiraci\u00f3n para la canci\u00f3n Patria, \u00bffu\u00e9 verdad que el guitarrista no vino?, Canciones dif\u00edciles de cantar, Hablamos de Tibur\u00f3n, Decisiones y Desapariciones. Jaime Roos: video de Amandote en YouTube. Vino chileno, Podcast y resumen de bandas.<\/strong><strong><\/strong><\/p>\n\n\n\n<p class=\"wp-block-paragraph\"><strong><br \/>\nShow de Ruben Blades #14 &#8211; 22 Febbraio 2008<br \/>\n<\/strong><strong>Ren\u00e9, Eduardo y Rub\u00e9n hablan sobre el intercambio de letras y canciones. Calle 13 grabar\u00e1 &#8220;Las Calles&#8221; canci\u00f3n del pr\u00f3ximo album de Rub\u00e9n &#8220;Cantares del Subdesarrollo&#8221;. Coversan de la industria de la m\u00fasica, Salsa y Regueton.<\/strong><\/p>\n\n\n\n<p class=\"wp-block-paragraph\"><strong><br \/>\nShow de Ruben Blades # 13<br \/>\n<\/strong><strong> Invitada especial: LUBA MASON. Rub\u00e9n nos presenta a Luba y su nuevo album Krazy Love. El disco Antecedente, el solo de Oscar Hern\u00e1ndez, Editus y el album Tiempos, La Fania en Cuba, El solar de los aburridos, Son del Solar y rese\u00f1as de bandas: Debu, Lazaro Barrizonte Special Guest: LUBA MASON. Ruben presents Luba&#8217;s upcoming album Krazy Love. Antecedente, Oscar Hernandez&#8217;s solo, Editus and Tiempos, La Fania in Cuba, El Solar de los Aburridos, Son del Solar and band reviews: Debu, Lazaro Barrizonte<\/strong><\/p>\n\n\n\n<p class=\"wp-block-paragraph\"><\/p>\n\n\n\n<p class=\"wp-block-paragraph\"><\/p>\n\n\n\n<p class=\"wp-block-paragraph\"><strong>Show de Ruben Blades #12 \u2022 parte 1<br \/>\n<\/strong><strong>Descrizione: Danilo y Rub\u00e9n hablan del Panama Jazz Festival, la Fundaci\u00f3n Danilo P\u00e9rez y Jahaziel Arrocha, Catherine Russell, Stanley Jordan.<\/strong><\/p>\n\n\n\n<p class=\"wp-block-paragraph\"><\/p>\n\n\n\n<p class=\"wp-block-paragraph\"><\/p>\n\n\n\n<p class=\"wp-block-paragraph\"><strong>El Show de Rub\u00e9n Blades #12 &#8211; Parte II<br \/>\n<\/strong><strong>Descrizione: Enero 30, 2008 Danilo y Rub\u00e9n hablan de algunas de las bandas y artistas de Jazz presentados en el SDRB y de la influencia de la m\u00fasica brasileira. Natalie Fernandez, Beverly Rego, Fabian Martin, Venissa Santi. <\/strong><\/p>\n\n\n\n<p class=\"wp-block-paragraph\"><\/p>\n\n\n\n<p class=\"wp-block-paragraph\"><\/p>\n\n\n\n<p class=\"wp-block-paragraph\">Show de Ruben Blades #11<br \/>\n<strong>Descrizione: Recordando a Carlos &#8220;Patato&#8221; Valdez, Alta Densidad, Participaci\u00f3n en el Cine, Mar\u00eda Lionza, Vino A\u00f1ejo, Robby Ameen y Overproof, Rese\u00f1as de Bandas. Remembering Carlos &#8220;Patato&#8221; Valdez, Alta Densidad, Movies, Mar\u00eda Lionza, Vino A\u00f1ejo, Robby Ameen and Overproof, Band reviews.<\/strong><\/p>\n\n\n\n<p class=\"wp-block-paragraph\"><\/p>\n\n\n\n<p class=\"wp-block-paragraph\"><\/p>\n\n\n\n<p class=\"wp-block-paragraph\"><strong>Show de Ruben Blades #10 <\/strong><strong>Descrizione: Latin Grammys, colaboraci\u00f3n con Calle 13, Juan Luis Guerra, Qu\u00e9n es Paula C, Radiohead, Moebius, Alejandro Jodorowsky, The first Word, Christine Kennedy, Richard Rhodes, Atomic Bomb, Foto de Fania, Latinos, resolviendo problemas de Latinoamerica, Cazanguero, Juan Gonz\u00e1lez, Suchet Malhorta, Viva, Mathias Holzner, Laurent Valette.<\/strong><\/p>\n\n\n\n<p class=\"wp-block-paragraph\"><\/p>\n\n\n\n<p class=\"wp-block-paragraph\"><strong>Messaggio di Ruben Blades 11 Novembre 2007:<br \/>\n<\/strong><\/p>\n\n\n\n<p class=\"wp-block-paragraph\"><strong><\/strong><strong>Intervista con con Carlos Galilea in Spagna<\/strong><\/p>\n\n\n\n<p class=\"wp-block-paragraph\"><strong>Rub\u00e9n participa en el programa de m\u00fasica de Carlos Galilea en Radio Nacional de Espa\u00f1a. Conversan sobre m\u00fasica de Brasil y escuchan temas de diferentes grupos.<\/strong><\/p>\n\n\n\n<p class=\"wp-block-paragraph\"><strong>Ruben Blades partecipa al programma di musica di Carlos Galilea alla Radio Nazionale della Spagna.Conversano sulla musica brasiliana e ascoltano canzoni di vari gruppi.<\/strong><\/p>\n\n\n\n<p class=\"wp-block-paragraph\"><\/p>\n\n\n\n<p class=\"wp-block-paragraph\"><strong>SDRB #8 Agosto 13, 2007 \u2022 El Cantante, Sting, They Dance Alone, Nothing but the Truth, Alemania, Clases de canto, De Panam\u00e1 a Nueva York, Historia de la Salsa.<\/strong><\/p>\n\n\n\n<p class=\"wp-block-paragraph\"><strong><br \/>\nShow de Rub\u00e9n Blades #8 \u2022 Parte 1 di 5 &#8211; 13 Agosto 2007<\/strong><\/p>\n\n\n\n<p class=\"wp-block-paragraph\"><strong>Show de Rub\u00e9n Blades #8 \u2022 Parte 2 di 5 &#8211; 13 Agosto 2007<\/strong><\/p>\n\n\n\n<p class=\"wp-block-paragraph\"><strong>Show de Rub\u00e9n Blades #8 \u2022 Parte 3 di 5 &#8211; 13 Agosto 2007<\/strong><\/p>\n\n\n\n<p class=\"wp-block-paragraph\"><strong>Show de Rub\u00e9n Blades #8 \u2022 Parte 4 di 5 &#8211; 13 Agosto 2007<\/strong><\/p>\n\n\n\n<p class=\"wp-block-paragraph\"><strong>Show de Rub\u00e9n Blades #8 \u2022 Parte 5 di 5 &#8211; 13 Agosto 2007<\/strong><\/p>\n\n\n\n<p class=\"wp-block-paragraph\"><\/p>\n\n\n\n<p class=\"wp-block-paragraph\"><strong>SDRB #7 Agosto 6, 2007 \u2022 Canciones rom\u00e1nticas, Disco favorito, Experiencias con otros cantantes y actores, Christopher Walken, Salma Hayek, Carnavales en la Plaza del Ferrocarril, Sentido del Humor, Patricia Elena, Martin Verdonk, Claudio Nucci, Raul Julia, Cocinando con Rub\u00e9n.<\/strong><\/p>\n\n\n\n<p class=\"wp-block-paragraph\"><strong><br \/>\nShow de Rub\u00e9n Blades #7 \u2022 Parte 1 di 5 &#8211; 06 Agosto 2007<\/strong><\/p>\n\n\n\n<p class=\"wp-block-paragraph\"><strong>Show de Rub\u00e9n Blades #7 \u2022 Parte 2 di 5 &#8211; 06 Agosto 2007<\/strong><\/p>\n\n\n\n<p class=\"wp-block-paragraph\"><strong>Show de Rub\u00e9n Blades #7 \u2022 Parte 3 di 5 &#8211; 06 Agosto 2007<\/strong><\/p>\n\n\n\n<p class=\"wp-block-paragraph\"><strong>Show de Rub\u00e9n Blades #7 \u2022 Parte 4 di 5 &#8211; 06 Agosto 2007<\/strong><\/p>\n\n\n\n<p class=\"wp-block-paragraph\"><strong>Show de Rub\u00e9n Blades #7 \u2022 Parte 5 di 5 &#8211; 06 Agosto 2007<\/strong><\/p>\n\n\n\n<p class=\"wp-block-paragraph\"><\/p>\n\n\n\n<p class=\"wp-block-paragraph\"><strong>SDRB #6 Julio 30, 2007 \u2022 Turismo en Panam\u00e1, Los Rabanes, Ruta Maya Cofee House, Distancia, Luba Mason, Todos Vuelven, Kafka, Michael Jackson, Fe de Rata, Tite Curet, Fe de Rata, Son Miserables,Post, Djilou L.C., Sounds like Sol, La Rosa de los Vientos, Ad\u00e1n Garc\u00eda.<\/strong><\/p>\n\n\n\n<p class=\"wp-block-paragraph\"><strong><br \/>\nShow de Rub\u00e9n Blades #6 \u2022 Parte 1 &#8211; 30 Luglio 2007<\/strong><\/p>\n\n\n\n<p class=\"wp-block-paragraph\"><strong>Show de Rub\u00e9n Blades #6 \u2022 Parte 2 &#8211; 30 Luglio 2007<\/strong><\/p>\n\n\n\n<p class=\"wp-block-paragraph\"><strong>Show de Rub\u00e9n Blades #6 \u2022 Parte 3 &#8211; 30 Luglio 2007<\/strong><\/p>\n\n\n\n<p class=\"wp-block-paragraph\"><strong>Show de Rub\u00e9n Blades #6 \u2022 Parte 4 &#8211; 30 Luglio 2007<\/strong><\/p>\n\n\n\n<p class=\"wp-block-paragraph\"><\/p>\n\n\n\n<p class=\"wp-block-paragraph\"><strong>SDRB #5 Julio 23, 2007 \u2022 Vino Argentino, Medoro Madera, West Indian Man, Baby&#8217;s In Black, Alejandro Jodorowsky, Spanish Harlem Orchestra, The Capeman, Gripe, Depredador, Maestra Vida, Chingongo, GDBD, Romiros, Sami Poyhonen, Alfredo C\u00e1ceres, Fe de Ratas, Pablo Pueblo.<\/strong><\/p>\n\n\n\n<p class=\"wp-block-paragraph\"><strong><br \/>\nShow de Rub\u00e9n Blades #5 \u2022 Parte 1 &#8211; 23 Luglio 2007<\/strong><\/p>\n\n\n\n<p class=\"wp-block-paragraph\"><strong>Show de Rub\u00e9n Blades #5 \u2022 Parte 2 &#8211; 23 Luglio 2007<\/strong><\/p>\n\n\n\n<p class=\"wp-block-paragraph\"><strong>Show de Rub\u00e9n Blades #5 \u2022 Parte 3 &#8211; 23 Luglio 2007<\/strong><\/p>\n\n\n\n<p class=\"wp-block-paragraph\"><strong>Show de Rub\u00e9n Blades #5 \u2022 Parte 4 &#8211; 23 Luglio 2007<\/strong><\/p>\n\n\n\n<p class=\"wp-block-paragraph\"><\/p>\n\n\n\n<p class=\"wp-block-paragraph\"><strong>SDRB #4 Julio 16, 2007 \u2022 Feliz Cumplea\u00f1os, Camila, Time, Love and Memory, Medoro, Ismael Rivera, Piloto, Desentralizaci\u00f3n de los grandes estudios, Your hats, Favorite restaurants in LA, Fabian Martin, Alex Cuba, Esteve de Franc, Templo de Agua, Votaci\u00f3n, Boranda. <\/strong><\/p>\n\n\n\n<p class=\"wp-block-paragraph\"><strong><br \/>\nShow de Rub\u00e9n Blades #4 \u2022 Parte 1 &#8211; 16 Luglio 2007<\/strong><\/p>\n\n\n\n<p class=\"wp-block-paragraph\"><strong>Show de Rub\u00e9n Blades #4 \u2022 Parte 2 &#8211; 16 Luglio 2007<\/strong><\/p>\n\n\n\n<p class=\"wp-block-paragraph\"><strong>Show de Rub\u00e9n Blades #4 \u2022 Parte 3 &#8211; 16 Luglio 2007<\/strong><\/p>\n\n\n\n<p class=\"wp-block-paragraph\"><strong>Show de Rub\u00e9n Blades #4 \u2022 Parte 4 &#8211; 16 Luglio 2007<\/strong><\/p>\n\n\n\n<p class=\"wp-block-paragraph\"><\/p>\n\n\n\n<p class=\"wp-block-paragraph\"><strong>SDRB #3 Julio 9, 2007 \u2022 Templo de Agua (Canci\u00f3n de Rub\u00e9n Blades con Bad Haggis), Buscando Guayaba &#8211; Fiel a la Vega, El Cantante, The Osgoods, Malpais, Rosa Cedr\u00f3n, Danilo P\u00e9rez &#8211; Paula C en Jazz, Turismo, Cheo Feliciano, Cantares del Subdesarrollo, Sicarios, Ojos de Perro Azul, Eddie Resto, Hablando de grabaciones en el estudio.<\/strong><\/p>\n\n\n\n<p class=\"wp-block-paragraph\"><strong><br \/>\nShow de Rub\u00e9n Blades #3 \u2022 Parte 1 &#8211; 9 Luglio 2007<\/strong><\/p>\n\n\n\n<p class=\"wp-block-paragraph\"><strong>Show de Rub\u00e9n Blades #3 \u2022 Parte 2 &#8211; 9 Luglio 2007<\/strong><\/p>\n\n\n\n<p class=\"wp-block-paragraph\"><strong>Show de Rub\u00e9n Blades #3 \u2022 Parte 3 &#8211; 9 Luglio 2007<\/strong><\/p>\n\n\n\n<p class=\"wp-block-paragraph\"><strong>Show de Rub\u00e9n Blades #3 \u2022 Parte 4 &#8211; 9 Luglio 2007<\/strong><\/p>\n\n\n\n<p class=\"wp-block-paragraph\"><strong>Show de Rub\u00e9n Blades #3 \u2022 Parte 5 &#8211; 9 Luglio 2007<\/strong><\/p>\n\n\n\n<p class=\"wp-block-paragraph\"><\/p>\n\n\n\n<p class=\"wp-block-paragraph\"><strong>Show de Rub\u00e9n Blades. #2 Junio 25, 2007 \u2022 Papo Vasquez, Autores e Inspiraci\u00f3n, Actores, Que tenga Mendo, Patria, Medoro Madera, Alkut, Nene Gandaia, Nana Cantarina, Luba Mason. <\/strong><\/p>\n\n\n\n<p class=\"wp-block-paragraph\"><strong><br \/>\nShow de Rub\u00e9n Blades #2 \u2022 Parte 1 &#8211; 25 Giugno 2007<\/strong><\/p>\n\n\n\n<p class=\"wp-block-paragraph\"><strong>Show de Rub\u00e9n Blades #2 \u2022 Parte 2 &#8211; 25 Giugno 2007<\/strong><\/p>\n\n\n\n<p class=\"wp-block-paragraph\"><strong>Show de Rub\u00e9n Blades #2 \u2022 Parte 3 &#8211; 25 Giugno 2007<\/strong><\/p>\n\n\n\n<p class=\"wp-block-paragraph\"><\/p>\n\n\n\n<p class=\"wp-block-paragraph\"><strong>Show de Rub\u00e9n Blades. #1 Junio 18, 2007 \u2022 recor&#8230; (more) Added: June 20, 2007 Show de Rub\u00e9n Blades. #1 Junio 18, 2007 \u2022 recordando a Tito Gomez \u2022 Saludo a Roberto Duran (Hall of Fame) \u2022 Saludo a Robby Ameen \u2022 Consejos para artistas que est\u00e1n empezando \u2022 Hablando de Muevete \u2022 Proyecto con Cheo Feliciano \u2022 Bandas: Mauro Otolini \u2022 Sylvi Paz \u2022 Gino Castillo \u2022 Rosa Temprano \u2022 Saludo a Alison de maestravida.com <\/strong><\/p>\n\n\n\n<p class=\"wp-block-paragraph\"><strong><br \/>\nShow de Rub\u00e9n Blades #1 \u2022 Parte 1 &#8211; 18 Giugno 2007<\/strong><\/p>\n\n\n\n<p class=\"wp-block-paragraph\"><strong>Show de Rub\u00e9n Blades #1 \u2022 Parte 2 &#8211; 18 Giugno 2007<\/strong><\/p>\n\n\n\n<p class=\"wp-block-paragraph\"><strong>Show de Rub\u00e9n Blades #1 \u2022 Parte 3 &#8211; 18 Giugno 2007<\/strong><\/p>\n\n\n\n<p class=\"wp-block-paragraph\"><strong>SDRB \u2022 v 0.0 &#8211; 11 Giugno 2007<\/strong><\/p>\n\n\n\n<p class=\"wp-block-paragraph\"><\/p>\n\n\n\n<p class=\"wp-block-paragraph\"><strong>Pablo Pueblo &#8211; unplugged version &#8211; solo guitara &#8211; solo chitarra<\/strong><\/p>\n\n\n\n<p class=\"wp-block-paragraph\"><strong>Danilo P\u00e9rez y Rub\u00e9n Blades \u2022 Paula C<\/strong><\/p>\n\n\n\n<p class=\"wp-block-paragraph\"><strong><br \/>\nUn bellissimo video tratto dal sito ufficiale di Ruben Blades: <\/strong><strong>Cuentas del Alma<\/strong><\/p>\n\n\n\n<p class=\"wp-block-paragraph\"><strong>Rub\u00e9n Blades \u2022 Bochinches<\/strong><\/p>\n\n\n\n<figure class=\"wp-block-embed is-type-video is-provider-youtube wp-block-embed-youtube wp-embed-aspect-4-3 wp-has-aspect-ratio\"><div class=\"wp-block-embed__wrapper\">\n<iframe loading=\"lazy\" title=\"Ruben Blades - Bochinches\" width=\"640\" height=\"480\" src=\"https:\/\/www.youtube.com\/embed\/VMHci0QDZlI?feature=oembed\" frameborder=\"0\" allow=\"accelerometer; autoplay; clipboard-write; encrypted-media; gyroscope; picture-in-picture; web-share\" referrerpolicy=\"strict-origin-when-cross-origin\" allowfullscreen><\/iframe>\n<\/div><\/figure>\n\n\n\n<p class=\"wp-block-paragraph\"><strong>Rub\u00e9n Blades \u2022 la Rosa de los Vientos<\/strong><\/p>\n\n\n\n<figure class=\"wp-block-embed is-type-video is-provider-youtube wp-block-embed-youtube wp-embed-aspect-4-3 wp-has-aspect-ratio\"><div class=\"wp-block-embed__wrapper\">\n<iframe loading=\"lazy\" title=\"Rub\u00e9n Baldes \u2022 la Rosa de los Vientos\" width=\"640\" height=\"480\" src=\"https:\/\/www.youtube.com\/embed\/SF3hlo5Zejg?feature=oembed\" frameborder=\"0\" allow=\"accelerometer; autoplay; clipboard-write; encrypted-media; gyroscope; picture-in-picture; web-share\" referrerpolicy=\"strict-origin-when-cross-origin\" allowfullscreen><\/iframe>\n<\/div><\/figure>\n\n\n\n<p class=\"wp-block-paragraph\"><strong><br \/>\n<\/strong><\/p>\n","protected":false},"excerpt":{"rendered":"<p>Tutte le puntate del &#8220;Show de Ruben Blades&#8221;, il programma creato dallo stesso cantautore e che lo ha visto protagonista di una serie di trasmissioni che ci raccontano la vita e le sfaccettature dell&#8217;uomo ancor prima che dell&#8217;artista.<\/p>\n","protected":false},"author":1,"featured_media":1553,"comment_status":"closed","ping_status":"closed","sticky":false,"template":"","format":"standard","meta":{"footnotes":""},"categories":[427,6],"tags":[661,256],"class_list":["post-755","post","type-post","status-publish","format-standard","has-post-thumbnail","hentry","category-news","category-recensioni","tag-el-show-de-ruben-blades","tag-ruben-blades"],"_links":{"self":[{"href":"https:\/\/www.lasalsavive.org\/portale\/wp-json\/wp\/v2\/posts\/755","targetHints":{"allow":["GET"]}}],"collection":[{"href":"https:\/\/www.lasalsavive.org\/portale\/wp-json\/wp\/v2\/posts"}],"about":[{"href":"https:\/\/www.lasalsavive.org\/portale\/wp-json\/wp\/v2\/types\/post"}],"author":[{"embeddable":true,"href":"https:\/\/www.lasalsavive.org\/portale\/wp-json\/wp\/v2\/users\/1"}],"replies":[{"embeddable":true,"href":"https:\/\/www.lasalsavive.org\/portale\/wp-json\/wp\/v2\/comments?post=755"}],"version-history":[{"count":44,"href":"https:\/\/www.lasalsavive.org\/portale\/wp-json\/wp\/v2\/posts\/755\/revisions"}],"predecessor-version":[{"id":12655,"href":"https:\/\/www.lasalsavive.org\/portale\/wp-json\/wp\/v2\/posts\/755\/revisions\/12655"}],"wp:featuredmedia":[{"embeddable":true,"href":"https:\/\/www.lasalsavive.org\/portale\/wp-json\/wp\/v2\/media\/1553"}],"wp:attachment":[{"href":"https:\/\/www.lasalsavive.org\/portale\/wp-json\/wp\/v2\/media?parent=755"}],"wp:term":[{"taxonomy":"category","embeddable":true,"href":"https:\/\/www.lasalsavive.org\/portale\/wp-json\/wp\/v2\/categories?post=755"},{"taxonomy":"post_tag","embeddable":true,"href":"https:\/\/www.lasalsavive.org\/portale\/wp-json\/wp\/v2\/tags?post=755"}],"curies":[{"name":"wp","href":"https:\/\/api.w.org\/{rel}","templated":true}]}}