{"id":902,"date":"2009-02-15T23:06:23","date_gmt":"2009-02-15T22:06:23","guid":{"rendered":"http:\/\/www.lasalsavive.org\/portale\/?p=902"},"modified":"2026-02-05T10:21:12","modified_gmt":"2026-02-05T09:21:12","slug":"addio-joe-cuba","status":"publish","type":"post","link":"https:\/\/www.lasalsavive.org\/portale\/2009\/02\/15\/addio-joe-cuba\/","title":{"rendered":"Addio Joe Cuba"},"content":{"rendered":"<h1 class=\"arancio\">15 Febbraio 2009, muore a New York Joe Cuba<\/h1>\n<p><img decoding=\"async\" src=\"http:\/\/www.lasalsavive.com\/portale\/pagine\/news\/immagini\/joecuba.jpg\" alt=\"\" \/><\/p>\n<p><strong>Joe Cuba insieme alla sua sposa Mar\u00eda in una foto dell&#8217;anno 2006. (AP \/ Julie Jacobson) &#8211; foto tratta da Primerahora.com<\/strong><\/p>\n<p align=\"justify\">Muore il percussionista portoricano Joe Cuba<\/p>\n<p>domenica, 15 febbraio 2009<br \/>\nLaura N. P\u00e9rez S\u00e1nchez \/ Prensa Asociada<\/p>\n<p>Il famoso percussionista portoricano Joe Cuba \u00e8 morto oggi, domenica, a New York, per complicazioni legate a un infezione batteriologica. Aveva 78 anni. Il cantante <strong>Cheo Feliciano<\/strong> ha confermato che il musicista \u00e8 morto alle 5 del pomeriggio ora di Puerto Rico, nell&#8217;ospedale Monte Sina\u00ed di New York, il giorno dopo che i medici hanno staccato i macchinari che lo tenevano in vita artificialmente.<\/p>\n<p>Joe Cuba lottava da diversi anni contro questa infezione che aveva contratto durante un intervento dove gli era stata messa una protesi a seguito di una caduta.<\/p>\n<p>Feliciano che si trovava a Portorico per preparare un concerto in Svizzera, ha raccontato di aver chiesto il permesso alla famiglia di telefonargli per dargli l&#8217;ultimo saluto.<\/p>\n<p>&#8220;Gli ho detto che Dio ha una missione con tutti noi e che quando sta arrivando la fine di questa missione dobbiamo tornare nel posto da dove veniamo, che dobbiamo ringraziare Dio per tutte le opportunit\u00e0 che ci ha dato e che doveva sentirsi sereno e prepararsi per il passaggio&#8221;.<\/p>\n<p><iframe loading=\"lazy\" title=\"Mujer Divina\" width=\"640\" height=\"480\" src=\"https:\/\/www.youtube.com\/embed\/8aVRl5XG-Bs?feature=oembed\" frameborder=\"0\" allow=\"accelerometer; autoplay; clipboard-write; encrypted-media; gyroscope; picture-in-picture; web-share\" referrerpolicy=\"strict-origin-when-cross-origin\" allowfullscreen><\/iframe><\/p>\n<p>Feliciano, che debutt\u00f2 come cantante nel 1957 con il Sexteto di Joe Cuba, ha approfittato dell&#8217;occasione per ringraziare il musicista, il cui vero nome era <strong>Gilberto Calder\u00f3n<\/strong>, per avergli dato l&#8217;opportunit\u00e0 che avrebbe segnato la sua carriera per sempre.<\/p>\n<p>Ha inoltre ricordato che il Sexteto di Joe Cuba si era caratterizzato per la forma d&#8217;interprezione della salsa per tutto il decennio degli anni sessanta.<\/p>\n<p><iframe loading=\"lazy\" title=\"Joe Cuba&#039;s Mambo\" width=\"640\" height=\"480\" src=\"https:\/\/www.youtube.com\/embed\/-wwZANdNR-g?feature=oembed\" frameborder=\"0\" allow=\"accelerometer; autoplay; clipboard-write; encrypted-media; gyroscope; picture-in-picture; web-share\" referrerpolicy=\"strict-origin-when-cross-origin\" allowfullscreen><\/iframe><\/p>\n<p>In quel periodo la maggior parte dei conjuntos di successo erano orchestre, mentre Joe Cuba lanci\u00f2 un sestetto che incorporava tre cantanti che allo stesso tempo suonavano strumenti di percussione e ballavano seguendo degli schemi, &#8220;un po&#8217; come fa adesso El Gran Combo&#8221;.<\/p>\n<p>&#8220;\u00c8 stato il gruppo pi\u00f9 dinamico che ci sia stato. Tutti i gruppi latino americani che suonavano erano orchestre. Poi nacque il sestetto con il suono di un vibrafono e questo port\u00f2 una grande euforia perch\u00e8 era qualcosa di nuovo&#8221;, continua Feliciano, che insieme al Sexteto lanci\u00f2 temi come <span class=\"arancio\">&#8220;El rat\u00f3n&#8221;<\/span>, <span class=\"arancio\">&#8220;El pito&#8221;<\/span> e <span class=\"arancio\">&#8220;A las seis&#8221;<\/span>.<\/p>\n<p><strong>Socorro &#8220;Coc\u00f3&#8221; Prieto<\/strong>, sposa di Feliciano, ha detto alla Stampa Associata che il feretro di Cuba rester\u00e0 per due giorni a New York e dopo sar\u00e0 portato per le strade dove nacque e visse il musicista, nato nella Grande Mela nel 1931.<\/p>\n<p>Il suoi resti saranno cremati in questa citt\u00e0, dove risiede tutta la sua famiglia che \u00e8 originaria di Naguabo.<\/p>\n<p><iframe loading=\"lazy\" title=\"A Las Seis\" width=\"640\" height=\"480\" src=\"https:\/\/www.youtube.com\/embed\/_nNf-Kv5HpE?feature=oembed\" frameborder=\"0\" allow=\"accelerometer; autoplay; clipboard-write; encrypted-media; gyroscope; picture-in-picture; web-share\" referrerpolicy=\"strict-origin-when-cross-origin\" allowfullscreen><\/iframe><\/p>\n<p>Fonte: <a href=\"htp:\/\/www.primerahora.com\">Primera Hora<\/a><\/p>\n<h3>Espa\u00f1ol<\/h3>\n<p>El afamado percusionista puertorrique\u00f1o Joe Cuba muri\u00f3 hoy, domingo, en Nueva York por complicaciones relacionadas a una bacteria que se le hab\u00eda alojado en el cuerpo. Ten\u00eda 78 a\u00f1os.<\/p>\n<p>El cantante Cheo Feliciano confirm\u00f3 que el m\u00fasico muri\u00f3 a eso de las 5:00 de la tarde, hora de Puerto Rico, en el hospital Monte Sina\u00ed de Nueva York, un d\u00eda despu\u00e9s de que los m\u00e9dicos desconectaran las m\u00e1quinas que lo manten\u00edan con vida luego que la mayor\u00eda de sus \u00f3rganos vitales fallaran.<\/p>\n<p>Cuba llevaba varios a\u00f1os luchando contra la bacteria que, en un principio no se sab\u00eda d\u00f3nde estaba alojada, pero que luego los m\u00e9dicos confirmaron que se encontraba en una pr\u00f3tesis de cadera que fue implantada al salsero tras una ca\u00edda.<\/p>\n<p>Feliciano narr\u00f3 que, poco antes de que el coraz\u00f3n de Cuba dejara de palpitar, \u00e9l solicit\u00f3 a la familia que le permitiera despedirse a trav\u00e9s del tel\u00e9fono, ya que se encuentra en Puerto Rico preparando un pr\u00f3ximo viaje de trabajo a Suiza.<\/p>\n<p>&#8220;Le dije que Dios tiene una misi\u00f3n con todos nosotros y que, cuando est\u00e1 llegando el final de esa misi\u00f3n, tenemos que irnos al sitio de donde venimos&#8221;, relat\u00f3 Feliciano en entrevista telef\u00f3nica con Prensa Asociada.<\/p>\n<p>Feliciano, quien debut\u00f3 como vocalista en 1957 con el Sexteto de Joe Cuba, aprovech\u00f3 la oportunidad para agradecer al m\u00fasico, cuyo nombre de pila era Gilberto Calder\u00f3n, por darle la oportunidad que marc\u00f3 su carrera musical para siempre.<\/p>\n<p>&#8220;Le dije que estamos agradecidos de todas las oportunidades que dios nos dio, y que debe sentirse tranquilo y prepararse para la transici\u00f3n&#8221;, sostuvo.<\/p>\n<p>Record\u00f3 c\u00f3mo el Sexteto de Joe Cuba marc\u00f3 la diferencia en la forma en que se interpretaba la salsa all\u00e1 para la d\u00e9cada de 1960.<\/p>\n<p>Entonces, la mayor\u00eda de los conjuntos de \u00e9xito eran orquestas, mientras que Cuba trajo a un sexteto que incorporaba a tres cantantes, que al mismo tiempo tocaban instrumentos de percusi\u00f3n y bailaban siguiendo una rutina &#8220;como eso que hace ahora El Gran Combo&#8221;.<\/p>\n<p>&#8220;Fue el grupo m\u00e1s din\u00e1mico que hubo. Todos los grupos latinoamericanos que sonaban eran orquestas. Surgi\u00f3 un sexteto con el sonido de frente de un vibr\u00e1fono, y eso caus\u00f3 una euforia porque era diferente&#8221;, relat\u00f3 Feliciano, quien junto al Sexteto populariz\u00f3 temas como &#8220;El rat\u00f3n&#8221;, &#8220;El pito&#8221; y &#8220;A las seis&#8221;.<\/p>\n<p>Socorro &#8220;Coc\u00f3&#8221; Prieto, esposa de Feliciano, indic\u00f3 a la AP que el f\u00e9retro de Cuba ser\u00e1 velado por dos d\u00edas en Nueva York y luego llevado por las calles en las que se cri\u00f3 y vivi\u00f3 el m\u00fasico, nacido en la Gran Manzana en 1931.<\/p>\n<p>Se espera que sus restos sean cremados en esa ciudad, donde reside toda su familia que es oriunda de Naguabo, indi\u00f3 Prieto.<\/p>\n","protected":false},"excerpt":{"rendered":"<p>15 Febbraio 2009, muore a New York Joe Cuba Joe Cuba insieme alla sua sposa&#8230;<\/p>\n","protected":false},"author":1,"featured_media":2771,"comment_status":"open","ping_status":"open","sticky":false,"template":"","format":"standard","meta":{"footnotes":""},"categories":[4,427],"tags":[261,352,263],"class_list":["post-902","post","type-post","status-publish","format-standard","has-post-thumbnail","hentry","category-biografie","category-news","tag-cheo-feliciano","tag-gilberto-calderon","tag-joe-cuba"],"_links":{"self":[{"href":"https:\/\/www.lasalsavive.org\/portale\/wp-json\/wp\/v2\/posts\/902","targetHints":{"allow":["GET"]}}],"collection":[{"href":"https:\/\/www.lasalsavive.org\/portale\/wp-json\/wp\/v2\/posts"}],"about":[{"href":"https:\/\/www.lasalsavive.org\/portale\/wp-json\/wp\/v2\/types\/post"}],"author":[{"embeddable":true,"href":"https:\/\/www.lasalsavive.org\/portale\/wp-json\/wp\/v2\/users\/1"}],"replies":[{"embeddable":true,"href":"https:\/\/www.lasalsavive.org\/portale\/wp-json\/wp\/v2\/comments?post=902"}],"version-history":[{"count":7,"href":"https:\/\/www.lasalsavive.org\/portale\/wp-json\/wp\/v2\/posts\/902\/revisions"}],"predecessor-version":[{"id":11701,"href":"https:\/\/www.lasalsavive.org\/portale\/wp-json\/wp\/v2\/posts\/902\/revisions\/11701"}],"wp:featuredmedia":[{"embeddable":true,"href":"https:\/\/www.lasalsavive.org\/portale\/wp-json\/wp\/v2\/media\/2771"}],"wp:attachment":[{"href":"https:\/\/www.lasalsavive.org\/portale\/wp-json\/wp\/v2\/media?parent=902"}],"wp:term":[{"taxonomy":"category","embeddable":true,"href":"https:\/\/www.lasalsavive.org\/portale\/wp-json\/wp\/v2\/categories?post=902"},{"taxonomy":"post_tag","embeddable":true,"href":"https:\/\/www.lasalsavive.org\/portale\/wp-json\/wp\/v2\/tags?post=902"}],"curies":[{"name":"wp","href":"https:\/\/api.w.org\/{rel}","templated":true}]}}